{"id":67994,"date":"2023-02-02T15:40:20","date_gmt":"2023-02-02T22:40:20","guid":{"rendered":"https:\/\/ovelanalista.com\/?p=67994"},"modified":"2023-02-02T15:06:10","modified_gmt":"2023-02-02T22:06:10","slug":"militares-se-ajustaron-al-reglamento-y-los-protocolos-de-san-lazaro","status":"publish","type":"post","link":"https:\/\/ovelanalista.com\/?p=67994","title":{"rendered":"Militares se ajustaron al reglamento y los protocolos de San L\u00e1zaro"},"content":{"rendered":"<p data-t=\"{&quot;n&quot;:&quot;blueLinks&quot;}\">La participaci\u00f3n de personal militar, en la ceremonia protocolaria por el inicio del segundo periodo ordinario de sesiones del\u00a0<a tabindex=\"0\" href=\"https:\/\/www.excelsior.com.mx\/camara-de-diputados\" target=\"_blank\" rel=\"noopener\" data-t=\"{&quot;n&quot;:&quot;destination&quot;,&quot;t&quot;:13,&quot;b&quot;:1,&quot;c.t&quot;:7}\">Congreso de la Uni\u00f3n,<\/a>\u00a0se ajust\u00f3 al reglamento y los protocolos de la\u00a0<strong>C\u00e1mara de Diputados<\/strong>, inform\u00f3 la Secretar\u00eda de la Defensa Nacional (Sedena).<\/p>\n<blockquote><p>La actuaci\u00f3n del personal militar, respetuoso de los Poderes de la Uni\u00f3n, se ajust\u00f3 al reglamento y los protocolos de la\u00a0<strong>C\u00e1mara de Diputados<\/strong>; as\u00ed como a la reglamentaci\u00f3n castrense, aspectos que fueron establecidos en la coordinaci\u00f3n previa\u201d, indic\u00f3 la dependencia, en un comunicado.<\/p><\/blockquote>\n<p data-t=\"{&quot;n&quot;:&quot;blueLinks&quot;}\">Ante el debate que se inici\u00f3 por la presencia de elementos armados del Ej\u00e9rcito Mexicano, en el recinto legislativo de San L\u00e1zaro, la dependencia explic\u00f3 que, como lo establece su reglamento, \u00e9ste cumpl\u00eda la funci\u00f3n de escoltar a la Bandera de Guerra.<\/p>\n<div class=\"article-clear-div\"><\/div>\n<blockquote><p>Cabe precisar que, la Bandera de Guerra de las Unidades del Ej\u00e9rcito y Fuerza A\u00e9rea Mexicanos, es custodiada permanentemente por personal militar armado, como s\u00edmbolo m\u00e1ximo de respeto e identidad nacional\u201d, detall\u00f3.<\/p><\/blockquote>\n<p data-t=\"{&quot;n&quot;:&quot;blueLinks&quot;}\">Agreg\u00f3 que, a partir de los acuerdos con representantes del \u00e1rea de Protocolo de la Mesa Directiva de la\u00a0<a tabindex=\"0\" href=\"https:\/\/www.excelsior.com.mx\/camara-de-diputados\" target=\"_blank\" rel=\"noopener\" data-t=\"{&quot;n&quot;:&quot;destination&quot;,&quot;t&quot;:13,&quot;b&quot;:1,&quot;c.t&quot;:7}\">C\u00e1mara de Diputados<\/a>, se determin\u00f3 como lugar del evento, el vest\u00edbulo del recinto legislativo para los honores a la bandera, en donde permaneci\u00f3 el personal armado.<\/p>\n<p data-t=\"{&quot;n&quot;:&quot;blueLinks&quot;}\">Mientras tanto, los integrantes de la Banda de M\u00fasica s\u00ed ingresaron al Sal\u00f3n de Plenos, para la entonaci\u00f3n del Himno Nacional, ya que sus elementos no portaban ning\u00fan tipo de armamento.<\/p>\n<div class=\"article-clear-div\"><\/div>\n<blockquote><p>Los honores al L\u00e1baro Patrio con la Escolta con Bandera de Guerra y Banda de Guerra portando su armamento org\u00e1nico en el vest\u00edbulo del recinto legislativo.<\/p><\/blockquote>\n<blockquote><p>La entonaci\u00f3n del\u00a0<strong>Himno Nacional Mexicano<\/strong>, con la Banda de M\u00fasica en el Sal\u00f3n de Plenos, misma que por la naturaleza de sus funciones, sus integrantes no portan armas\u201d, explic\u00f3 la Sedena.<\/p><\/blockquote>\n<p data-t=\"{&quot;n&quot;:&quot;blueLinks&quot;}\">La dependencia destac\u00f3 que su participaci\u00f3n en esta ceremonia protocolaria se deriv\u00f3 de una petici\u00f3n expresa de la Comisi\u00f3n de Defensa Nacional de la C\u00e1mara de Diputados y la coordinaci\u00f3n del personal de Protocolos.<\/p>\n<p class=\"continue-read-break\" data-t=\"{&quot;n&quot;:&quot;blueLinks&quot;}\">El personal militar particip\u00f3 con fundamento en el art\u00edculo primero, fracci\u00f3n IV de la Ley Org\u00e1nica del Ej\u00e9rcito y Fuerza A\u00e9rea Mexicanos, personal del Ej\u00e9rcito Mexicano, que dice: \u201cRealizar acciones c\u00edvicas y obras sociales que tiendan al progreso del pa\u00eds\u201d.<\/p>\n<p data-t=\"{&quot;n&quot;:&quot;blueLinks&quot;}\">La Sedena afirm\u00f3 que, con este tipo de eventos, el Ej\u00e9rcito y Fuerza A\u00e9rea Mexicanos patentizan su armoniosa disposici\u00f3n y respeto a los poderes e instituciones garantes del Estado Mexicano.<\/p>\n<p data-t=\"{&quot;n&quot;:&quot;blueLinks&quot;}\">\n<p data-t=\"{&quot;n&quot;:&quot;blueLinks&quot;}\">Con informaci\u00f3n de Excelsior<\/p>\n","protected":false},"excerpt":{"rendered":"<p>La participaci\u00f3n de personal militar, en la ceremonia protocolaria por el inicio del segundo periodo ordinario de sesiones del\u00a0Congreso de la Uni\u00f3n,\u00a0se ajust\u00f3 al reglamento y los protocolos de la\u00a0C\u00e1mara de Diputados, inform\u00f3 la Secretar\u00eda de la Defensa Nacional (Sedena). La actuaci\u00f3n del personal militar, respetuoso de los Poderes de la Uni\u00f3n, se ajust\u00f3 al reglamento y los protocolos de la\u00a0C\u00e1mara de Diputados; as\u00ed como a la reglamentaci\u00f3n castrense, aspectos que fueron establecidos en la coordinaci\u00f3n previa\u201d, indic\u00f3 la dependencia, en un comunicado. Ante el debate que se inici\u00f3 por la presencia de elementos armados del Ej\u00e9rcito Mexicano, en el [&hellip;]<\/p>\n","protected":false},"author":3,"featured_media":67997,"comment_status":"open","ping_status":"open","sticky":false,"template":"","format":"standard","meta":{"_jetpack_newsletter_access":"","_jetpack_dont_email_post_to_subs":false,"_jetpack_newsletter_tier_id":0,"_jetpack_memberships_contains_paywalled_content":false,"_jetpack_feature_clip_id":0,"_jetpack_memberships_contains_paid_content":false,"footnotes":"","jetpack_publicize_message":"","jetpack_publicize_feature_enabled":true,"jetpack_social_post_already_shared":true,"jetpack_social_options":{"image_generator_settings":{"template":"highway","default_image_id":0,"font":"","enabled":false},"version":2},"jetpack_post_was_ever_published":false},"categories":[75,72],"tags":[],"class_list":["post-67994","post","type-post","status-publish","format-standard","has-post-thumbnail","hentry","category-nacional","category-portada","post--single"],"jetpack_publicize_connections":[],"jetpack_featured_media_url":"https:\/\/ovelanalista.com\/wp-content\/uploads\/2023\/02\/MILITARES.jpeg","jetpack_sharing_enabled":true,"_links":{"self":[{"href":"https:\/\/ovelanalista.com\/index.php?rest_route=\/wp\/v2\/posts\/67994","targetHints":{"allow":["GET"]}}],"collection":[{"href":"https:\/\/ovelanalista.com\/index.php?rest_route=\/wp\/v2\/posts"}],"about":[{"href":"https:\/\/ovelanalista.com\/index.php?rest_route=\/wp\/v2\/types\/post"}],"author":[{"embeddable":true,"href":"https:\/\/ovelanalista.com\/index.php?rest_route=\/wp\/v2\/users\/3"}],"replies":[{"embeddable":true,"href":"https:\/\/ovelanalista.com\/index.php?rest_route=%2Fwp%2Fv2%2Fcomments&post=67994"}],"version-history":[{"count":1,"href":"https:\/\/ovelanalista.com\/index.php?rest_route=\/wp\/v2\/posts\/67994\/revisions"}],"predecessor-version":[{"id":67998,"href":"https:\/\/ovelanalista.com\/index.php?rest_route=\/wp\/v2\/posts\/67994\/revisions\/67998"}],"wp:featuredmedia":[{"embeddable":true,"href":"https:\/\/ovelanalista.com\/index.php?rest_route=\/wp\/v2\/media\/67997"}],"wp:attachment":[{"href":"https:\/\/ovelanalista.com\/index.php?rest_route=%2Fwp%2Fv2%2Fmedia&parent=67994"}],"wp:term":[{"taxonomy":"category","embeddable":true,"href":"https:\/\/ovelanalista.com\/index.php?rest_route=%2Fwp%2Fv2%2Fcategories&post=67994"},{"taxonomy":"post_tag","embeddable":true,"href":"https:\/\/ovelanalista.com\/index.php?rest_route=%2Fwp%2Fv2%2Ftags&post=67994"}],"curies":[{"name":"wp","href":"https:\/\/api.w.org\/{rel}","templated":true}]}}