{"id":68007,"date":"2023-02-02T16:30:30","date_gmt":"2023-02-02T23:30:30","guid":{"rendered":"https:\/\/ovelanalista.com\/?p=68007"},"modified":"2023-02-02T15:15:08","modified_gmt":"2023-02-02T22:15:08","slug":"mas-de-2-mil-anos-le-llevaria-a-conductor-del-metro-cdmx-pagar-indemnizacion-de-260-mdp","status":"publish","type":"post","link":"https:\/\/ovelanalista.com\/?p=68007","title":{"rendered":"M\u00e1s de 2 mil a\u00f1os le llevar\u00eda a conductor del Metro CDMX pagar indemnizaci\u00f3n de 260 mdp"},"content":{"rendered":"<p data-t=\"{&quot;n&quot;:&quot;blueLinks&quot;}\">Despu\u00e9s de que la\u00a0<b>Fiscal\u00eda General de Justicia de la Ciudad de M\u00e9xico (FGJ-CDMX)<\/b>\u00a0vincul\u00f3 a proceso al\u00a0<b>conductor<\/b>\u00a0de uno de los trenes accidentados en la\u00a0<b>L\u00ednea 3\u00a0<\/b>del\u00a0<b>Sistema de Transporte Colectivo Metro (STCM)<\/b>, este le pidi\u00f3 una\u00a0<b>indemnizaci\u00f3n de m\u00e1s de 200 millones de pesos.<\/b><\/p>\n<p data-t=\"{&quot;n&quot;:&quot;blueLinks&quot;}\"><b>Carlos Alfredo \u2018N\u2019<\/b>\u00a0fue\u00a0<b>vinculado a proceso\u00a0<\/b>por los\u00a0<b>delitos de homicidio y lesiones culposas<\/b>, despu\u00e9s de que\u00a0<b>una joven perdiera la vida\u00a0<\/b>y\u00a0<b>varios pasajeros resultaran heridos<\/b>\u00a0el pasado 7 de enero entre las estaciones\u00a0<b>Potrero y La Raza\u00a0<\/b>de la<b>\u00a0L\u00ednea 3\u00a0<\/b>del\u00a0<b>Metro de la CDMX.<\/b><\/p>\n<h2 class=\"article-sub-heading\">Metro CDMX exige indemnizaci\u00f3n millonaria al conductor<\/h2>\n<p data-t=\"{&quot;n&quot;:&quot;blueLinks&quot;}\">Para reparar los da\u00f1os,\u00a0<b>el Metro le exigi\u00f3 a Carlos Alfredo \u2018N\u2019 260 millones de pesos<\/b>, una millonaria cantidad como\u00a0<b>indemnizaci\u00f3n<\/b>\u00a0despu\u00e9s del\u00a0<b>accidente<\/b>, pues la<b>\u00a0investigaci\u00f3n de la FGJ-CDMX,<\/b>\u00a0determin\u00f3 que\u00a0<b>una de las causas<\/b><b>\u00a0fue la mala conducci\u00f3n del convoy.<\/b><\/p>\n<p data-t=\"{&quot;n&quot;:&quot;blueLinks&quot;}\">Mientras que el\u00a0<b>Gobierno de la Ciudad de M\u00e9xico<\/b>\u00a0le exigi\u00f3 a la\u00a0<b>defensa<\/b>\u00a0<b>del conductor del Metro<\/b>\u00a0<b>125 millones de pesos adicionales<\/b>\u00a0para\u00a0<b>indemnizar a los usuarios\u00a0<\/b>que resultaron<b>\u00a0lesionados durante el choque de los trenes en la L\u00ednea 3.<\/b><\/p>\n<h2 class=\"article-sub-heading\">\u00bfCu\u00e1ntos a\u00f1os de trabajo se necesitan para pagar la indemnizaci\u00f3n?<\/h2>\n<p data-t=\"{&quot;n&quot;:&quot;blueLinks&quot;}\">Un\u00a0<b>conductor del Metro<\/b>\u00a0tiene un\u00a0<b>sueldo promedio<\/b>\u00a0de entre siete y\u00a0<b>10 mil pesos mensuales,<\/b>\u00a0de acuerdo con informaci\u00f3n p\u00fablica de\u00a0<a tabindex=\"0\" href=\"https:\/\/datamexico.org\/es\/profile\/occupation\/conductores-de-transporte-en-vias-ferreas-tren-metro-y-tren-ligero#:~:text=La%20fuerza%20laboral%20de%20Conductores,49.1%20horas%20a%20la%20semana.\" target=\"_blank\" rel=\"noopener\" data-t=\"{&quot;n&quot;:&quot;destination&quot;,&quot;t&quot;:13,&quot;b&quot;:1,&quot;c.t&quot;:7}\">Conductores de Transporte en V\u00edas F\u00e9rreas (Tren, Metro y Tren Ligero)<\/a>\u00a0de\u00a0<a tabindex=\"0\" href=\"https:\/\/datamexico.org\/\" target=\"_blank\" rel=\"noopener\" data-t=\"{&quot;n&quot;:&quot;destination&quot;,&quot;t&quot;:13,&quot;b&quot;:1,&quot;c.t&quot;:7}\">Data M\u00e9xico<\/a>.<\/p>\n<p class=\"continue-read-break\" data-t=\"{&quot;n&quot;:&quot;blueLinks&quot;}\">Con un\u00a0<b>salario mensual de 10 mil pesos<\/b>\u00a0por laborar como\u00a0<b>chofer<\/b>\u00a0de este tipo de veh\u00edculos de transporte p\u00fablico,\u00a0<b>en 12 meses se tendr\u00eda un promedio de 120 mil pesos<\/b>, por lo que\u00a0<b>un conductor deber\u00eda de trabajar aproximadamente 2 mil 166 a\u00f1os de su vida\u00a0<\/b>para obtener una ganancia de<b>\u00a0260 mdp.<\/b><\/p>\n<div class=\"article-clear-div\"><\/div>\n<div class=\"article-image-slot\" data-image-href=\"https:\/\/www.msn.com\/es-mx\/noticias\/mexico\/m%C3%A1s-de-2-mil-a%C3%B1os-le-llevar%C3%ADa-a-conductor-del-metro-cdmx-pagar-indemnizaci%C3%B3n-de-260-mdp\/ar-AA172Ipq?cvid=142afdc79c5d4b36863be7dc7d74a0ab&amp;fullscreen=true#image=2\" data-doc-id=\"cms\/api\/amp\/image\/AA16bGkD\" data-rendered=\"true\">\n<div class=\"article-image-container   \" data-t=\"{&quot;n&quot;:&quot;OpenModal&quot;,&quot;t&quot;:13}\">\n<div style=\"width: 778px\" class=\"wp-caption alignnone\"><a class=\"article-image-height-wrapper\" href=\"https:\/\/www.msn.com\/es-mx\/noticias\/mexico\/m%C3%A1s-de-2-mil-a%C3%B1os-le-llevar%C3%ADa-a-conductor-del-metro-cdmx-pagar-indemnizaci%C3%B3n-de-260-mdp\/ar-AA172Ipq?cvid=142afdc79c5d4b36863be7dc7d74a0ab&amp;fullscreen=true#image=2\" data-t=\"{&quot;n&quot;:&quot;destination&quot;,&quot;t&quot;:14,&quot;b&quot;:1,&quot;c.t&quot;:14}\"><img loading=\"lazy\" decoding=\"async\" class=\"article-image \" tabindex=\"0\" title=\"L\u00ednea 12 del Metro CDMX. Foto: @GCalderon_Metro\" src=\"https:\/\/img-s-msn-com.akamaized.net\/tenant\/amp\/entityid\/AA16bGkD.img?w=768&amp;h=512&amp;m=6\" alt=\"L\u00ednea 12 del Metro CDMX. Foto: @GCalderon_Metro\" width=\"768\" height=\"512\" \/><\/a><p class=\"wp-caption-text\">L\u00ednea 12 del Metro CDMX. Foto: @GCalderon_Metro\u00a9\u00a0Proporcionado por Publimetro<\/p><\/div>\n<div class=\"image-caption-container   content-small-text \"><\/div>\n<\/div>\n<\/div>\n<p data-t=\"{&quot;n&quot;:&quot;blueLinks&quot;}\">Mientras que\u00a0<b>para pagar la indemnizaci\u00f3n de 125 mdp<\/b>\u00a0que se piden para los\u00a0<b>afectados en el choque de los trenes<\/b>, con el mismo\u00a0<b>sueldo de 10 mil pesos<\/b>\u00a0y la\u00a0<b>ganancia por un a\u00f1o<\/b>, se necesitar\u00edan aproximadamente\u00a0<b>mil 40 a\u00f1os de trabajo.<\/b><\/p>\n<p data-t=\"{&quot;n&quot;:&quot;blueLinks&quot;}\">\n<p data-t=\"{&quot;n&quot;:&quot;blueLinks&quot;}\">Con informaci\u00f3n de Publimetro<\/p>\n","protected":false},"excerpt":{"rendered":"<p>Despu\u00e9s de que la\u00a0Fiscal\u00eda General de Justicia de la Ciudad de M\u00e9xico (FGJ-CDMX)\u00a0vincul\u00f3 a proceso al\u00a0conductor\u00a0de uno de los trenes accidentados en la\u00a0L\u00ednea 3\u00a0del\u00a0Sistema de Transporte Colectivo Metro (STCM), este le pidi\u00f3 una\u00a0indemnizaci\u00f3n de m\u00e1s de 200 millones de pesos. Carlos Alfredo \u2018N\u2019\u00a0fue\u00a0vinculado a proceso\u00a0por los\u00a0delitos de homicidio y lesiones culposas, despu\u00e9s de que\u00a0una joven perdiera la vida\u00a0y\u00a0varios pasajeros resultaran heridos\u00a0el pasado 7 de enero entre las estaciones\u00a0Potrero y La Raza\u00a0de la\u00a0L\u00ednea 3\u00a0del\u00a0Metro de la CDMX. Metro CDMX exige indemnizaci\u00f3n millonaria al conductor Para reparar los da\u00f1os,\u00a0el Metro le exigi\u00f3 a Carlos Alfredo \u2018N\u2019 260 millones de pesos, una millonaria [&hellip;]<\/p>\n","protected":false},"author":3,"featured_media":68009,"comment_status":"open","ping_status":"open","sticky":false,"template":"","format":"standard","meta":{"_jetpack_newsletter_access":"","_jetpack_dont_email_post_to_subs":false,"_jetpack_newsletter_tier_id":0,"_jetpack_memberships_contains_paywalled_content":false,"_jetpack_feature_clip_id":0,"_jetpack_memberships_contains_paid_content":false,"footnotes":"","jetpack_publicize_message":"","jetpack_publicize_feature_enabled":true,"jetpack_social_post_already_shared":true,"jetpack_social_options":{"image_generator_settings":{"template":"highway","default_image_id":0,"font":"","enabled":false},"version":2},"jetpack_post_was_ever_published":false},"categories":[75,72],"tags":[],"class_list":["post-68007","post","type-post","status-publish","format-standard","has-post-thumbnail","hentry","category-nacional","category-portada","post--single"],"jetpack_publicize_connections":[],"jetpack_featured_media_url":"https:\/\/ovelanalista.com\/wp-content\/uploads\/2023\/02\/METRO.jpeg","jetpack_sharing_enabled":true,"_links":{"self":[{"href":"https:\/\/ovelanalista.com\/index.php?rest_route=\/wp\/v2\/posts\/68007","targetHints":{"allow":["GET"]}}],"collection":[{"href":"https:\/\/ovelanalista.com\/index.php?rest_route=\/wp\/v2\/posts"}],"about":[{"href":"https:\/\/ovelanalista.com\/index.php?rest_route=\/wp\/v2\/types\/post"}],"author":[{"embeddable":true,"href":"https:\/\/ovelanalista.com\/index.php?rest_route=\/wp\/v2\/users\/3"}],"replies":[{"embeddable":true,"href":"https:\/\/ovelanalista.com\/index.php?rest_route=%2Fwp%2Fv2%2Fcomments&post=68007"}],"version-history":[{"count":1,"href":"https:\/\/ovelanalista.com\/index.php?rest_route=\/wp\/v2\/posts\/68007\/revisions"}],"predecessor-version":[{"id":68010,"href":"https:\/\/ovelanalista.com\/index.php?rest_route=\/wp\/v2\/posts\/68007\/revisions\/68010"}],"wp:featuredmedia":[{"embeddable":true,"href":"https:\/\/ovelanalista.com\/index.php?rest_route=\/wp\/v2\/media\/68009"}],"wp:attachment":[{"href":"https:\/\/ovelanalista.com\/index.php?rest_route=%2Fwp%2Fv2%2Fmedia&parent=68007"}],"wp:term":[{"taxonomy":"category","embeddable":true,"href":"https:\/\/ovelanalista.com\/index.php?rest_route=%2Fwp%2Fv2%2Fcategories&post=68007"},{"taxonomy":"post_tag","embeddable":true,"href":"https:\/\/ovelanalista.com\/index.php?rest_route=%2Fwp%2Fv2%2Ftags&post=68007"}],"curies":[{"name":"wp","href":"https:\/\/api.w.org\/{rel}","templated":true}]}}