{"id":68012,"date":"2023-02-03T09:13:00","date_gmt":"2023-02-03T16:13:00","guid":{"rendered":"https:\/\/ovelanalista.com\/?p=68012"},"modified":"2023-02-03T09:13:00","modified_gmt":"2023-02-03T16:13:00","slug":"la-crisis-en-el-pri-se-va-osorio-o-alito","status":"publish","type":"post","link":"https:\/\/ovelanalista.com\/?p=68012","title":{"rendered":"La crisis en el PRI\u2026 Se va Osorio o Alito?"},"content":{"rendered":"<p><strong>TRANSICION<\/strong><\/p>\n<p>La tolerancia llegar\u00e1 a tal nivel que las personas inteligentes tendr\u00e1n prohibido pensar para no ofender a los imb\u00e9ciles\u201d. Frase de Fi\u00f3dor Dostoyeski.<\/p>\n<p><strong>Oswaldo Villase\u00f1or<\/strong><\/p>\n<p>Dicen que el enfermo agrava su salud antes de aliviarse, o bien, mejora su salud antes de morir. En cual de los dos casos se encuentra El PRI?<br \/>\nEn Sinaloa de repente entran rachas de ansiedad entre los priistas para que se d\u00e9 la elecci\u00f3n del nuevo dirigente, pero cuando se observa el conflicto nacional que se trae este partido y su dirigente nacional Alito Moreno, se entiende por que por lo pronto, aqu\u00ed no hay para cuando.<br \/>\nY al ver el nuevo raund que protagonizan Alejandro Moreno y Miguel \u00c1ngel Osorio Chong, queda claro que ambos no caben en el mismo PRI -o si?- y surge una pregunta obligada. Cual de los dos se ir\u00e1 o lo invitar\u00e1n a que se vaya?<br \/>\nO si cabe la posibilidad de que se arreglen? Eso es lo que est\u00e1 por verse.<br \/>\n1.-Ayer llam\u00f3 la atenci\u00f3n la jugada que se avent\u00f3 Alito, aun cuando se quiera ver c\u00f3mo algo ajeno. Eruviel Alonso, l\u00edder de Movimiento Territorial del PRI, en asamblea del Consejo Pol\u00edtico Nacional, solicit\u00f3 la expulsi\u00f3n del Senador Miguel \u00c1ngel Osorio Chong. Desde luego tal petici\u00f3n se turn\u00f3 a la Comisi\u00f3n de Honor y Justicia del partido para que haga la investigaci\u00f3n correspondiente y emita un fallo. Hay motivo para expulsar a Osorio Chong o no hay motivo?<br \/>\n2.-El \u00faltimo caso sonado que acapar\u00f3 atenci\u00f3n a nivel nacional fue el del actual embajador de Mexico en Espa\u00f1a y ex gobernador de Sinaloa Quirino Ord\u00e1z a quien se acus\u00f3 de traici\u00f3n al partido por haber entregado la gubernatura a Morena. Sea verdad o infundada la raz\u00f3n, lo real es que Alito desde entonces mand\u00f3 un mensaje muy al estilo Andr\u00e9s Manuel. \u201cEst\u00e1n conmigo o contra mi\u201d.<br \/>\nEvidentemente Quirino y Alito se hab\u00edan distanciado. Adem\u00e1s, Alejandro Moreno se quit\u00f3 de encima a un personaje que le pudo haber hecho contrapeso. Quirino Ya est\u00e1 aniquilado en la lucha interna pri\u00edsta.<br \/>\nEse ser\u00e1 el destino de Miguel Angel Osorio Chong?. Eso es lo que est\u00e1 por verse.<br \/>\n3.-Lo que si, es que los encontronazos entre Alito y Osorio subieron de tono el pasado mi\u00e9rcoles, cuando Alito sin ser invitado a la reuni\u00f3n plenaria del Senado, se present\u00f3 y Osorio y su gente -Dos nada m\u00e1s- se salieron del recinto legislativo. Con Alito se quedaron 8 Senadores. Las cuentas ya est\u00e1n echadas.<br \/>\nDesde ese momento, se empez\u00f3 a soltar la versi\u00f3n de que Osorio deber\u00eda ser removido de la Coordinaci\u00f3n del Senado, pues es evidente que ya no coordina a los Senadores. Osorio luci\u00f3 d\u00e9bil ante Alito.<br \/>\n4.-Con las cuentas echadas,no extra\u00f1a que la apuesta haya subido y no quede solo en el cambio de coordinador, sino ahora se pida la expulsi\u00f3n de Osorio de las filas del mismo partido. Y lo ir\u00e1n a expulsar?<br \/>\nEso es lo que est\u00e1 por verse.<br \/>\n5.-Por lo pronto ayer, fue d\u00eda de intercambio de misivas o cartas entre Osorio y Alito. Ambos refrendaron su vocaci\u00f3n pri\u00edsta y sus ganas de sentarse a dialogar. Lo ir\u00e1n a hacer con ganas de ponerse de acuerdo?<br \/>\nQuien sabe, pero de que el PRI est\u00e1 en un momento clave, lo est\u00e1. Una eventual salida de Osorio dejar\u00eda a Alito como el due\u00f1o \u00fanico del partido.<br \/>\nLos ex gobernadores que pudieron su salida, estar\u00edan viendo el fracaso de su petici\u00f3n y el PRI iniciar\u00eda su reducci\u00f3n a quedar del tama\u00f1o del Verde o del PRD, pero tambi\u00e9n con due\u00f1o como estos partidos.<br \/>\nAlito les estar\u00eda ganando la careada y garantizar\u00eda ser \u00e9l y nadie m\u00e1s \u00e9l , quien reparta las Pluris que es para lo \u00fanico que le alcanzar\u00eda en el 2024.<br \/>\nEn fin, el pleito por el bot\u00edn, contin\u00faa en el PRI y como dice la biblia. Y a\u00fan se ver\u00e1n cosas peores.<br \/>\nHabr\u00e1 que estar pendientes.<br \/>\nPASO A PASITO.-El gober Rocha tiene gira de trabajo por Culiacan y Mazatl\u00e1n el d\u00eda de hoy. Desde luego la que llama la atenci\u00f3n es la que har\u00e1 por Mazatlan.<br \/>\nAll\u00e1 dar\u00e1 el banderazo de salida de 15 camiones recolectores de basura y m\u00e1s tarde encabezar\u00e1 el famoso Coctelazo con el cual Mazatl\u00e1n intentar\u00e1 romper un r\u00e9cord Ginnes.<br \/>\nPero tambi\u00e9n ma\u00f1ana, ah\u00ed en Mazatl\u00e1n, el Senador Morenista,Raul Elenes dar\u00e1 su informe de labores legislativos y el invitado de honor es su l\u00edder Ricardo Monreal quien desde luego pudiera llegar desde hoy al puerto.<br \/>\nLe dar\u00e1 Rocha el mismo trato que a Era Claudia o a Es Adan Augusto.<br \/>\nEso ser\u00e1 lo interesante ver.<br \/>\nA Rocha se le ubica como seguidor de Ricardo a quien le debe la gubernatura.<br \/>\nVeremos dijo el ciego.<br \/>\nOTRO PASITO.-El alcalde de Ahome, Gerardo Vargas acall\u00f3 rumores sobre su estado de salud.<br \/>\nDijo que muchos le preguntan y se preguntan porque est\u00e1 tan delgado o a qu\u00e9 obedece su p\u00e9rdida de peso.<br \/>\nDej\u00f3 en claro que se encuentra bien de salud. Incluso a amigos cercanos ha mostrado diversos estudios cl\u00ednicos que se hace de manera constante despu\u00e9s de su operaci\u00f3n y en ellos dice que est\u00e1 al cien.<br \/>\nPero si quieren saber porque estoy delgado, dijo Gerardo, se los voy a decir. \u201cEs que ando de novio\u201d<br \/>\nDesde luego el auditorio presente solt\u00f3 la carcajada ante la salida y broma del alcalde.<br \/>\nLo cierto es que acall\u00f3 rumores sobre su estado de salud. Dice que est\u00e1 muy bien.<\/p>\n","protected":false},"excerpt":{"rendered":"<p>TRANSICION La tolerancia llegar\u00e1 a tal nivel que las personas inteligentes tendr\u00e1n prohibido pensar para no ofender a los imb\u00e9ciles\u201d. Frase de Fi\u00f3dor Dostoyeski. Oswaldo Villase\u00f1or Dicen que el enfermo agrava su salud antes de aliviarse, o bien, mejora su salud antes de morir. En cual de los dos casos se encuentra El PRI? En Sinaloa de repente entran rachas de ansiedad entre los priistas para que se d\u00e9 la elecci\u00f3n del nuevo dirigente, pero cuando se observa el conflicto nacional que se trae este partido y su dirigente nacional Alito Moreno, se entiende por que por lo pronto, aqu\u00ed [&hellip;]<\/p>\n","protected":false},"author":3,"featured_media":18820,"comment_status":"open","ping_status":"open","sticky":false,"template":"","format":"standard","meta":{"_jetpack_newsletter_access":"","_jetpack_dont_email_post_to_subs":false,"_jetpack_newsletter_tier_id":0,"_jetpack_memberships_contains_paywalled_content":false,"_jetpack_feature_clip_id":0,"_jetpack_memberships_contains_paid_content":false,"footnotes":"","jetpack_publicize_message":"","jetpack_publicize_feature_enabled":true,"jetpack_social_post_already_shared":true,"jetpack_social_options":{"image_generator_settings":{"template":"highway","default_image_id":0,"font":"","enabled":false},"version":2},"jetpack_post_was_ever_published":false},"categories":[96],"tags":[],"class_list":["post-68012","post","type-post","status-publish","format-standard","has-post-thumbnail","hentry","category-te-cuento-una-historia","post--single"],"jetpack_publicize_connections":[],"jetpack_featured_media_url":"https:\/\/ovelanalista.com\/wp-content\/uploads\/2022\/02\/transicion.jpeg","jetpack_sharing_enabled":true,"_links":{"self":[{"href":"https:\/\/ovelanalista.com\/index.php?rest_route=\/wp\/v2\/posts\/68012","targetHints":{"allow":["GET"]}}],"collection":[{"href":"https:\/\/ovelanalista.com\/index.php?rest_route=\/wp\/v2\/posts"}],"about":[{"href":"https:\/\/ovelanalista.com\/index.php?rest_route=\/wp\/v2\/types\/post"}],"author":[{"embeddable":true,"href":"https:\/\/ovelanalista.com\/index.php?rest_route=\/wp\/v2\/users\/3"}],"replies":[{"embeddable":true,"href":"https:\/\/ovelanalista.com\/index.php?rest_route=%2Fwp%2Fv2%2Fcomments&post=68012"}],"version-history":[{"count":1,"href":"https:\/\/ovelanalista.com\/index.php?rest_route=\/wp\/v2\/posts\/68012\/revisions"}],"predecessor-version":[{"id":68013,"href":"https:\/\/ovelanalista.com\/index.php?rest_route=\/wp\/v2\/posts\/68012\/revisions\/68013"}],"wp:featuredmedia":[{"embeddable":true,"href":"https:\/\/ovelanalista.com\/index.php?rest_route=\/wp\/v2\/media\/18820"}],"wp:attachment":[{"href":"https:\/\/ovelanalista.com\/index.php?rest_route=%2Fwp%2Fv2%2Fmedia&parent=68012"}],"wp:term":[{"taxonomy":"category","embeddable":true,"href":"https:\/\/ovelanalista.com\/index.php?rest_route=%2Fwp%2Fv2%2Fcategories&post=68012"},{"taxonomy":"post_tag","embeddable":true,"href":"https:\/\/ovelanalista.com\/index.php?rest_route=%2Fwp%2Fv2%2Ftags&post=68012"}],"curies":[{"name":"wp","href":"https:\/\/api.w.org\/{rel}","templated":true}]}}