{"id":68190,"date":"2023-02-07T10:20:22","date_gmt":"2023-02-07T17:20:22","guid":{"rendered":"https:\/\/ovelanalista.com\/?p=68190"},"modified":"2023-02-07T10:11:55","modified_gmt":"2023-02-07T17:11:55","slug":"mexico-envia-ayuda-humanitaria-a-turquia-tras-fuerte-terremoto","status":"publish","type":"post","link":"https:\/\/ovelanalista.com\/?p=68190","title":{"rendered":"M\u00e9xico env\u00eda ayuda humanitaria a Turqu\u00eda tras fuerte terremoto"},"content":{"rendered":"<p data-t=\"{&quot;n&quot;:&quot;blueLinks&quot;}\">Poco despu\u00e9s de las 7:33 horas de este martes 7 de febrero, un avi\u00f3n de la Fuerza A\u00e9rea Mexicana con ayuda humanitaria parti\u00f3 rumbo a Turqu\u00eda desde el Aeropuerto Internacional Felipe \u00c1ngeles (AIFA), con el objetivo de apoyar en las labores de rescate tras el fuerte terremoto de magnitud 7.8.<\/p>\n<p data-t=\"{&quot;n&quot;:&quot;blueLinks&quot;}\">A trav\u00e9s de sus redes sociales, el secretario de Relaciones Exteriores (SRE), Marcelo Ebrard, comparti\u00f3 el momento del despegue del avi\u00f3n de apoyo de M\u00e9xico a las v\u00edctimas del poderoso terremoto de magnitud 7.8 que se registr\u00f3 entre el sur de Turqu\u00eda y el noroeste de Siria.<\/p>\n<p class=\"continue-read-break\" data-t=\"{&quot;n&quot;:&quot;blueLinks&quot;}\">De acuerdo con Marcelo Ebrard, abordo va personal de la Secretar\u00eda de la Defensa Nacional, elementos de la Secretar\u00eda de Marina, Cruz Roja Mexicana, Protecci\u00f3n Civil, la Secretar\u00eda de Relaciones Exteriores (SRE) y 16 caninos entrenados en labores de rescate y cuya misi\u00f3n es salvar vidas.<\/p>\n<p data-t=\"{&quot;n&quot;:&quot;blueLinks&quot;}\">El abordaje de los equipos de rescate mexicanos enviados se llev\u00f3 a cabo durante las primeras horas de esta ma\u00f1ana, luego de que se concluyera la carga de equipos m\u00e9dicos, alimentos, as\u00ed como otros objetos de apoyo a las v\u00edctimas.<\/p>\n<p data-t=\"{&quot;n&quot;:&quot;blueLinks&quot;}\">Horas antes el canciller mexicano hab\u00eda anunciado que, por instrucciones del presidente Andr\u00e9s Manuel L\u00f3pez Obrador (AMLO) saldr\u00eda en las pr\u00f3ximas horas un avi\u00f3n de la Fuerza A\u00e9rea Mexicana con equipos y especialistas de rescate luego del fuerte sismo.<\/p>\n<p data-t=\"{&quot;n&quot;:&quot;blueLinks&quot;}\">\n<p data-t=\"{&quot;n&quot;:&quot;blueLinks&quot;}\">Con informaci\u00f3n de Adn40<\/p>\n","protected":false},"excerpt":{"rendered":"<p>Poco despu\u00e9s de las 7:33 horas de este martes 7 de febrero, un avi\u00f3n de la Fuerza A\u00e9rea Mexicana con ayuda humanitaria parti\u00f3 rumbo a Turqu\u00eda desde el Aeropuerto Internacional Felipe \u00c1ngeles (AIFA), con el objetivo de apoyar en las labores de rescate tras el fuerte terremoto de magnitud 7.8. A trav\u00e9s de sus redes sociales, el secretario de Relaciones Exteriores (SRE), Marcelo Ebrard, comparti\u00f3 el momento del despegue del avi\u00f3n de apoyo de M\u00e9xico a las v\u00edctimas del poderoso terremoto de magnitud 7.8 que se registr\u00f3 entre el sur de Turqu\u00eda y el noroeste de Siria. De acuerdo con [&hellip;]<\/p>\n","protected":false},"author":3,"featured_media":68192,"comment_status":"open","ping_status":"open","sticky":false,"template":"","format":"standard","meta":{"_jetpack_newsletter_access":"","_jetpack_dont_email_post_to_subs":false,"_jetpack_newsletter_tier_id":0,"_jetpack_memberships_contains_paywalled_content":false,"_jetpack_feature_clip_id":0,"_jetpack_memberships_contains_paid_content":false,"footnotes":"","jetpack_publicize_message":"","jetpack_publicize_feature_enabled":true,"jetpack_social_post_already_shared":true,"jetpack_social_options":{"image_generator_settings":{"template":"highway","default_image_id":0,"font":"","enabled":false},"version":2},"jetpack_post_was_ever_published":false},"categories":[89,75,72],"tags":[],"class_list":["post-68190","post","type-post","status-publish","format-standard","has-post-thumbnail","hentry","category-internacional","category-nacional","category-portada","post--single"],"jetpack_publicize_connections":[],"jetpack_featured_media_url":"https:\/\/ovelanalista.com\/wp-content\/uploads\/2023\/02\/Me\u0301xico.jpeg","jetpack_sharing_enabled":true,"_links":{"self":[{"href":"https:\/\/ovelanalista.com\/index.php?rest_route=\/wp\/v2\/posts\/68190","targetHints":{"allow":["GET"]}}],"collection":[{"href":"https:\/\/ovelanalista.com\/index.php?rest_route=\/wp\/v2\/posts"}],"about":[{"href":"https:\/\/ovelanalista.com\/index.php?rest_route=\/wp\/v2\/types\/post"}],"author":[{"embeddable":true,"href":"https:\/\/ovelanalista.com\/index.php?rest_route=\/wp\/v2\/users\/3"}],"replies":[{"embeddable":true,"href":"https:\/\/ovelanalista.com\/index.php?rest_route=%2Fwp%2Fv2%2Fcomments&post=68190"}],"version-history":[{"count":1,"href":"https:\/\/ovelanalista.com\/index.php?rest_route=\/wp\/v2\/posts\/68190\/revisions"}],"predecessor-version":[{"id":68193,"href":"https:\/\/ovelanalista.com\/index.php?rest_route=\/wp\/v2\/posts\/68190\/revisions\/68193"}],"wp:featuredmedia":[{"embeddable":true,"href":"https:\/\/ovelanalista.com\/index.php?rest_route=\/wp\/v2\/media\/68192"}],"wp:attachment":[{"href":"https:\/\/ovelanalista.com\/index.php?rest_route=%2Fwp%2Fv2%2Fmedia&parent=68190"}],"wp:term":[{"taxonomy":"category","embeddable":true,"href":"https:\/\/ovelanalista.com\/index.php?rest_route=%2Fwp%2Fv2%2Fcategories&post=68190"},{"taxonomy":"post_tag","embeddable":true,"href":"https:\/\/ovelanalista.com\/index.php?rest_route=%2Fwp%2Fv2%2Ftags&post=68190"}],"curies":[{"name":"wp","href":"https:\/\/api.w.org\/{rel}","templated":true}]}}