{"id":68191,"date":"2023-02-07T10:30:32","date_gmt":"2023-02-07T17:30:32","guid":{"rendered":"https:\/\/ovelanalista.com\/?p=68191"},"modified":"2023-02-07T10:13:33","modified_gmt":"2023-02-07T17:13:33","slug":"loret-de-mola-amlo-dejara-una-bomba-de-tiempo-economica-con-las-pensiones-de-adultos-mayores","status":"publish","type":"post","link":"https:\/\/ovelanalista.com\/?p=68191","title":{"rendered":"Loret de Mola: AMLO dejar\u00e1 una bomba de tiempo econ\u00f3mica con las pensiones de adultos mayores"},"content":{"rendered":"<p>M\u00e9xico.- El periodista\u00a0<strong>Carlos Loret de Mola\u00a0<\/strong>advirti\u00f3 que el presidente Andr\u00e9s Manuel L\u00f3pez Obrador (<strong>AMLO<\/strong>) dejar\u00e1 una<strong>\u00a0&#8220;bomba de tiempo econ\u00f3mica&#8221; con las pensiones de adultos mayores<\/strong>, la cual podr\u00eda estallarle a quien lo suceda en la presidencia.<\/p>\n<p>En su columna publicada este martes 7 de febrero,\u00a0<a tabindex=\"0\" href=\"https:\/\/www.debate.com.mx\/carlos-loret-de-mola-t645124\" target=\"_blank\" rel=\"noopener\" data-t=\"{&quot;n&quot;:&quot;destination&quot;,&quot;t&quot;:13,&quot;b&quot;:1,&quot;c.t&quot;:7}\">Loret de Mola<\/a>\u00a0expuso que hay dos grandes desaf\u00edos ante la\u00a0<strong>bomba de tiempo econ\u00f3mica que AMLO dejar\u00e1<\/strong>: el primero, que\u00a0<strong>tendr\u00e1 que aumentar el presupuesto<\/strong>\u00a0destinado a los programas sociales de apoyo a los adultos mayores y el presupuesto al sector salud para atender las enfermedades asociadas con la edad.<\/p>\n<p data-t=\"{&quot;n&quot;:&quot;blueLinks&quot;}\">&#8220;El presidente L\u00f3pez Obrador est\u00e1 de salida y concentrado en la sucesi\u00f3n. En la recta final de su administraci\u00f3n hay varias &#8216;bombas de tiempo&#8217;\u00a0que, si no le estallan a \u00e9l, terminar\u00e1n por estallarle a su sucesor(a) (&#8230;)\u00a0<strong>La bomba de tiempo econ\u00f3mica son las pensiones.<\/strong>\u00a0La explicaci\u00f3n es bastante sencilla y no requiere ser un especialista para entenderla.\u00a0<strong>La poblaci\u00f3n est\u00e1 envejeciendo: hay m\u00e1s viejos que j\u00f3venes<\/strong>&#8220;, explic\u00f3 Loret.<\/p>\n<p>&nbsp;<\/p>\n<p class=\"continue-read-break\" data-t=\"{&quot;n&quot;:&quot;blueLinks&quot;}\">El otro gran reto ser\u00e1 el alto costo que tendr\u00e1 que pagar el\u00a0<a tabindex=\"0\" href=\"https:\/\/www.debate.com.mx\/seccion\/politica\/\" target=\"_blank\" rel=\"noopener\" data-t=\"{&quot;n&quot;:&quot;destination&quot;,&quot;t&quot;:13,&quot;b&quot;:1,&quot;c.t&quot;:7}\">gobierno federal<\/a>\u00a0en el futuro para cubrir las pensiones de todas las personas que se van a retirar de<strong>\u00a0Pemex, CFE y el sector p\u00fablico<\/strong>, aunado a las pensiones del sector privado. &#8220;As\u00ed como est\u00e1n las cosas, con el dinero de las Afores cayendo en picada,\u00a0<strong>pr\u00e1cticamente toda la gente va a preferir retirarse usando la vieja ley del IMSS<\/strong>\u00a0porque casi nadie tendr\u00e1 en sus cuentas individuales suficiente dinero para vivir&#8221;, advirti\u00f3 el columnista.<\/p>\n<p class=\"\" data-t=\"{&quot;n&quot;:&quot;blueLinks&quot;}\">El panorama se complica a\u00fan m\u00e1s considerando que el\u00a0<strong>gobierno de AMLO tiene cada vez menos ingresos y una menor inversi\u00f3n p\u00fablica<\/strong>. Como ejemplo, Loret de Mola explic\u00f3 que el gobierno sol\u00eda invertir cerca de 80 mil millones de pesos al a\u00f1o en infraestructura de carreteras, mientras que ahora invierte apenas una tercera parte de esa cifra.<\/p>\n<p class=\"\" data-t=\"{&quot;n&quot;:&quot;blueLinks&quot;}\">&#8220;<strong>El problema es que el gobierno no tiene dinero y no se ve de d\u00f3nde lo pueda sacar<\/strong>: cada vez tiene menos ingresos por el petr\u00f3leo y con bajo o nulo crecimiento econ\u00f3mico recauda menos impuestos. Esto se vuelve un\u00a0<strong>c\u00edrculo vicioso<\/strong>\u00a0porque deja de haber dinero para la inversi\u00f3n p\u00fablica y esto frena a\u00fan m\u00e1s la econom\u00eda: en esa misma d\u00e9cada, la inversi\u00f3n p\u00fablica ha ca\u00eddo m\u00e1s o menos a la mitad de lo que era&#8221;, expuso el periodista.<\/p>\n<p class=\"\" data-t=\"{&quot;n&quot;:&quot;blueLinks&quot;}\">&#8220;Si esta bomba no le estalla a L\u00f3pez Obrador es porque la reubicaci\u00f3n de f\u00e1bricas (nearshoring) puede retardar el efecto\u2026 y a ver a qui\u00e9n le explota&#8221;, concluy\u00f3 Loret de Mola sobre la bomba de tiempo econ\u00f3mica de AMLO.<\/p>\n<p data-t=\"{&quot;n&quot;:&quot;blueLinks&quot;}\">\n<p data-t=\"{&quot;n&quot;:&quot;blueLinks&quot;}\">Con informaci\u00f3n de El Debate<\/p>\n","protected":false},"excerpt":{"rendered":"<p>M\u00e9xico.- El periodista\u00a0Carlos Loret de Mola\u00a0advirti\u00f3 que el presidente Andr\u00e9s Manuel L\u00f3pez Obrador (AMLO) dejar\u00e1 una\u00a0&#8220;bomba de tiempo econ\u00f3mica&#8221; con las pensiones de adultos mayores, la cual podr\u00eda estallarle a quien lo suceda en la presidencia. En su columna publicada este martes 7 de febrero,\u00a0Loret de Mola\u00a0expuso que hay dos grandes desaf\u00edos ante la\u00a0bomba de tiempo econ\u00f3mica que AMLO dejar\u00e1: el primero, que\u00a0tendr\u00e1 que aumentar el presupuesto\u00a0destinado a los programas sociales de apoyo a los adultos mayores y el presupuesto al sector salud para atender las enfermedades asociadas con la edad. &#8220;El presidente L\u00f3pez Obrador est\u00e1 de salida y concentrado [&hellip;]<\/p>\n","protected":false},"author":3,"featured_media":68195,"comment_status":"open","ping_status":"open","sticky":false,"template":"","format":"standard","meta":{"_jetpack_newsletter_access":"","_jetpack_dont_email_post_to_subs":false,"_jetpack_newsletter_tier_id":0,"_jetpack_memberships_contains_paywalled_content":false,"_jetpack_feature_clip_id":0,"_jetpack_memberships_contains_paid_content":false,"footnotes":"","jetpack_publicize_message":"","jetpack_publicize_feature_enabled":true,"jetpack_social_post_already_shared":true,"jetpack_social_options":{"image_generator_settings":{"template":"highway","default_image_id":0,"font":"","enabled":false},"version":2},"jetpack_post_was_ever_published":false},"categories":[75,72],"tags":[],"class_list":["post-68191","post","type-post","status-publish","format-standard","has-post-thumbnail","hentry","category-nacional","category-portada","post--single"],"jetpack_publicize_connections":[],"jetpack_featured_media_url":"https:\/\/ovelanalista.com\/wp-content\/uploads\/2023\/02\/AMLO_LORET.jpeg","jetpack_sharing_enabled":true,"_links":{"self":[{"href":"https:\/\/ovelanalista.com\/index.php?rest_route=\/wp\/v2\/posts\/68191","targetHints":{"allow":["GET"]}}],"collection":[{"href":"https:\/\/ovelanalista.com\/index.php?rest_route=\/wp\/v2\/posts"}],"about":[{"href":"https:\/\/ovelanalista.com\/index.php?rest_route=\/wp\/v2\/types\/post"}],"author":[{"embeddable":true,"href":"https:\/\/ovelanalista.com\/index.php?rest_route=\/wp\/v2\/users\/3"}],"replies":[{"embeddable":true,"href":"https:\/\/ovelanalista.com\/index.php?rest_route=%2Fwp%2Fv2%2Fcomments&post=68191"}],"version-history":[{"count":1,"href":"https:\/\/ovelanalista.com\/index.php?rest_route=\/wp\/v2\/posts\/68191\/revisions"}],"predecessor-version":[{"id":68196,"href":"https:\/\/ovelanalista.com\/index.php?rest_route=\/wp\/v2\/posts\/68191\/revisions\/68196"}],"wp:featuredmedia":[{"embeddable":true,"href":"https:\/\/ovelanalista.com\/index.php?rest_route=\/wp\/v2\/media\/68195"}],"wp:attachment":[{"href":"https:\/\/ovelanalista.com\/index.php?rest_route=%2Fwp%2Fv2%2Fmedia&parent=68191"}],"wp:term":[{"taxonomy":"category","embeddable":true,"href":"https:\/\/ovelanalista.com\/index.php?rest_route=%2Fwp%2Fv2%2Fcategories&post=68191"},{"taxonomy":"post_tag","embeddable":true,"href":"https:\/\/ovelanalista.com\/index.php?rest_route=%2Fwp%2Fv2%2Ftags&post=68191"}],"curies":[{"name":"wp","href":"https:\/\/api.w.org\/{rel}","templated":true}]}}