{"id":68194,"date":"2023-02-07T10:40:29","date_gmt":"2023-02-07T17:40:29","guid":{"rendered":"https:\/\/ovelanalista.com\/?p=68194"},"modified":"2023-02-07T10:15:28","modified_gmt":"2023-02-07T17:15:28","slug":"amlo-insiste-en-cabotaje-y-defiende-capacidad-de-carga-de-aifa","status":"publish","type":"post","link":"https:\/\/ovelanalista.com\/?p=68194","title":{"rendered":"AMLO insiste en cabotaje y defiende capacidad de carga de AIFA"},"content":{"rendered":"<p data-t=\"{&quot;n&quot;:&quot;blueLinks&quot;}\">El\u00a0<strong>presidente Andr\u00e9s Manuel L\u00f3pez Obrador<\/strong>\u00a0volvi\u00f3 a insistir en implementar como medida el cabotaje y defendi\u00f3 la capacidad de carga del\u00a0<strong>Aeropuerto Internacional Felipe \u00c1ngeles (AIFA)<\/strong>\u00a0ante el cierre del\u00a0<strong>Aeropuerto Internacional de la Ciudad de M\u00e9xico (AICM)<\/strong>\u00a0a este tipo de actividades.<\/p>\n<p data-t=\"{&quot;n&quot;:&quot;blueLinks&quot;}\">El traslado a\u00a0<strong>Santa Luc\u00eda<\/strong>\u00a0busca orientar el crecimiento poblacional hacia\u00a0<strong>Hidalgo,<\/strong>\u00a0ya que hay viabilidad en el norte porque hay\u00a0<strong>suelo y agua<\/strong>, apunt\u00f3 el mandatario este martes durante la conferencia de prensa matutina en\u00a0<strong>Palacio Nacional.<\/strong><\/p>\n<p data-t=\"{&quot;n&quot;:&quot;blueLinks&quot;}\">En cambio, sostuvo, la actual terminal capitalina saturar\u00eda el oriente de la\u00a0<strong>CDMX<\/strong>, \u201cdonde no hay agua, donde no hay posibilidad de crecimiento urbano\u201d<\/p>\n<p data-t=\"{&quot;n&quot;:&quot;blueLinks&quot;}\">Asegur\u00f3 que el acuerdo se tom\u00f3 sin imponer, ante la saturaci\u00f3n del AICM. Detall\u00f3 que, debido a ello, empresas est\u00e1n buscando instalarse hacia\u00a0<strong>Pachuca<\/strong>\u00a0para utilizar a la nueva terminal.<\/p>\n<p data-t=\"{&quot;n&quot;:&quot;blueLinks&quot;}\">Por \u00faltimo, reiter\u00f3 que el AIFA tiene una capacidad para el doble que la terminal capitalina. Sin embargo, apunt\u00f3 que se tienen que resolver los problemas de congestionamiento vial. Aclar\u00f3 esto debido a que la medida que cierra el AICM a las operaciones de carga, y ha dado como resultado que se trasladen al AIFA, ha recibido diversas cr\u00edticas por diversas organizaciones.<\/p>\n<p class=\"continue-read-break\" data-t=\"{&quot;n&quot;:&quot;blueLinks&quot;}\">El pasado 25 de enero, la\u00a0<strong>Asociaci\u00f3n Internacional de Transporte A\u00e9reo(IATA<\/strong>\u00a0por sus siglas en ingl\u00e9s) rechaz\u00f3 el cambio, ya que sostuvo que se debe implementar un plan de transici\u00f3n conjunto para facilitar el traslado. Adem\u00e1s, la\u00a0<strong>C\u00e1mara Nacional de Aerotransportes (CANAERO)<\/strong>\u00a0ha se\u00f1alado que se necesitar\u00e1 un periodo m\u00e1s largo de tiempo para realizar el traslado. Asimismo, se han expresado preocupaciones por el impacto que tendr\u00eda en las comercializaciones.<\/p>\n<p class=\"\" data-t=\"{&quot;n&quot;:&quot;blueLinks&quot;}\">En 2022, el aeropuerto capitalino recibi\u00f3 en promedio\u00a0<strong>250 mil toneladas<\/strong>\u00a0en aviones dedicados a esta actividad. El AIFA cuenta con una capacidad instalada para recibir\u00a0<strong>443 mil toneladas al a\u00f1o<\/strong>, dio a conocer por medio de un video que fue presentado este martes durante la conferencia de prensa matutina en\u00a0<strong>Palacio Nacional.<\/strong><\/p>\n<p class=\"\" data-t=\"{&quot;n&quot;:&quot;blueLinks&quot;}\">La terminal de carga tiene una superficie de 345 mil metros cuadrados, equivalente a 48 canchas de futbol. Cuenta con un recinto fiscalizado estrat\u00e9gico, 12 fiscalizados autorizados y dos almacenes de carga dom\u00e9stica. A esto se suma un patio regulador y uno de traspaleo.<\/p>\n<p class=\"\" data-t=\"{&quot;n&quot;:&quot;blueLinks&quot;}\">El recinto estrat\u00e9gico, de 21 metros cuadrados, soporta\u00a0<strong>20 mil toneladas actualmente<\/strong>, con una proyecci\u00f3n a 5 meses de hasta 120 mil toneladas de cualquier tipo de mercanc\u00eda, ya que cuenta con una c\u00e1mara de refrigeraci\u00f3n y congelaci\u00f3n. Igualmente, tiene un sistema biom\u00e9trico que permite el control de acceso.<\/p>\n<p class=\"\" data-t=\"{&quot;n&quot;:&quot;blueLinks&quot;}\">Por su parte, los recintos fiscalizados autorizados, de 62 mil 400 metros cuadrados, puede manejar\u00a0<strong>423 mil toneladas.<\/strong>\u00a0De estos, 4 se encuentran certificados y equipados para operar, mientras que el resto lo har\u00e1n \u201cuna vez que las empresas adjudicadas realicen los tr\u00e1mites y equipamiento correspondientes\u201d.<\/p>\n<div class=\"article-clear-div\"><\/div>\n<p class=\"\" data-t=\"{&quot;n&quot;:&quot;blueLinks&quot;}\">Seg\u00fan el gobierno, en el futuro se podr\u00e1 ampliar su capacidad a\u00a0<strong>3 millones de toneladas<\/strong>\u00a0de mercanc\u00edas al a\u00f1o.<\/p>\n<p class=\"\" data-t=\"{&quot;n&quot;:&quot;blueLinks&quot;}\">A su vez, el patio de traspaelo dispone de dos plataformas para las mercanc\u00edas, mientras que el regulador cuenta con\u00a0<strong>90 cajones de estacionamientos<\/strong>\u00a0para veh\u00edculos de transporte.<\/p>\n<p class=\"\" data-t=\"{&quot;n&quot;:&quot;blueLinks&quot;}\">A partir del pr\u00f3ximo 13 de febrero, tendr\u00e1 6 frecuencias semanales de carga por parte de\u00a0<strong>Viva Aerob\u00fas.<\/strong>\u00a0Igualmente,\u00a0<strong>Cargojet<\/strong>\u00a0implementar\u00e1 a partir del 28 de febrero, la misma cantidad para trasladar desde\u00a0<strong>Estados Unidos<\/strong>. Por \u00faltimo, a partir del 26 de marzo\u00a0<strong>Ethiopian<\/strong>\u00a0realizar\u00e1n 2 frecuencias semanales desde\u00a0<strong>Espa\u00f1a.<\/strong><\/p>\n<p class=\"\" data-t=\"{&quot;n&quot;:&quot;blueLinks&quot;}\">En el campo militar hay una terminal de pasajeros, una base a\u00e9rea militar y una de operaciones mixtas (FBO), as\u00ed como una terminal de carga. La primera puede transportar hasta mil millones de usuarios. Cuenta con 28 posiciones de contacto y 12 remotas, as\u00ed como 5 de semicontacto. Con esto se pueden atender hasta 45 aeronaves de manera simult\u00e1nea.<\/p>\n<p class=\"\" data-t=\"{&quot;n&quot;:&quot;blueLinks&quot;}\"><strong>Cabotaje<\/strong><\/p>\n<p class=\"\" data-t=\"{&quot;n&quot;:&quot;blueLinks&quot;}\">L\u00f3pez Obrador explic\u00f3 que se est\u00e1 analizando si se implementar\u00e1 la medida del\u00a0<strong>cabotaje,<\/strong>\u00a0pero aclar\u00f3 que a\u00fan no est\u00e1 decidido. Sin embargo, a\u00f1adi\u00f3 que est\u00e1n dando los primeros pasos con la orden sobre el uso de aeropuertos para abordar la saturaci\u00f3n del AICM.<\/p>\n<p class=\"\" data-t=\"{&quot;n&quot;:&quot;blueLinks&quot;}\">\u201cTodav\u00eda no est\u00e1 decidido eso. No existe ninguna iniciativa de ley en ese sentido\u201d, declar\u00f3.<\/p>\n<p class=\"\" data-t=\"{&quot;n&quot;:&quot;blueLinks&quot;}\">Esto despu\u00e9s de que la comunidad a\u00e9rea advirtiera que la iniciativa podr\u00eda\u00a0<strong>perjudicar a la aviaci\u00f3n mexicana,<\/strong>\u00a0ya que permitir\u00eda abrir el espacio a\u00e9reo mexicano para aerol\u00edneas extranjeras y que estas puedan operar desde cualquier lugar del mundo a M\u00e9xico utilizando las rutas de las empresas locales.<\/p>\n<p class=\"\" data-t=\"{&quot;n&quot;:&quot;blueLinks&quot;}\"><strong>Te puede interesar &gt;\u00a0<\/strong><a tabindex=\"0\" href=\"https:\/\/aristeguinoticias.com\/0602\/mexico\/cabotaje-no-desplazara-a-trabajadores-amlo\/\" target=\"_blank\" rel=\"noopener\" data-t=\"{&quot;n&quot;:&quot;destination&quot;,&quot;t&quot;:13,&quot;b&quot;:1,&quot;c.t&quot;:7}\">Cabotaje no desplazar\u00e1 a trabajadores: AMLO<\/a><\/p>\n<p class=\"\" data-t=\"{&quot;n&quot;:&quot;blueLinks&quot;}\">El mandatario aclar\u00f3 que antes de tomar la decisi\u00f3n, se inaugurar\u00e1 la nueva l\u00ednea mexicana de aviaci\u00f3n. Adelant\u00f3 que este a\u00f1o podr\u00eda comenzar sus actividades dicha aerol\u00ednea.<\/p>\n<p class=\"\" data-t=\"{&quot;n&quot;:&quot;blueLinks&quot;}\">\u201cSi vemos que con eso equilibramos para que no cueste tanto el boleto de avi\u00f3n, si se equilibra, entonces a lo mejor ya no har\u00eda falta abrir para que haya competencia y bajen los precios\u201d, asever\u00f3.<\/p>\n<p class=\"\" data-t=\"{&quot;n&quot;:&quot;blueLinks&quot;}\">En el \u00faltimo d\u00eda del periodo legislativo de este 2022, L\u00f3pez Obrador present\u00f3 una iniciativa para reformar la\u00a0<strong>Ley de Aviaci\u00f3n<\/strong>\u00a0que permitir\u00eda abrir el espacio a\u00e9reo mexicano para aerol\u00edneas extranjeras y que estas puedan operar desde cualquier lugar del mundo a M\u00e9xico utilizando las rutas de las empresas locales. Adem\u00e1s, incorpora la figura de asignaci\u00f3n, que facilitar\u00eda la operaci\u00f3n de una aerol\u00ednea oficial.<\/p>\n<div class=\"article-clear-div\"><\/div>\n<div class=\"article-image-slot\" data-image-href=\"https:\/\/www.msn.com\/es-mx\/noticias\/mexico\/amlo-insiste-en-cabotaje-y-defiende-capacidad-de-carga-de-aifa\/ar-AA17d1aG?cvid=931012c56e344253ab9828852f785187&amp;fullscreen=true#image=3\" data-doc-id=\"cms\/api\/amp\/image\/AA17dfiA\" data-rendered=\"true\">\n<div class=\"article-image-container   \" data-t=\"{&quot;n&quot;:&quot;OpenModal&quot;,&quot;t&quot;:13}\"><a class=\"article-image-height-wrapper\" href=\"https:\/\/www.msn.com\/es-mx\/noticias\/mexico\/amlo-insiste-en-cabotaje-y-defiende-capacidad-de-carga-de-aifa\/ar-AA17d1aG?cvid=931012c56e344253ab9828852f785187&amp;fullscreen=true&amp;crc=true#image=3\" target=\"_self\" data-t=\"{&quot;n&quot;:&quot;destination&quot;,&quot;t&quot;:14,&quot;b&quot;:1,&quot;c.t&quot;:14}\" rel=\"noopener\"><img decoding=\"async\" class=\"article-image \" tabindex=\"0\" title=\"AMLO insiste en cabotaje y defiende capacidad de carga de AIFA\" src=\"https:\/\/img-s-msn-com.akamaized.net\/tenant\/amp\/entityid\/AA17dfiA.img?w=700&amp;h=438&amp;m=6\" alt=\"AMLO insiste en cabotaje y defiende capacidad de carga de AIFA\" \/><\/a><\/p>\n<div class=\"image-caption-container   content-small-text \"><span class=\"image-caption\">AMLO insiste en cabotaje y defiende capacidad de carga de AIFA<\/span><span class=\"image-attribution \">\u00a9\u00a0Proporcionado por Aristegui Noticias<\/span><\/div>\n<\/div>\n<\/div>\n<p class=\"\" data-t=\"{&quot;n&quot;:&quot;blueLinks&quot;}\">La propuesta caus\u00f3 revuelo entre la comunidad a\u00e9rea, que desaprob\u00f3 y mostr\u00f3 su descontento ante la propuesta, ya que afirmaron que se trata de una pr\u00e1ctica que denominaron cabotaje, la cual est\u00e1 prohibida en varios pa\u00edses del mundo porque puede afectar la competencia para la aviaci\u00f3n nacional..<\/p>\n<p class=\"\" data-t=\"{&quot;n&quot;:&quot;blueLinks&quot;}\">El pasado 1 de febrero, la<strong>\u00a0Uni\u00f3n Nacional de Trabajadores (UNT)<\/strong>\u00a0convoc\u00f3 a una marcha contra la iniciativa, en la que tambi\u00e9n participaron los pilotos de la\u00a0<strong>Asociaci\u00f3n Sindical de Pilotos Aviadores (ASPA).<\/strong><\/p>\n<p class=\"\" data-t=\"{&quot;n&quot;:&quot;blueLinks&quot;}\">En contraste, L\u00f3pez Obrador ha sostenido en varias ocasiones que la legislaci\u00f3n busca reducir el costo de los boletos, ante los altos precios de las aerol\u00edneas nacionales.<\/p>\n<p data-t=\"{&quot;n&quot;:&quot;blueLinks&quot;}\">\n<p data-t=\"{&quot;n&quot;:&quot;blueLinks&quot;}\">\n<p data-t=\"{&quot;n&quot;:&quot;blueLinks&quot;}\">Con informaci\u00f3n de Aristegui Noticias<\/p>\n","protected":false},"excerpt":{"rendered":"<p>El\u00a0presidente Andr\u00e9s Manuel L\u00f3pez Obrador\u00a0volvi\u00f3 a insistir en implementar como medida el cabotaje y defendi\u00f3 la capacidad de carga del\u00a0Aeropuerto Internacional Felipe \u00c1ngeles (AIFA)\u00a0ante el cierre del\u00a0Aeropuerto Internacional de la Ciudad de M\u00e9xico (AICM)\u00a0a este tipo de actividades. El traslado a\u00a0Santa Luc\u00eda\u00a0busca orientar el crecimiento poblacional hacia\u00a0Hidalgo,\u00a0ya que hay viabilidad en el norte porque hay\u00a0suelo y agua, apunt\u00f3 el mandatario este martes durante la conferencia de prensa matutina en\u00a0Palacio Nacional. En cambio, sostuvo, la actual terminal capitalina saturar\u00eda el oriente de la\u00a0CDMX, \u201cdonde no hay agua, donde no hay posibilidad de crecimiento urbano\u201d Asegur\u00f3 que el acuerdo se tom\u00f3 sin [&hellip;]<\/p>\n","protected":false},"author":3,"featured_media":68198,"comment_status":"open","ping_status":"open","sticky":false,"template":"","format":"standard","meta":{"_jetpack_newsletter_access":"","_jetpack_dont_email_post_to_subs":false,"_jetpack_newsletter_tier_id":0,"_jetpack_memberships_contains_paywalled_content":false,"_jetpack_feature_clip_id":0,"_jetpack_memberships_contains_paid_content":false,"footnotes":"","jetpack_publicize_message":"","jetpack_publicize_feature_enabled":true,"jetpack_social_post_already_shared":true,"jetpack_social_options":{"image_generator_settings":{"template":"highway","default_image_id":0,"font":"","enabled":false},"version":2},"jetpack_post_was_ever_published":false},"categories":[75,72],"tags":[],"class_list":["post-68194","post","type-post","status-publish","format-standard","has-post-thumbnail","hentry","category-nacional","category-portada","post--single"],"jetpack_publicize_connections":[],"jetpack_featured_media_url":"https:\/\/ovelanalista.com\/wp-content\/uploads\/2023\/02\/Avio\u0301n.jpeg","jetpack_sharing_enabled":true,"_links":{"self":[{"href":"https:\/\/ovelanalista.com\/index.php?rest_route=\/wp\/v2\/posts\/68194","targetHints":{"allow":["GET"]}}],"collection":[{"href":"https:\/\/ovelanalista.com\/index.php?rest_route=\/wp\/v2\/posts"}],"about":[{"href":"https:\/\/ovelanalista.com\/index.php?rest_route=\/wp\/v2\/types\/post"}],"author":[{"embeddable":true,"href":"https:\/\/ovelanalista.com\/index.php?rest_route=\/wp\/v2\/users\/3"}],"replies":[{"embeddable":true,"href":"https:\/\/ovelanalista.com\/index.php?rest_route=%2Fwp%2Fv2%2Fcomments&post=68194"}],"version-history":[{"count":1,"href":"https:\/\/ovelanalista.com\/index.php?rest_route=\/wp\/v2\/posts\/68194\/revisions"}],"predecessor-version":[{"id":68199,"href":"https:\/\/ovelanalista.com\/index.php?rest_route=\/wp\/v2\/posts\/68194\/revisions\/68199"}],"wp:featuredmedia":[{"embeddable":true,"href":"https:\/\/ovelanalista.com\/index.php?rest_route=\/wp\/v2\/media\/68198"}],"wp:attachment":[{"href":"https:\/\/ovelanalista.com\/index.php?rest_route=%2Fwp%2Fv2%2Fmedia&parent=68194"}],"wp:term":[{"taxonomy":"category","embeddable":true,"href":"https:\/\/ovelanalista.com\/index.php?rest_route=%2Fwp%2Fv2%2Fcategories&post=68194"},{"taxonomy":"post_tag","embeddable":true,"href":"https:\/\/ovelanalista.com\/index.php?rest_route=%2Fwp%2Fv2%2Ftags&post=68194"}],"curies":[{"name":"wp","href":"https:\/\/api.w.org\/{rel}","templated":true}]}}