{"id":68197,"date":"2023-02-07T10:50:51","date_gmt":"2023-02-07T17:50:51","guid":{"rendered":"https:\/\/ovelanalista.com\/?p=68197"},"modified":"2023-02-07T10:16:54","modified_gmt":"2023-02-07T17:16:54","slug":"capturan-a-hermano-de-rafael-caro-quintero-en-cdmx","status":"publish","type":"post","link":"https:\/\/ovelanalista.com\/?p=68197","title":{"rendered":"Capturan a hermano de Rafael Caro Quintero en CDMX"},"content":{"rendered":"<p data-t=\"{&quot;n&quot;:&quot;blueLinks&quot;}\">La polic\u00eda de la Ciudad de M\u00e9xico captur\u00f3 a Carlos Caro Quintero, hermano del narcotraficante Rafael Caro Quintero, l\u00edder del C\u00e1rtel del Pac\u00edfico.<\/p>\n<p data-t=\"{&quot;n&quot;:&quot;blueLinks&quot;}\">El hombre de 61 a\u00f1os fue detectado durante patrullajes en la colonia Lomas de Chapultepec, alcald\u00eda Miguel Hidalgo. Viajaba a bordo de una camioneta de lujo, con las placas cubiertas.<\/p>\n<p data-t=\"{&quot;n&quot;:&quot;blueLinks&quot;}\">Al realizarle una revisi\u00f3n se le asegur\u00f3 un arma de fuego corta, cuatro cargadores y 33 cartuchos \u00fatiles, as\u00ed como un paquete con ocho kilos de marihuana y 124 dosis de coca\u00edna.<\/p>\n<p data-t=\"{&quot;n&quot;:&quot;blueLinks&quot;}\">El detenido, originario de Badiraguato, Sinaloa, es identificado como miembro del C\u00e1rtel del Pac\u00edfico.<\/p>\n<p data-t=\"{&quot;n&quot;:&quot;blueLinks&quot;}\">La polic\u00eda inform\u00f3 que Carlos Caro Quintero cuenta con antecedentes penales en los estado de Jalisco en el a\u00f1o 2019 y Durango en el a\u00f1o 2022; por portaci\u00f3n de arma de fuego y por generar esc\u00e1ndalo en la v\u00eda p\u00fablica, respectivamente.<\/p>\n<p data-t=\"{&quot;n&quot;:&quot;blueLinks&quot;}\">Ser\u00e1 presentado ante ministerio p\u00fablico por el arma y droga y ah\u00ed se determinar\u00e1 si cuenta con otros procesos pendientes ante la justicia.<\/p>\n<p data-t=\"{&quot;n&quot;:&quot;blueLinks&quot;}\">Rafael Caro Quintero fue recapturado en julio del a\u00f1o pasado, durante un operativo de fuerzas especiales en el tri\u00e1ngulo dorado.<\/p>\n<p data-t=\"{&quot;n&quot;:&quot;blueLinks&quot;}\">Actualmente est\u00e1 preso mientras se desarrolla su proceso de extradici\u00f3n a Estados Unidos.<\/p>\n<p data-t=\"{&quot;n&quot;:&quot;blueLinks&quot;}\">\n<p data-t=\"{&quot;n&quot;:&quot;blueLinks&quot;}\">Con informaci\u00f3n de Aristegui Noticias<\/p>\n","protected":false},"excerpt":{"rendered":"<p>La polic\u00eda de la Ciudad de M\u00e9xico captur\u00f3 a Carlos Caro Quintero, hermano del narcotraficante Rafael Caro Quintero, l\u00edder del C\u00e1rtel del Pac\u00edfico. El hombre de 61 a\u00f1os fue detectado durante patrullajes en la colonia Lomas de Chapultepec, alcald\u00eda Miguel Hidalgo. Viajaba a bordo de una camioneta de lujo, con las placas cubiertas. Al realizarle una revisi\u00f3n se le asegur\u00f3 un arma de fuego corta, cuatro cargadores y 33 cartuchos \u00fatiles, as\u00ed como un paquete con ocho kilos de marihuana y 124 dosis de coca\u00edna. El detenido, originario de Badiraguato, Sinaloa, es identificado como miembro del C\u00e1rtel del Pac\u00edfico. La [&hellip;]<\/p>\n","protected":false},"author":3,"featured_media":68200,"comment_status":"open","ping_status":"open","sticky":false,"template":"","format":"standard","meta":{"_jetpack_newsletter_access":"","_jetpack_dont_email_post_to_subs":false,"_jetpack_newsletter_tier_id":0,"_jetpack_memberships_contains_paywalled_content":false,"_jetpack_feature_clip_id":0,"_jetpack_memberships_contains_paid_content":false,"footnotes":"","jetpack_publicize_message":"","jetpack_publicize_feature_enabled":true,"jetpack_social_post_already_shared":true,"jetpack_social_options":{"image_generator_settings":{"template":"highway","default_image_id":0,"font":"","enabled":false},"version":2},"jetpack_post_was_ever_published":false},"categories":[75,72],"tags":[],"class_list":["post-68197","post","type-post","status-publish","format-standard","has-post-thumbnail","hentry","category-nacional","category-portada","post--single"],"jetpack_publicize_connections":[],"jetpack_featured_media_url":"https:\/\/ovelanalista.com\/wp-content\/uploads\/2023\/02\/Capturan-a-hermano-de-Rafael-Caro-Quintero.jpeg","jetpack_sharing_enabled":true,"_links":{"self":[{"href":"https:\/\/ovelanalista.com\/index.php?rest_route=\/wp\/v2\/posts\/68197","targetHints":{"allow":["GET"]}}],"collection":[{"href":"https:\/\/ovelanalista.com\/index.php?rest_route=\/wp\/v2\/posts"}],"about":[{"href":"https:\/\/ovelanalista.com\/index.php?rest_route=\/wp\/v2\/types\/post"}],"author":[{"embeddable":true,"href":"https:\/\/ovelanalista.com\/index.php?rest_route=\/wp\/v2\/users\/3"}],"replies":[{"embeddable":true,"href":"https:\/\/ovelanalista.com\/index.php?rest_route=%2Fwp%2Fv2%2Fcomments&post=68197"}],"version-history":[{"count":1,"href":"https:\/\/ovelanalista.com\/index.php?rest_route=\/wp\/v2\/posts\/68197\/revisions"}],"predecessor-version":[{"id":68202,"href":"https:\/\/ovelanalista.com\/index.php?rest_route=\/wp\/v2\/posts\/68197\/revisions\/68202"}],"wp:featuredmedia":[{"embeddable":true,"href":"https:\/\/ovelanalista.com\/index.php?rest_route=\/wp\/v2\/media\/68200"}],"wp:attachment":[{"href":"https:\/\/ovelanalista.com\/index.php?rest_route=%2Fwp%2Fv2%2Fmedia&parent=68197"}],"wp:term":[{"taxonomy":"category","embeddable":true,"href":"https:\/\/ovelanalista.com\/index.php?rest_route=%2Fwp%2Fv2%2Fcategories&post=68197"},{"taxonomy":"post_tag","embeddable":true,"href":"https:\/\/ovelanalista.com\/index.php?rest_route=%2Fwp%2Fv2%2Ftags&post=68197"}],"curies":[{"name":"wp","href":"https:\/\/api.w.org\/{rel}","templated":true}]}}