{"id":68201,"date":"2023-02-07T11:00:40","date_gmt":"2023-02-07T18:00:40","guid":{"rendered":"https:\/\/ovelanalista.com\/?p=68201"},"modified":"2023-02-07T10:20:32","modified_gmt":"2023-02-07T17:20:32","slug":"plan-b-transformara-sistema-electoral-con-mas-intervencion-gubernamental-alerta-ine","status":"publish","type":"post","link":"https:\/\/ovelanalista.com\/?p=68201","title":{"rendered":"&#8216;Plan B&#8217; transformar\u00e1 sistema electoral con m\u00e1s intervenci\u00f3n gubernamental, alerta INE"},"content":{"rendered":"<p data-t=\"{&quot;n&quot;:&quot;blueLinks&quot;}\">El llamado\u00a0<em>Plan B<\/em>\u00a0de la reforma electoral busca generar un nuevo\u00a0modelo con reducci\u00f3n de tiempos y personal;<strong>\u00a0cambios en la fiscalizaci\u00f3n\u00a0<\/strong><strong>que volver\u00e1 m\u00e1s flexible el manejo del dinero en las campa\u00f1as<\/strong>; ajustes para que los servidores p\u00fablicos puedan intervenir en los procesos y hasta la intervenci\u00f3n de instancias del gobierno como la Secretar\u00eda de Relaciones Exteriores (SRE).<\/p>\n<blockquote class=\"twitter-tweet\" data-width=\"550\" data-dnt=\"true\">\n<p lang=\"es\" dir=\"ltr\">La equidad de las elecciones se ver\u00e1 afectada por el &quot;Plan B&quot; de la Reforma Electoral. Conoce c\u00f3mo \u2935\ufe0f. <a href=\"https:\/\/twitter.com\/hashtag\/YoTambi%C3%A9nSoyINE?src=hash&amp;ref_src=twsrc%5Etfw\">#YoTambi\u00e9nSoyINE<\/a> <a href=\"https:\/\/t.co\/8NOKNAnEGD\">pic.twitter.com\/8NOKNAnEGD<\/a><\/p>\n<p>&mdash; @INEMexico (@INEMexico) <a href=\"https:\/\/twitter.com\/INEMexico\/status\/1622779176666423297?ref_src=twsrc%5Etfw\">February 7, 2023<\/a><\/p><\/blockquote>\n<p><script async src=\"https:\/\/platform.twitter.com\/widgets.js\" charset=\"utf-8\"><\/script><\/p>\n<p data-t=\"{&quot;n&quot;:&quot;blueLinks&quot;}\">Estos son algunos de los riesgos que el Instituto Nacional Electoral (INE) ha\u00a0explicado, qu<strong>e transformar\u00edan el sistema electoral como actualmente se\u00a0<\/strong><strong>conoce<\/strong>, y que afecta la certeza de los procesos electorales, con cambios\u00a0que son regresivos y a su vez, provocar\u00edan mayor descontento en\u00a0los resultados llevando incluso a elevarse las exigencias para anular\u00a0elecciones en el 2024.<\/p>\n<div class=\"article-clear-div\"><\/div>\n<div>\n<h2 class=\"article-sub-heading\"><strong>Plan B propone reducir tiempo para capacitar a funcionarios de casilla<\/strong><\/h2>\n<p data-t=\"{&quot;n&quot;:&quot;blueLinks&quot;}\">M\u00e9xico se caracteriza por la participaci\u00f3n de la ciudadan\u00eda el d\u00eda de la\u00a0jornada electoral, con personas seleccionadas al azar y capacitadas para\u00a0contar los votos de sus vecinos, tras meses de preparaci\u00f3n y\u00a0procesos que<strong> finalmente las dio como las m\u00e1s id\u00f3neas.<\/strong><\/p>\n<p data-t=\"{&quot;n&quot;:&quot;blueLinks&quot;}\">Sin embargo, la reforma electoral propone reducir el n\u00famero de personas capacitadas y el tiempo para ello,\u00a0por lo que ahora,\u00a0quienes resulten sorteados con su mes de nacimiento y primera letra de\u00a0su apellido,\u00a0<strong>podr\u00edan no gozar del derecho de que se les capacite y\u00a0<\/strong><strong>participar en la jornada electoral.<\/strong><\/p>\n<p class=\"continue-read-break\" data-t=\"{&quot;n&quot;:&quot;blueLinks&quot;}\">El proceso electoral, el cual siempre ha iniciado el 1 de septiembre, se recorrer\u00edan a la \u00faltima semana de noviembre, lo que se empalmar\u00eda con los tiempos de precampa\u00f1as previstos actualmente y que ahora, tendr\u00edan que recorrerse a la \u00faltima semana de diciembre, es decir, en plenas fiestas decembrinas.<\/p>\n<p class=\"\" data-t=\"{&quot;n&quot;:&quot;blueLinks&quot;}\">Adem\u00e1s, para la selecci\u00f3n de las personas que integrar\u00e1n las mesas de\u00a0casilla, es decir, quienes recibir\u00e1n y contar\u00e1n los votos, as\u00ed como el\u00a0lugar en el que se instalar\u00e1n las casillas,<strong>\u00a0el proceso requiere muchos\u00a0<\/strong><strong>meses de trabajo.<\/strong><\/p>\n<p class=\"\" data-t=\"{&quot;n&quot;:&quot;blueLinks&quot;}\">Para esta labor se cuentan con Juntas locales y distritales que la reforma plantea que pasen de ser permanentes a s\u00f3lo auxiliares, y en el caso de las distritales propone en su art\u00edculo 61 instalarse el 30 de noviembre del a\u00f1o previo de la elecci\u00f3n, es decir, a la par de que inicie el proceso electoral, sin ninguna oportunidad de preparaci\u00f3n previa.<\/p>\n<p class=\"\" data-t=\"{&quot;n&quot;:&quot;blueLinks&quot;}\">Las Juntas Locales Ejecutivas actualmente se integran por un vocal\u00a0ejecutivo, uno de organizaci\u00f3n electoral; de capacitaci\u00f3n electoral y\u00a0educaci\u00f3n c\u00edvica; de Registro Federal de Electores y el vocal secretario.\u00a0El\u00a0llamado<em>\u00a0Plan B<\/em>\u00a0propone que s\u00f3lo sean tres y adem\u00e1s, las oficinas s\u00f3lo\u00a0podr\u00e1n ser una por cada distrito, lo que volver\u00eda casi imposible la labor\u00a0de identificaci\u00f3n de espacios para instalar casillas, gestionar las mejores\u00a0condiciones y garantizar que las personas que contar\u00e1n votos lleguen al\u00a0lugar correcto.<\/p>\n<p class=\"\" data-t=\"{&quot;n&quot;:&quot;blueLinks&quot;}\">Todo esto, de acuerdo con el nuevo plan, lo har\u00eda una sola persona, por lo\u00a0que el INE ha alertado que esta carga de trabajo casi imposible,\u00a0<strong>podr\u00eda derivar en que el d\u00eda de las elecciones no est\u00e9n instaladas todas\u00a0<\/strong><strong>las casillas<\/strong> y la ciudadan\u00eda no pueda votar.<\/p>\n<p class=\"\" data-t=\"{&quot;n&quot;:&quot;blueLinks&quot;}\">El art\u00edculo 61 del<em>\u00a0Plan B<\/em>\u00a0tambi\u00e9n plantea que todos los m\u00f3dulos de\u00a0atenci\u00f3n del INE, en los que se expiden las credenciales para votar,\u00a0deber\u00e1n reubicarse a \u201cbienes inmuebles de dominio p\u00fablicos de los\u00a0municipios, entidades federativas o de la Federaci\u00f3n\u201d, lo que involucra<strong>\u00a0al\u00a0<\/strong><strong>gobierno en el resguardo de los datos personales de la ciudadan\u00eda.<\/strong><\/p>\n<\/div>\n<div class=\"article-clear-div\">\n<h2 class=\"article-sub-heading\"><strong>SRE aprobar\u00eda padr\u00f3n de mexicanos que puedan votar desde el extranjero\u00a0<\/strong><\/h2>\n<p class=\"\" data-t=\"{&quot;n&quot;:&quot;blueLinks&quot;}\">Otro punto que el INE alerta que ser\u00eda regresivo al volver a permitir la\u00a0intervenci\u00f3n del gobierno, es que la reforma autoriza que sea la\u00a0Secretar\u00eda de Relaciones Exteriores y no el \u00f3rgano electoral, el cual\u00a0apruebe el padr\u00f3n de mexicanos que pueden votar desde el\u00a0extranjero.<\/p>\n<p class=\"\" data-t=\"{&quot;n&quot;:&quot;blueLinks&quot;}\">Adem\u00e1s, permite que cualquiera con pasaporte pueda participar, sin necesidad de tramitar una credencial, como tendr\u00edan que hacerlo radicando en territorio mexicano.<\/p>\n<p class=\"\" data-t=\"{&quot;n&quot;:&quot;blueLinks&quot;}\">La fiscalizaci\u00f3n tambi\u00e9n es un factor que genera preocupaci\u00f3n porque se\u00a0flexibiliza el reporte de gastos e ingresos de los partidos pol\u00edticos y\u00a0candidaturas en tiempo real, lo que consejeros del INE han acusado que\u00a0permitir\u00e1 que burlen la ley y maniobren sus cuentas.<\/p>\n<p class=\"\" data-t=\"{&quot;n&quot;:&quot;blueLinks&quot;}\">Adem\u00e1s, proh\u00edbe al INE\u00a0que la consecuencia de no reportar informes en precampa\u00f1a sea el\u00a0<strong>retiro del derecho a ser registrados como candidatos.<\/strong><\/p>\n<article>\n<div class=\"views-article-body articlePage_body-DS-EntryPoint1-1\" data-test-id=\"test-article\">\n<p class=\"\" data-t=\"{&quot;n&quot;:&quot;blueLinks&quot;}\">El INE lanz\u00f3 una campa\u00f1a en sus redes sociales en la que explica c\u00f3mo\u00a0es ahora el sistema electoral, c\u00f3mo ser\u00eda con la reforma y c\u00f3mo\u00a0afectar\u00eda en los derechos de la ciudadan\u00eda, por lo que, de aprobarse en\u00a0los pr\u00f3ximos d\u00edas,\u00a0<strong>ya alistan m\u00e1s acciones legales para frenar estos\u00a0<\/strong><strong>cambios e impedir que las campa\u00f1as presidenciales<\/strong>\u00a0se rijan bajo normas\u00a0m\u00e1s flexibles y con intervenci\u00f3n del gobierno.<\/p>\n<\/div>\n<div class=\"subscriptionPaywall\"><\/div>\n<\/article>\n<\/div>\n<div data-civicscience-widget=\"dc47b0af-1755-c124-4d1b-758f0eee9014\">Con informaci\u00f3n de Milenio<\/div>\n","protected":false},"excerpt":{"rendered":"<p>El llamado\u00a0Plan B\u00a0de la reforma electoral busca generar un nuevo\u00a0modelo con reducci\u00f3n de tiempos y personal;\u00a0cambios en la fiscalizaci\u00f3n\u00a0que volver\u00e1 m\u00e1s flexible el manejo del dinero en las campa\u00f1as; ajustes para que los servidores p\u00fablicos puedan intervenir en los procesos y hasta la intervenci\u00f3n de instancias del gobierno como la Secretar\u00eda de Relaciones Exteriores (SRE). La equidad de las elecciones se ver\u00e1 afectada por el &quot;Plan B&quot; de la Reforma Electoral. Conoce c\u00f3mo \u2935\ufe0f. #YoTambi\u00e9nSoyINE pic.twitter.com\/8NOKNAnEGD &mdash; @INEMexico (@INEMexico) February 7, 2023 Estos son algunos de los riesgos que el Instituto Nacional Electoral (INE) ha\u00a0explicado, que transformar\u00edan el sistema electoral [&hellip;]<\/p>\n","protected":false},"author":3,"featured_media":36700,"comment_status":"open","ping_status":"open","sticky":false,"template":"","format":"standard","meta":{"_jetpack_newsletter_access":"","_jetpack_dont_email_post_to_subs":false,"_jetpack_newsletter_tier_id":0,"_jetpack_memberships_contains_paywalled_content":false,"_jetpack_feature_clip_id":0,"_jetpack_memberships_contains_paid_content":false,"footnotes":"","jetpack_publicize_message":"","jetpack_publicize_feature_enabled":true,"jetpack_social_post_already_shared":true,"jetpack_social_options":{"image_generator_settings":{"template":"highway","default_image_id":0,"font":"","enabled":false},"version":2},"jetpack_post_was_ever_published":false},"categories":[75,72],"tags":[],"class_list":["post-68201","post","type-post","status-publish","format-standard","has-post-thumbnail","hentry","category-nacional","category-portada","post--single"],"jetpack_publicize_connections":[],"jetpack_featured_media_url":"https:\/\/ovelanalista.com\/wp-content\/uploads\/2022\/05\/casilla_amlo.jpeg","jetpack_sharing_enabled":true,"_links":{"self":[{"href":"https:\/\/ovelanalista.com\/index.php?rest_route=\/wp\/v2\/posts\/68201","targetHints":{"allow":["GET"]}}],"collection":[{"href":"https:\/\/ovelanalista.com\/index.php?rest_route=\/wp\/v2\/posts"}],"about":[{"href":"https:\/\/ovelanalista.com\/index.php?rest_route=\/wp\/v2\/types\/post"}],"author":[{"embeddable":true,"href":"https:\/\/ovelanalista.com\/index.php?rest_route=\/wp\/v2\/users\/3"}],"replies":[{"embeddable":true,"href":"https:\/\/ovelanalista.com\/index.php?rest_route=%2Fwp%2Fv2%2Fcomments&post=68201"}],"version-history":[{"count":1,"href":"https:\/\/ovelanalista.com\/index.php?rest_route=\/wp\/v2\/posts\/68201\/revisions"}],"predecessor-version":[{"id":68204,"href":"https:\/\/ovelanalista.com\/index.php?rest_route=\/wp\/v2\/posts\/68201\/revisions\/68204"}],"wp:featuredmedia":[{"embeddable":true,"href":"https:\/\/ovelanalista.com\/index.php?rest_route=\/wp\/v2\/media\/36700"}],"wp:attachment":[{"href":"https:\/\/ovelanalista.com\/index.php?rest_route=%2Fwp%2Fv2%2Fmedia&parent=68201"}],"wp:term":[{"taxonomy":"category","embeddable":true,"href":"https:\/\/ovelanalista.com\/index.php?rest_route=%2Fwp%2Fv2%2Fcategories&post=68201"},{"taxonomy":"post_tag","embeddable":true,"href":"https:\/\/ovelanalista.com\/index.php?rest_route=%2Fwp%2Fv2%2Ftags&post=68201"}],"curies":[{"name":"wp","href":"https:\/\/api.w.org\/{rel}","templated":true}]}}