{"id":68203,"date":"2023-02-07T11:10:57","date_gmt":"2023-02-07T18:10:57","guid":{"rendered":"https:\/\/ovelanalista.com\/?p=68203"},"modified":"2023-02-07T10:22:25","modified_gmt":"2023-02-07T17:22:25","slug":"sedena-informa-de-la-detencion-de-lideres-del-cartel-nuevo-imperio","status":"publish","type":"post","link":"https:\/\/ovelanalista.com\/?p=68203","title":{"rendered":"Sedena informa de la detenci\u00f3n de l\u00edderes del C\u00e1rtel Nuevo Imperio"},"content":{"rendered":"<p>Sedena informa de la detenci\u00f3n de l\u00edderes del C\u00e1rtel Nuevo Imperio El general Luis Cresencio Sandoval, titular de la Defensa Nacional (Sedena), inform\u00f3 este martes que elementos militares, de la Guardia Nacional (GN), con el apoyo de la Fiscal\u00eda General de la Rep\u00fablica (FGR), detuvieron a\u00a0<strong>dos l\u00edderes<\/strong>\u00a0del\u00a0<a tabindex=\"0\" href=\"https:\/\/www.eluniversal.com.mx\/tag\/cartel-nuevo-imperio\" target=\"_blank\" rel=\"noopener\" data-t=\"{&quot;n&quot;:&quot;destination&quot;,&quot;t&quot;:13,&quot;b&quot;:1,&quot;c.t&quot;:7}\"><strong>C\u00e1rtel Nuevo Imperio<\/strong><\/a>, organizaci\u00f3n considerada generadora de violencia en la Ciudad de M\u00e9xico y el Estado de M\u00e9xico.<\/p>\n<p data-t=\"{&quot;n&quot;:&quot;blueLinks&quot;}\">En el Informe del Gabinete de Seguridad en la conferencia de prensa matutina del presidente Andr\u00e9s Manuel L\u00f3pez Obrador, el secretario detall\u00f3 que los detenidos son el segundo al mando de la organizaci\u00f3n y de un operador financiero.<\/p>\n<div class=\"intra-article-module intra-article-ad-half\" data-t=\"{&quot;n&quot;:&quot;intraArticle&quot;,&quot;t&quot;:13}\">\n<div class=\"native-ad-container native-ad-half \">\n<div id=\"msn73c050a61d214c308eaf\">\n<div class=\"content\">\n<p data-t=\"{&quot;n&quot;:&quot;blueLinks&quot;}\">\u201cEl pasado 31 de enero en Zacapu, Michoac\u00e1n, fue detenido C\u00e9sar &#8220;N&#8221;, segundo al mando de la organizaci\u00f3n delictiva C\u00e1rtel Nuevo Imperio, generador de violencia en las alcald\u00edas de Miguel Hidalgo y Azcapotzalco en la Ciudad de M\u00e9xico, y en los municipios mexiquenses de Atizap\u00e1n de Zaragoza, Huixquilucan, Naucalpan, Tlalnepantla y Cuautitl\u00e1n Izcalli. Tambi\u00e9n ese d\u00eda pero en el municipio mexiquense de Toluca se detuvo a Alan Misael &#8220;N&#8221;, quien es considerado el operador log\u00edstico y financiero de la organizaci\u00f3n delictiva C\u00e1rtel Nuevo Imperio\u201d.<\/p>\n<p class=\"continue-read-break\" data-t=\"{&quot;n&quot;:&quot;blueLinks&quot;}\">En\u00a0<strong><a tabindex=\"0\" href=\"https:\/\/www.eluniversal.com.mx\/nacion\" target=\"_blank\" rel=\"noopener\" data-t=\"{&quot;n&quot;:&quot;destination&quot;,&quot;t&quot;:13,&quot;b&quot;:1,&quot;c.t&quot;:7}\">Palacio Nacional<\/a><\/strong>, el titular de la Sedena, detall\u00f3 que tambi\u00e9n fue detenido Rafael &#8220;N&#8221; el 3 de febrero en la Ciudad de M\u00e9xico, quien es considerado l\u00edder de un grupo criminal independiente dedicado al tr\u00e1fico de coca\u00edna y generador de violencia en Ciudad de M\u00e9xico y Morelos.<\/p>\n<div class=\"article-clear-div\"><\/div>\n<div class=\"video-clear-div\">Con informaci\u00f3n de El Universal<\/div>\n<\/div>\n<\/div>\n<\/div>\n<\/div>\n","protected":false},"excerpt":{"rendered":"<p>Sedena informa de la detenci\u00f3n de l\u00edderes del C\u00e1rtel Nuevo Imperio El general Luis Cresencio Sandoval, titular de la Defensa Nacional (Sedena), inform\u00f3 este martes que elementos militares, de la Guardia Nacional (GN), con el apoyo de la Fiscal\u00eda General de la Rep\u00fablica (FGR), detuvieron a\u00a0dos l\u00edderes\u00a0del\u00a0C\u00e1rtel Nuevo Imperio, organizaci\u00f3n considerada generadora de violencia en la Ciudad de M\u00e9xico y el Estado de M\u00e9xico. En el Informe del Gabinete de Seguridad en la conferencia de prensa matutina del presidente Andr\u00e9s Manuel L\u00f3pez Obrador, el secretario detall\u00f3 que los detenidos son el segundo al mando de la organizaci\u00f3n y de un [&hellip;]<\/p>\n","protected":false},"author":3,"featured_media":68206,"comment_status":"open","ping_status":"open","sticky":false,"template":"","format":"standard","meta":{"_jetpack_newsletter_access":"","_jetpack_dont_email_post_to_subs":false,"_jetpack_newsletter_tier_id":0,"_jetpack_memberships_contains_paywalled_content":false,"_jetpack_feature_clip_id":0,"_jetpack_memberships_contains_paid_content":false,"footnotes":"","jetpack_publicize_message":"","jetpack_publicize_feature_enabled":true,"jetpack_social_post_already_shared":true,"jetpack_social_options":{"image_generator_settings":{"template":"highway","default_image_id":0,"font":"","enabled":false},"version":2},"jetpack_post_was_ever_published":false},"categories":[75,72],"tags":[],"class_list":["post-68203","post","type-post","status-publish","format-standard","has-post-thumbnail","hentry","category-nacional","category-portada","post--single"],"jetpack_publicize_connections":[],"jetpack_featured_media_url":"https:\/\/ovelanalista.com\/wp-content\/uploads\/2023\/02\/general-Luis-Cresencio.jpeg","jetpack_sharing_enabled":true,"_links":{"self":[{"href":"https:\/\/ovelanalista.com\/index.php?rest_route=\/wp\/v2\/posts\/68203","targetHints":{"allow":["GET"]}}],"collection":[{"href":"https:\/\/ovelanalista.com\/index.php?rest_route=\/wp\/v2\/posts"}],"about":[{"href":"https:\/\/ovelanalista.com\/index.php?rest_route=\/wp\/v2\/types\/post"}],"author":[{"embeddable":true,"href":"https:\/\/ovelanalista.com\/index.php?rest_route=\/wp\/v2\/users\/3"}],"replies":[{"embeddable":true,"href":"https:\/\/ovelanalista.com\/index.php?rest_route=%2Fwp%2Fv2%2Fcomments&post=68203"}],"version-history":[{"count":1,"href":"https:\/\/ovelanalista.com\/index.php?rest_route=\/wp\/v2\/posts\/68203\/revisions"}],"predecessor-version":[{"id":68207,"href":"https:\/\/ovelanalista.com\/index.php?rest_route=\/wp\/v2\/posts\/68203\/revisions\/68207"}],"wp:featuredmedia":[{"embeddable":true,"href":"https:\/\/ovelanalista.com\/index.php?rest_route=\/wp\/v2\/media\/68206"}],"wp:attachment":[{"href":"https:\/\/ovelanalista.com\/index.php?rest_route=%2Fwp%2Fv2%2Fmedia&parent=68203"}],"wp:term":[{"taxonomy":"category","embeddable":true,"href":"https:\/\/ovelanalista.com\/index.php?rest_route=%2Fwp%2Fv2%2Fcategories&post=68203"},{"taxonomy":"post_tag","embeddable":true,"href":"https:\/\/ovelanalista.com\/index.php?rest_route=%2Fwp%2Fv2%2Ftags&post=68203"}],"curies":[{"name":"wp","href":"https:\/\/api.w.org\/{rel}","templated":true}]}}