{"id":68205,"date":"2023-02-07T11:20:25","date_gmt":"2023-02-07T18:20:25","guid":{"rendered":"https:\/\/ovelanalista.com\/?p=68205"},"modified":"2023-02-07T10:24:12","modified_gmt":"2023-02-07T17:24:12","slug":"preparan-via-de-ecatepec-al-aifa-podras-llegar-en-10-minutos","status":"publish","type":"post","link":"https:\/\/ovelanalista.com\/?p=68205","title":{"rendered":"Preparan v\u00eda de Ecatepec al AIFA; \u00a1podr\u00e1s llegar en 10 minutos!"},"content":{"rendered":"<div class=\"viewsTitle\">\n<p data-t=\"{&quot;n&quot;:&quot;blueLinks&quot;}\">El\u00a0<a tabindex=\"0\" href=\"https:\/\/www.telediario.mx\/buscador?text=AIFA\" target=\"_blank\" rel=\"noopener\" data-t=\"{&quot;n&quot;:&quot;destination&quot;,&quot;t&quot;:13,&quot;b&quot;:1,&quot;c.t&quot;:7}\">Aeropuerto Internacional Felipe \u00c1ngeles (AIFA)<\/a>\u00a0transport\u00f3 a\u00a0<b>187 mil 141 pasajeros durante el mes de enero<\/b>, report\u00f3 el director de la terminal a\u00e9rea, Isidoro Pastor.<\/p>\n<p data-t=\"{&quot;n&quot;:&quot;blueLinks&quot;}\">En la conferencia ma\u00f1anera de Palacio Nacional, el funcionario explic\u00f3 que como parte de las acciones para conectar al AIFA con la capital, este mes el presidente\u00a0<a tabindex=\"0\" href=\"https:\/\/www.telediario.mx\/buscador?text=AMLO\" target=\"_blank\" rel=\"noopener\" data-t=\"{&quot;n&quot;:&quot;destination&quot;,&quot;t&quot;:13,&quot;b&quot;:1,&quot;c.t&quot;:7}\">Andr\u00e9s Manuel L\u00f3pez Obrador<\/a>\u00a0va a inaugurar una vialidad que permitir\u00e1 llegar en 10 minutos<b>\u00a0sin pagar peaje<\/b>.<\/p>\n<p data-t=\"{&quot;n&quot;:&quot;blueLinks&quot;}\">El nuevo camino inicia en el Puente de Fierro en\u00a0<a tabindex=\"0\" href=\"https:\/\/www.telediario.mx\/buscador?text=Ecatepec&amp;section=&amp;start-date=&amp;end-date=\" target=\"_blank\" rel=\"noopener\" data-t=\"{&quot;n&quot;:&quot;destination&quot;,&quot;t&quot;:13,&quot;b&quot;:1,&quot;c.t&quot;:7}\">Ecatepec<\/a>, justo en la bifurcaci\u00f3n de la autopista M\u00e9xico-Pachucay el\u00a0<b>Circuito Exterior Mexiquense<\/b>.<\/p>\n<div class=\"article-clear-div\"><\/div>\n<blockquote class=\"blockquote-text\"><p>&#8220;El se\u00f1or presidente en estos d\u00edas pr\u00f3ximos estar\u00e1 inaugurando una ruta adicional libre de peaje que parte de un punto denominado puente de fierro&#8230; Para que en un promedio de 10 minutos de ese lugar arriben al Aeropuerto Internacional Felipe \u00c1ngeles&#8221;, dijo.<\/p><\/blockquote>\n<p data-t=\"{&quot;n&quot;:&quot;blueLinks&quot;}\">Pastor detall\u00f3 que desde que entr\u00f3 en operaci\u00f3n el AIFA, han usado el aeropuerto UN<b>\u00a0mill\u00f3n 130 mil pasajeros<\/b>.<\/p>\n<div class=\"article-clear-div\"><\/div>\n<p data-t=\"{&quot;n&quot;:&quot;blueLinks&quot;}\">Mientras tanto, record\u00f3 que existen 19 puntos desde el\u00a0<a tabindex=\"0\" href=\"https:\/\/www.telediario.mx\/buscador?text=Edomex&amp;section=&amp;start-date=&amp;end-date=\" target=\"_blank\" rel=\"noopener\" data-t=\"{&quot;n&quot;:&quot;destination&quot;,&quot;t&quot;:13,&quot;b&quot;:1,&quot;c.t&quot;:7}\">Estado de M\u00e9xico<\/a>\u00a0y la CdMx desde donde se puede salir al AIFA con precios que van de 70 a 150 pesos el viaje m\u00e1s caro.<\/p>\n<p data-t=\"{&quot;n&quot;:&quot;blueLinks&quot;}\">Adem\u00e1s, se puede llegar a trav\u00e9s del Mexib\u00fas con un costo de<b>\u00a09 pesos por viaje<\/b>\u00a0llegando hasta Ojo de Agua y de ah\u00ed al aeropuerto.<\/p>\n<div class=\"article-clear-div\"><\/div>\n<blockquote class=\"blockquote-text\"><p>&#8220;Esta informaci\u00f3n adem\u00e1s que las tienen las aerol\u00edneas en sus p\u00e1ginas web, las tienen las empresas de transportaci\u00f3n terrestre, la p\u00e1gina del AIFA tiene la informaci\u00f3n incluyendo sitios de inter\u00e9s. Seguiremos haciendo m\u00e1s intensa la difusi\u00f3n&#8221;, remarc\u00f3.<\/p><\/blockquote>\n<p data-t=\"{&quot;n&quot;:&quot;blueLinks&quot;}\">Recientemente, la\u00a0<b>Secretar\u00eda de Infraestructura, Comunicaciones y Transporte (SICT)<\/b>\u00a0inform\u00f3 que las obras de la vialidad principal, que constar\u00e1n de 14.1 kil\u00f3metros, al AIFA e<a tabindex=\"0\" href=\"https:\/\/www.telediario.mx\/economia\/aifa-via-concluida-finales-febrero-ira-ecatepec\" target=\"_blank\" rel=\"noopener\" data-t=\"{&quot;n&quot;:&quot;destination&quot;,&quot;t&quot;:13,&quot;b&quot;:1,&quot;c.t&quot;:7}\">star\u00e1n concluidas a finales de febrero del 2023<\/a>.<\/p>\n<p class=\"continue-read-break\" data-t=\"{&quot;n&quot;:&quot;blueLinks&quot;}\">Los trabajos de la v\u00eda iniciaron de manera parcial en diciembre del 2021, fecha en la que comenzaron las obras en las primeras parcelas liberadas del ejido\u00a0<b>Tonanitla<\/b>, las cuales afectaron la ejecuci\u00f3n de los contratos de las constructoras Gaype e Ica.<\/p>\n<\/div>\n<p data-t=\"{&quot;n&quot;:&quot;blueLinks&quot;}\">\n<p data-t=\"{&quot;n&quot;:&quot;blueLinks&quot;}\">Con informaci\u00f3n de Telediario<\/p>\n<p>&nbsp;<\/p>\n","protected":false},"excerpt":{"rendered":"<p>El\u00a0Aeropuerto Internacional Felipe \u00c1ngeles (AIFA)\u00a0transport\u00f3 a\u00a0187 mil 141 pasajeros durante el mes de enero, report\u00f3 el director de la terminal a\u00e9rea, Isidoro Pastor. En la conferencia ma\u00f1anera de Palacio Nacional, el funcionario explic\u00f3 que como parte de las acciones para conectar al AIFA con la capital, este mes el presidente\u00a0Andr\u00e9s Manuel L\u00f3pez Obrador\u00a0va a inaugurar una vialidad que permitir\u00e1 llegar en 10 minutos\u00a0sin pagar peaje. El nuevo camino inicia en el Puente de Fierro en\u00a0Ecatepec, justo en la bifurcaci\u00f3n de la autopista M\u00e9xico-Pachucay el\u00a0Circuito Exterior Mexiquense. &#8220;El se\u00f1or presidente en estos d\u00edas pr\u00f3ximos estar\u00e1 inaugurando una ruta adicional libre de [&hellip;]<\/p>\n","protected":false},"author":3,"featured_media":68208,"comment_status":"open","ping_status":"open","sticky":false,"template":"","format":"standard","meta":{"_jetpack_newsletter_access":"","_jetpack_dont_email_post_to_subs":false,"_jetpack_newsletter_tier_id":0,"_jetpack_memberships_contains_paywalled_content":false,"_jetpack_feature_clip_id":0,"_jetpack_memberships_contains_paid_content":false,"footnotes":"","jetpack_publicize_message":"","jetpack_publicize_feature_enabled":true,"jetpack_social_post_already_shared":true,"jetpack_social_options":{"image_generator_settings":{"template":"highway","default_image_id":0,"font":"","enabled":false},"version":2},"jetpack_post_was_ever_published":false},"categories":[75,72],"tags":[],"class_list":["post-68205","post","type-post","status-publish","format-standard","has-post-thumbnail","hentry","category-nacional","category-portada","post--single"],"jetpack_publicize_connections":[],"jetpack_featured_media_url":"https:\/\/ovelanalista.com\/wp-content\/uploads\/2023\/02\/AIFA.jpeg","jetpack_sharing_enabled":true,"_links":{"self":[{"href":"https:\/\/ovelanalista.com\/index.php?rest_route=\/wp\/v2\/posts\/68205","targetHints":{"allow":["GET"]}}],"collection":[{"href":"https:\/\/ovelanalista.com\/index.php?rest_route=\/wp\/v2\/posts"}],"about":[{"href":"https:\/\/ovelanalista.com\/index.php?rest_route=\/wp\/v2\/types\/post"}],"author":[{"embeddable":true,"href":"https:\/\/ovelanalista.com\/index.php?rest_route=\/wp\/v2\/users\/3"}],"replies":[{"embeddable":true,"href":"https:\/\/ovelanalista.com\/index.php?rest_route=%2Fwp%2Fv2%2Fcomments&post=68205"}],"version-history":[{"count":1,"href":"https:\/\/ovelanalista.com\/index.php?rest_route=\/wp\/v2\/posts\/68205\/revisions"}],"predecessor-version":[{"id":68210,"href":"https:\/\/ovelanalista.com\/index.php?rest_route=\/wp\/v2\/posts\/68205\/revisions\/68210"}],"wp:featuredmedia":[{"embeddable":true,"href":"https:\/\/ovelanalista.com\/index.php?rest_route=\/wp\/v2\/media\/68208"}],"wp:attachment":[{"href":"https:\/\/ovelanalista.com\/index.php?rest_route=%2Fwp%2Fv2%2Fmedia&parent=68205"}],"wp:term":[{"taxonomy":"category","embeddable":true,"href":"https:\/\/ovelanalista.com\/index.php?rest_route=%2Fwp%2Fv2%2Fcategories&post=68205"},{"taxonomy":"post_tag","embeddable":true,"href":"https:\/\/ovelanalista.com\/index.php?rest_route=%2Fwp%2Fv2%2Ftags&post=68205"}],"curies":[{"name":"wp","href":"https:\/\/api.w.org\/{rel}","templated":true}]}}