{"id":68209,"date":"2023-02-07T11:30:58","date_gmt":"2023-02-07T18:30:58","guid":{"rendered":"https:\/\/ovelanalista.com\/?p=68209"},"modified":"2023-02-07T10:25:45","modified_gmt":"2023-02-07T17:25:45","slug":"semar-denuncia-liberacion-de-140-acusados-de-narco-y-huachicol","status":"publish","type":"post","link":"https:\/\/ovelanalista.com\/?p=68209","title":{"rendered":"Semar denuncia liberaci\u00f3n de 140 acusados de narco y huachicol"},"content":{"rendered":"<p data-t=\"{&quot;n&quot;:&quot;blueLinks&quot;}\">De 2021 a 2023, autoridades judiciales han\u00a0<strong>liberado a 140 presuntos responsables de un total de 264 delitos<\/strong>, advirti\u00f3 el secretario de\u00a0<strong>Marina,<\/strong>\u00a0el Almirante\u00a0<strong>Jos\u00e9 Rafael Ojeda Dur\u00e1n.<\/strong><\/p>\n<p data-t=\"{&quot;n&quot;:&quot;blueLinks&quot;}\">\u201cHay un gran desconocimiento de la legislaci\u00f3n mar\u00edtima por parte de los jueces y Ministerios P\u00fablicos\u201d, acus\u00f3 este martes durante la conferencia matutina en\u00a0<strong>Palacio Nacional.<\/strong><\/p>\n<p data-t=\"{&quot;n&quot;:&quot;blueLinks&quot;}\">De estas, 20 estaban acusadas de\u00a0<strong>narcotr\u00e1fico<\/strong>\u00a0y 25 estaban se\u00f1aladas por\u00a0<strong>tr\u00e1fico de combustible<\/strong>: 25 personas liberadas, mientras que a 95 se les imputaban ambos delitos. En total, estuvieron involucrados\u00a0<strong>10 jueves y 7 Ministerios P\u00fablicos.\u00a0<\/strong>A esto se suman 19 personas que han reincidido en dos o m\u00e1s eventos mar\u00edtimos y han sido liberadas.<\/p>\n<p data-t=\"{&quot;n&quot;:&quot;blueLinks&quot;}\">\u201cHay un juez de distrito que ha liberado a 24 personas implicadas en delitos de narcotr\u00e1fico y tr\u00e1fico il\u00edcito, y desde luego que de todo es tenemos toda la documentaci\u00f3n\u201d, declar\u00f3.<\/p>\n<p data-t=\"{&quot;n&quot;:&quot;blueLinks&quot;}\"><img decoding=\"async\" src=\"https:\/\/img-s-msn-com.akamaized.net\/tenant\/amp\/entityid\/AA17dazq.img?w=700&amp;h=438&amp;m=6\" alt=\"Semar denuncia liberaci\u00f3n de 140 acusados de narco y huachicol\" \/><\/p>\n<p data-t=\"{&quot;n&quot;:&quot;blueLinks&quot;}\">A su vez, el titular de la\u00a0<strong>Secretar\u00eda de la Defensa Nacional (Sedena), Luis Cresencio Sandoval,<\/strong>\u00a0detall\u00f3 que del 17 de enero al 6 de febrero se detuvieron a\u00a0<strong>615 personas,<\/strong>\u00a0de las cuales 18 fueron calificadas como \u201crelevantes\u201d.<\/p>\n<p class=\"continue-read-break\" data-t=\"{&quot;n&quot;:&quot;blueLinks&quot;}\">Entre ellos se encontr\u00f3\u00a0<strong>Urbano \u201cN\u201d, l\u00edder de la organizaci\u00f3n \u201cLos Mexicles\u201d<\/strong>, grupo criminal af\u00edn al\u00a0<strong>C\u00e1rtel de Caborca,<\/strong>\u00a0una escisi\u00f3n del\u00a0<strong>C\u00e1rtel de Sinaloa<\/strong>\u00a0que opera en<strong>\u00a0Sonora y Chihuahua<\/strong>\u00a0y que ha sido vinculada por las autoridades federales con el hist\u00f3rico capo<strong>\u00a0Rafael Caro Quintero.<\/strong><\/p>\n<p class=\"\" data-t=\"{&quot;n&quot;:&quot;blueLinks&quot;}\">El\u00a0<strong>subsecretario de Seguridad Ciudadana, Luis Rodr\u00edguez Bucio,<\/strong>\u00a0explic\u00f3 que hab\u00eda quedado al mando de la organizaci\u00f3n delictiva tras la muerte de\u00a0<strong>Ernesto Alberto Pi\u00f1\u00f3n, alias \u201cEl Neto\u201d<\/strong>, uno de los fugados del\u00a0<strong>Cereso No. 3 de Ciudad Ju\u00e1rez, Chihuahua.<\/strong><\/p>\n<div class=\"article-clear-div\"><\/div>\n<p class=\"\" data-t=\"{&quot;n&quot;:&quot;blueLinks&quot;}\">A \u00e9l se sum\u00f3 Cesar \u201cN\u201d, segundo mando del \u201c<strong>C\u00e1rtel Nuevo Imperio<\/strong>\u201d y Alan Misael \u201cN\u201d, operador log\u00edstico y financiero de la misma organizaci\u00f3n delictiva.<\/p>\n<p class=\"\" data-t=\"{&quot;n&quot;:&quot;blueLinks&quot;}\">Adem\u00e1s, el 18 de enero en Ciudad Victoria, Tamaulipas, se aprehendi\u00f3 a 12 personas, presuntos miembros del\u00a0<strong>C\u00e1rtel Jalisco Nueva Generaci\u00f3n (CJNG).<\/strong>\u00a0Durante este operativo se aseguraron 6 armas, 2 inmuebles y 11 dosis de marihuana.<\/p>\n<p class=\"\" data-t=\"{&quot;n&quot;:&quot;blueLinks&quot;}\">Igualmente, se detuvo Brandon Alejandro \u201cN\u201d, miembro del C\u00e1rtel Santa Rosa de Lima; Gerardo \u201cN\u201d, Jefe de plaza en Durango del\u00a0<strong>C\u00e1rtel del Pac\u00edfico<\/strong>; y Frankie \u201cN\u201d, quien habilitaba pistas de aterrizaje en\u00a0<strong>Campeche.<\/strong>\u00a0A estos se sumaron Melisio \u201cN\u201d y Adrian \u201cN\u201d, miembros de una red internacional de tr\u00e1fico de personas.<\/p>\n<p class=\"\" data-t=\"{&quot;n&quot;:&quot;blueLinks&quot;}\">Por su parte, Bucio dio a conocer que del 26 de enero al 6 de febrero se detuvo a 12 mil 264 personas, de las cuales 11 mil 938 fueron presentadas ante el Ministerio P\u00fablico.<\/p>\n<p class=\"\" data-t=\"{&quot;n&quot;:&quot;blueLinks&quot;}\">Entre ellos, Benjam\u00edn \u201cN\u201d y Ver\u00f3nica \u201cN\u201d, del C\u00e1rtel de Sinaloa, fueron extraditados a\u00a0<strong>Estados Unidos<\/strong>\u00a0por los delitos de asociaci\u00f3n delictuosa, contra la salud y lavado de dinero.<\/p>\n<div class=\"article-clear-div\"><\/div>\n<div class=\"article-image-slot\" data-image-href=\"https:\/\/www.msn.com\/es-mx\/noticias\/mexico\/semar-denuncia-liberaci%C3%B3n-de-140-acusados-de-narco-y-huachicol\/ar-AA17d0T7?cvid=931012c56e344253ab9828852f785187&amp;fullscreen=true#image=2\" data-doc-id=\"cms\/api\/amp\/image\/AA17dhg7\" data-rendered=\"true\">\n<div class=\"article-image-container   \" data-t=\"{&quot;n&quot;:&quot;OpenModal&quot;,&quot;t&quot;:13}\"><a class=\"article-image-height-wrapper\" href=\"https:\/\/www.msn.com\/es-mx\/noticias\/mexico\/semar-denuncia-liberaci%C3%B3n-de-140-acusados-de-narco-y-huachicol\/ar-AA17d0T7?cvid=931012c56e344253ab9828852f785187&amp;fullscreen=true&amp;crc=true#image=2\" target=\"_self\" data-t=\"{&quot;n&quot;:&quot;destination&quot;,&quot;t&quot;:14,&quot;b&quot;:1,&quot;c.t&quot;:14}\" rel=\"noopener\"><img decoding=\"async\" class=\"article-image \" tabindex=\"0\" title=\"Semar denuncia liberaci\u00f3n de 140 acusados de narco y huachicol\" src=\"https:\/\/img-s-msn-com.akamaized.net\/tenant\/amp\/entityid\/AA17dhg7.img?w=700&amp;h=438&amp;m=6&amp;x=125&amp;y=100&amp;s=83&amp;d=83\" alt=\"Semar denuncia liberaci\u00f3n de 140 acusados de narco y huachicol\" \/><\/a><\/p>\n<div class=\"image-caption-container   content-small-text \"><span class=\"image-caption\">Semar denuncia liberaci\u00f3n de 140 acusados de narco y huachicol<\/span><span class=\"image-attribution \">\u00a9\u00a0Proporcionado por Aristegui Noticias<\/span><\/div>\n<\/div>\n<\/div>\n<p data-t=\"{&quot;n&quot;:&quot;blueLinks&quot;}\">A su vez, el 28 de enero, en\u00a0<strong class=\"\">Sonora,<\/strong>\u00a0se detuvo a Claudio Eugenio \u201cN\u201d, por los delitos de amenazas cumplidas y lesiones calificadas, cometidas contra un taquero que se rehus\u00f3 a venderle alimentos debido a que ya hab\u00eda agotado los suministros de dicho d\u00eda.<\/p>\n<p class=\"\" data-t=\"{&quot;n&quot;:&quot;blueLinks&quot;}\">En los hechos, que se viralizaron en redes sociales por un video, el comerciante fue golpeado con un arma larga y un tabl\u00f3n de madera.<\/p>\n<p class=\"\" data-t=\"{&quot;n&quot;:&quot;blueLinks&quot;}\">Sobre los reos fugados el 1 de enero del Cereso No. 3 de Ciudad Ju\u00e1rez, Chihuahua, inform\u00f3 que a la fecha se han recapturado a 14 reos y s\u00f3lo 10 contin\u00faan pr\u00f3fugos.<\/p>\n<p data-t=\"{&quot;n&quot;:&quot;blueLinks&quot;}\">\n<p data-t=\"{&quot;n&quot;:&quot;blueLinks&quot;}\">Con informaci\u00f3n de Aristegui Noticias<\/p>\n","protected":false},"excerpt":{"rendered":"<p>De 2021 a 2023, autoridades judiciales han\u00a0liberado a 140 presuntos responsables de un total de 264 delitos, advirti\u00f3 el secretario de\u00a0Marina,\u00a0el Almirante\u00a0Jos\u00e9 Rafael Ojeda Dur\u00e1n. \u201cHay un gran desconocimiento de la legislaci\u00f3n mar\u00edtima por parte de los jueces y Ministerios P\u00fablicos\u201d, acus\u00f3 este martes durante la conferencia matutina en\u00a0Palacio Nacional. De estas, 20 estaban acusadas de\u00a0narcotr\u00e1fico\u00a0y 25 estaban se\u00f1aladas por\u00a0tr\u00e1fico de combustible: 25 personas liberadas, mientras que a 95 se les imputaban ambos delitos. En total, estuvieron involucrados\u00a010 jueves y 7 Ministerios P\u00fablicos.\u00a0A esto se suman 19 personas que han reincidido en dos o m\u00e1s eventos mar\u00edtimos y han sido [&hellip;]<\/p>\n","protected":false},"author":3,"featured_media":51658,"comment_status":"open","ping_status":"open","sticky":false,"template":"","format":"standard","meta":{"_jetpack_newsletter_access":"","_jetpack_dont_email_post_to_subs":false,"_jetpack_newsletter_tier_id":0,"_jetpack_memberships_contains_paywalled_content":false,"_jetpack_feature_clip_id":0,"_jetpack_memberships_contains_paid_content":false,"footnotes":"","jetpack_publicize_message":"","jetpack_publicize_feature_enabled":true,"jetpack_social_post_already_shared":true,"jetpack_social_options":{"image_generator_settings":{"template":"highway","default_image_id":0,"font":"","enabled":false},"version":2},"jetpack_post_was_ever_published":false},"categories":[75,72],"tags":[],"class_list":["post-68209","post","type-post","status-publish","format-standard","has-post-thumbnail","hentry","category-nacional","category-portada","post--single"],"jetpack_publicize_connections":[],"jetpack_featured_media_url":"https:\/\/ovelanalista.com\/wp-content\/uploads\/2022\/09\/Sedena-y-Semar-1-1.jpeg","jetpack_sharing_enabled":true,"_links":{"self":[{"href":"https:\/\/ovelanalista.com\/index.php?rest_route=\/wp\/v2\/posts\/68209","targetHints":{"allow":["GET"]}}],"collection":[{"href":"https:\/\/ovelanalista.com\/index.php?rest_route=\/wp\/v2\/posts"}],"about":[{"href":"https:\/\/ovelanalista.com\/index.php?rest_route=\/wp\/v2\/types\/post"}],"author":[{"embeddable":true,"href":"https:\/\/ovelanalista.com\/index.php?rest_route=\/wp\/v2\/users\/3"}],"replies":[{"embeddable":true,"href":"https:\/\/ovelanalista.com\/index.php?rest_route=%2Fwp%2Fv2%2Fcomments&post=68209"}],"version-history":[{"count":1,"href":"https:\/\/ovelanalista.com\/index.php?rest_route=\/wp\/v2\/posts\/68209\/revisions"}],"predecessor-version":[{"id":68212,"href":"https:\/\/ovelanalista.com\/index.php?rest_route=\/wp\/v2\/posts\/68209\/revisions\/68212"}],"wp:featuredmedia":[{"embeddable":true,"href":"https:\/\/ovelanalista.com\/index.php?rest_route=\/wp\/v2\/media\/51658"}],"wp:attachment":[{"href":"https:\/\/ovelanalista.com\/index.php?rest_route=%2Fwp%2Fv2%2Fmedia&parent=68209"}],"wp:term":[{"taxonomy":"category","embeddable":true,"href":"https:\/\/ovelanalista.com\/index.php?rest_route=%2Fwp%2Fv2%2Fcategories&post=68209"},{"taxonomy":"post_tag","embeddable":true,"href":"https:\/\/ovelanalista.com\/index.php?rest_route=%2Fwp%2Fv2%2Ftags&post=68209"}],"curies":[{"name":"wp","href":"https:\/\/api.w.org\/{rel}","templated":true}]}}