{"id":68211,"date":"2023-02-07T11:40:16","date_gmt":"2023-02-07T18:40:16","guid":{"rendered":"https:\/\/ovelanalista.com\/?p=68211"},"modified":"2023-02-07T10:27:07","modified_gmt":"2023-02-07T17:27:07","slug":"distractores-y-polarizacion-y-todos-caen","status":"publish","type":"post","link":"https:\/\/ovelanalista.com\/?p=68211","title":{"rendered":"Distractores y polarizaci\u00f3n, y todos caen"},"content":{"rendered":"<p data-t=\"{&quot;n&quot;:&quot;blueLinks&quot;}\">Entre s\u00e1bado y domingo hubo 206 en todo el pa\u00eds, incluyendo un beb\u00e9 de un a\u00f1o muerto en Cajeme, Sonora; hay temas de fondo que dificultan la vida econ\u00f3mica, incluyendo divergencias con nuestros principales socios comerciales, Estados Unidos y Canad\u00e1; hay dos importantes campa\u00f1as electorales en curso y un proceso de selecci\u00f3n de candidatos para los comicios de 2024 que abarca, en los hechos, a todas las fuerzas pol\u00edticas, en el oficialismo y en la oposici\u00f3n. En el congreso est\u00e1 a punto de terminar de aprobarse el llamado Plan B, una reforma del sistema electoral que puede ser devastadora para el mismo.<\/p>\n<div class=\"article-image-container   \" data-t=\"{&quot;n&quot;:&quot;OpenModal&quot;,&quot;t&quot;:13}\">\n<p data-t=\"{&quot;n&quot;:&quot;blueLinks&quot;}\">Y hay mucho m\u00e1s en la agenda nacional, pero ayer el tema de debate, impuesto desde la propia presidencia de la rep\u00fablica, era que la nueva presidenta de la Suprema Corte, la ministra Norma Pi\u00f1a, no se hab\u00eda parado cuando ingres\u00f3 al Teatro de la Rep\u00fablica, en Quer\u00e9taro, el presidente L\u00f3pez Obrador, un debate en el que nadie hubiera puesto la menor atenci\u00f3n si el vocero presidencial, Jes\u00fas Ram\u00edrez, no hubiera destacado ese supuesto hecho en la tarde del domingo en redes sociales. Para el oficialismo y su c\u00edrculo, una descortes\u00eda, una falta a las formas que denota un conflicto de fondo. Para la oposici\u00f3n, la demostraci\u00f3n de que la ministra Pi\u00f1a est\u00e1 dispuesta plantarle cara al Ejecutivo.<\/p>\n<p class=\"continue-read-break\" data-t=\"{&quot;n&quot;:&quot;blueLinks&quot;}\">En realidad, la ministra presidenta s\u00ed se par\u00f3 en ese evento para recibir al Presidente e incluso al terminar su intervenci\u00f3n, aunque el que no la salud\u00f3 al llegar al Teatro de la Rep\u00fablica dicen que fue el presidente L\u00f3pez Obrador y pese a que, faltando a las formas que se reclaman, tanto la ministra como el presidente de la mesa directiva de la c\u00e1mara de diputados, Santiago Creel, en lugar de estar junto al mandatario en el pres\u00eddium, como representantes de los poderes judicial y legislativo, fueron acomodados en primera fila pero en un extremo.<\/p>\n<p class=\"\" data-t=\"{&quot;n&quot;:&quot;blueLinks&quot;}\">Pero tambi\u00e9n es verdad que, como dec\u00edamos ayer, ninguno de los discursos fue incendiario ni de ruptura abierta como se quiere hacer ver. Todos jugaron sus cartas y cubrieron su papel: la ministra Pi\u00f1a destacando la independencia del poder judicial; Creel invocando al di\u00e1logo como lo hizo tambi\u00e9n el gobernador Mauricio Kuri; el senador Alejandro Armenta con un discurso oficialista pero moderado y el presidente L\u00f3pez Obrador repitiendo su versi\u00f3n de la historia polarizada entre conservadores y liberales que aplica para todo, desde la independencia hasta la revoluci\u00f3n, pasando por el porfirismo y el neoliberalismo. Todo previsible, ninguna sorpresa.<\/p>\n<div class=\"article-clear-div\"><\/div>\n<p class=\"\" data-t=\"{&quot;n&quot;:&quot;blueLinks&quot;}\">Pero como ocurri\u00f3 con los honores a la bandera en la c\u00e1mara de diputados en el inicio del periodo ordinario de sesiones del congreso, un tema menor se convirti\u00f3 en el distractor del debate pol\u00edtico. Y en esa l\u00f3gica, cae casi siempre la oposici\u00f3n, que ayer al mismo tiempo que se quejaba de que el diputado y la ministra, violando las formas, hab\u00edan sido enviados a un extremo del pres\u00eddium, trataba de explicar que la ministra no viol\u00f3 las formas al no pararse. La forma suele ser fondo, pero un distractor no es la verdad. \u00bfNo caen en la cuenta de la manipulaci\u00f3n en la que caen destinada a ignorar los verdaderos debates de la agenda nacional?.<\/p>\n<p class=\"\" data-t=\"{&quot;n&quot;:&quot;blueLinks&quot;}\">Los distractores, adem\u00e1s, cumplen con una funci\u00f3n clave: agudizar siempre la polarizaci\u00f3n. Siempre hay un nuevo o viejo enemigo, siempre un complot, un sabotaje, no es que las pol\u00edticas fallen o los datos no se ajusten a la realidad, sino que hay fuerzas oscuras que las obstaculizan y manipulan: s\u00f3lo hay amigos y enemigos. Y eso se aplica a todo y a todos sin matices, desde Cuauht\u00e9moc C\u00e1rdenas hasta Lilly T\u00e9llez.<\/p>\n<p class=\"\" data-t=\"{&quot;n&quot;:&quot;blueLinks&quot;}\">Y as\u00ed los distractores se convierten en el eje del debate. No importa qu\u00e9 posici\u00f3n tendr\u00e1 el poder judicial respecto a las iniciativas del ejecutivo, ni conocer los da\u00f1os que provocar\u00e1 el plan B al sistema electoral y la confiabilidad de las elecciones, no importa qu\u00e9 aspirante presidencial, del oficialismo o la oposici\u00f3n tiene mejores propuesta o su visi\u00f3n de pa\u00eds, ni mucho menos si funciona o no la estrategia de seguridad, qu\u00e9 importa si los sicarios atentan contra un periodista o matan beb\u00e9s y familias enteras, importa si se es amigo o enemigo y casi todos se terminan ubicando, graciosamente, en alguno de esos extremos.<\/p>\n<div class=\"article-clear-div\"><\/div>\n<h2 class=\"article-sub-heading\">Garc\u00eda Luna, d\u00eda VIII<\/h2>\n<p class=\"\" data-t=\"{&quot;n&quot;:&quot;blueLinks&quot;}\">Si al comenzar la tercera semana del juicio a Genaro Garc\u00eda Luna, la fiscal\u00eda no ha comenzado a presentar pruebas materiales contra el ex secretario de seguridad, en la Corte de Brooklyn, sinceramente no s\u00e9 cu\u00e1ndo lo har\u00e1. Se siguen repitiendo los testimonios y ahora con personajes de menor nivel: el ex secretario de Hacienda de Coahuila, agentes del aeropuerto, un agente de la DEA que dice que esa agencia sab\u00eda desde 2009, sin hacer nada que Garc\u00eda Luna se reun\u00eda con los Beltr\u00e1n Leyva, sin demostrarlo por supuesto.<\/p>\n<p class=\"\" data-t=\"{&quot;n&quot;:&quot;blueLinks&quot;}\">Es evidente que la fiscal\u00eda lo que busca, ante la ausencia de pruebas materiales, es exhibir un conjunto de testimonios que coincidan en mostrar a Garc\u00eda Luna como c\u00f3mplice del c\u00e1rtel de Sinaloa, pero esos testimonios son todos controvertidos y algunos contradictorios e inveros\u00edmiles. En ocasiones pareciera que lo que se busca m\u00e1s que mostrar pruebas contra el acusado es exhibir a un pa\u00eds, M\u00e9xico, carcomido en todos los \u00e1mbitos por el narcotr\u00e1fico, por lo cual cualquiera puede ser culpable de cualquier cosa. Quienes festinan dicha estrategia no comprenden, o no quieren comprender, esa intencionalidad pol\u00edtica y se convierten en objetos manipulables de fuerzas que no controlan.<\/p>\n<\/div>\n<p data-t=\"{&quot;n&quot;:&quot;blueLinks&quot;}\">\n<p data-t=\"{&quot;n&quot;:&quot;blueLinks&quot;}\">Con informaci\u00f3n de El Debate<\/p>\n","protected":false},"excerpt":{"rendered":"<p>Entre s\u00e1bado y domingo hubo 206 en todo el pa\u00eds, incluyendo un beb\u00e9 de un a\u00f1o muerto en Cajeme, Sonora; hay temas de fondo que dificultan la vida econ\u00f3mica, incluyendo divergencias con nuestros principales socios comerciales, Estados Unidos y Canad\u00e1; hay dos importantes campa\u00f1as electorales en curso y un proceso de selecci\u00f3n de candidatos para los comicios de 2024 que abarca, en los hechos, a todas las fuerzas pol\u00edticas, en el oficialismo y en la oposici\u00f3n. En el congreso est\u00e1 a punto de terminar de aprobarse el llamado Plan B, una reforma del sistema electoral que puede ser devastadora para [&hellip;]<\/p>\n","protected":false},"author":3,"featured_media":68214,"comment_status":"open","ping_status":"open","sticky":false,"template":"","format":"standard","meta":{"_jetpack_newsletter_access":"","_jetpack_dont_email_post_to_subs":false,"_jetpack_newsletter_tier_id":0,"_jetpack_memberships_contains_paywalled_content":false,"_jetpack_feature_clip_id":0,"_jetpack_memberships_contains_paid_content":false,"footnotes":"","jetpack_publicize_message":"","jetpack_publicize_feature_enabled":true,"jetpack_social_post_already_shared":true,"jetpack_social_options":{"image_generator_settings":{"template":"highway","default_image_id":0,"font":"","enabled":false},"version":2},"jetpack_post_was_ever_published":false},"categories":[75,72],"tags":[],"class_list":["post-68211","post","type-post","status-publish","format-standard","has-post-thumbnail","hentry","category-nacional","category-portada","post--single"],"jetpack_publicize_connections":[],"jetpack_featured_media_url":"https:\/\/ovelanalista.com\/wp-content\/uploads\/2023\/02\/AMLO-4.jpeg","jetpack_sharing_enabled":true,"_links":{"self":[{"href":"https:\/\/ovelanalista.com\/index.php?rest_route=\/wp\/v2\/posts\/68211","targetHints":{"allow":["GET"]}}],"collection":[{"href":"https:\/\/ovelanalista.com\/index.php?rest_route=\/wp\/v2\/posts"}],"about":[{"href":"https:\/\/ovelanalista.com\/index.php?rest_route=\/wp\/v2\/types\/post"}],"author":[{"embeddable":true,"href":"https:\/\/ovelanalista.com\/index.php?rest_route=\/wp\/v2\/users\/3"}],"replies":[{"embeddable":true,"href":"https:\/\/ovelanalista.com\/index.php?rest_route=%2Fwp%2Fv2%2Fcomments&post=68211"}],"version-history":[{"count":1,"href":"https:\/\/ovelanalista.com\/index.php?rest_route=\/wp\/v2\/posts\/68211\/revisions"}],"predecessor-version":[{"id":68215,"href":"https:\/\/ovelanalista.com\/index.php?rest_route=\/wp\/v2\/posts\/68211\/revisions\/68215"}],"wp:featuredmedia":[{"embeddable":true,"href":"https:\/\/ovelanalista.com\/index.php?rest_route=\/wp\/v2\/media\/68214"}],"wp:attachment":[{"href":"https:\/\/ovelanalista.com\/index.php?rest_route=%2Fwp%2Fv2%2Fmedia&parent=68211"}],"wp:term":[{"taxonomy":"category","embeddable":true,"href":"https:\/\/ovelanalista.com\/index.php?rest_route=%2Fwp%2Fv2%2Fcategories&post=68211"},{"taxonomy":"post_tag","embeddable":true,"href":"https:\/\/ovelanalista.com\/index.php?rest_route=%2Fwp%2Fv2%2Ftags&post=68211"}],"curies":[{"name":"wp","href":"https:\/\/api.w.org\/{rel}","templated":true}]}}