{"id":68229,"date":"2023-02-07T15:00:22","date_gmt":"2023-02-07T22:00:22","guid":{"rendered":"https:\/\/ovelanalista.com\/?p=68229"},"modified":"2023-02-07T14:50:22","modified_gmt":"2023-02-07T21:50:22","slug":"magistrada-derribar-instituciones-nunca-es-la-salida-y-la-constitucion-no-se-tumba-con-una-ley","status":"publish","type":"post","link":"https:\/\/ovelanalista.com\/?p=68229","title":{"rendered":"Magistrada: Derribar instituciones nunca es la salida y la Constituci\u00f3n no se tumba con una ley"},"content":{"rendered":"<p data-t=\"{&quot;n&quot;:&quot;blueLinks&quot;}\">La idea de extinguir a la\u00a0<a tabindex=\"0\" href=\"https:\/\/www.milenio.com\/\" target=\"_blank\" rel=\"noopener\" data-t=\"{&quot;n&quot;:&quot;destination&quot;,&quot;t&quot;:13,&quot;b&quot;:1,&quot;c.t&quot;:7}\"><strong>Sala Regional Especializada del Tribunal Electoral<\/strong>,<\/a>\u00a0despareci\u00f3 con la misma espontaneidad con la que inexplicablemente se impuso en el\u00a0<a tabindex=\"0\" href=\"https:\/\/www.milenio.com\/search?q=plan+b+\" target=\"_blank\" rel=\"noopener\" data-t=\"{&quot;n&quot;:&quot;destination&quot;,&quot;t&quot;:13,&quot;b&quot;:1,&quot;c.t&quot;:7}\">\u201c<strong>Plan B<\/strong>\u201d<\/a>\u00a0de la reforma electoral, hasta que, en diciembre pasado, los legisladores terminaron por darse cuenta que la improvisada propuesta, les afectaba sus derechos de impugnaci\u00f3n.<\/p>\n<p data-t=\"{&quot;n&quot;:&quot;blueLinks&quot;}\">Sin embargo, en entrevista con\u00a0<strong><a tabindex=\"0\" href=\"https:\/\/www.milenio.com\/\" target=\"_blank\" rel=\"noopener\" data-t=\"{&quot;n&quot;:&quot;destination&quot;,&quot;t&quot;:13,&quot;b&quot;:1,&quot;c.t&quot;:7}\">MILENIO<\/a><\/strong>,\u00a0<a tabindex=\"0\" href=\"https:\/\/www.milenio.com\/politica\/tepjf-acepta-reunion-jucopo-audiencia-sede\" target=\"_blank\" rel=\"noopener\" data-t=\"{&quot;n&quot;:&quot;destination&quot;,&quot;t&quot;:13,&quot;b&quot;:1,&quot;c.t&quot;:7}\"><strong>la magistrada<\/strong>\u00a0<strong>Gabriela Villafuerte<\/strong><\/a>\u00a0reconoce que todo puede pasar y \u201ctodos los d\u00edas est\u00e1n en la mira de destrucci\u00f3n\u201d, aunque advierte que destruir instituciones nunca ser\u00e1 la mejor salida.<\/p>\n<p data-t=\"{&quot;n&quot;:&quot;blueLinks&quot;}\">Explica\u00a0<strong><a tabindex=\"0\" href=\"https:\/\/www.milenio.com\/search?q=TEPJF\" target=\"_blank\" rel=\"noopener\" data-t=\"{&quot;n&quot;:&quot;destination&quot;,&quot;t&quot;:13,&quot;b&quot;:1,&quot;c.t&quot;:7}\">la relevancia de esta Sala<\/a><\/strong>\u00a0para que la ciudadan\u00eda sepa si en el servicio p\u00fablico \u201cse portan bien\u201d en t\u00e9rminos electorales y considera que\u00a0<strong>el Poder Legislativo<\/strong>\u00a0tuvo la oportunidad de fortalecer el sistema electoral y acortar la brecha de impunidad, pues se ha llegado a un punto en que las personas del servicio p\u00fablico, ni siquiera cumplen las sentencias.<\/p>\n<p data-t=\"{&quot;n&quot;:&quot;blueLinks&quot;}\">Y deja clara una cosa:<strong>\u00a0<a tabindex=\"0\" href=\"https:\/\/www.milenio.com\/search?q=TEPJF\" target=\"_blank\" rel=\"noopener\" data-t=\"{&quot;n&quot;:&quot;destination&quot;,&quot;t&quot;:13,&quot;b&quot;:1,&quot;c.t&quot;:7}\">el TEPJF<\/a>\u00a0<\/strong>no sanciona por gusto. Y ahora, les tocar\u00e1 analizar los cambios que se aprueben, pero siempre, con la Constituci\u00f3n como faro, \u00e9sa que advierte, sigue ah\u00ed y ninguna ley puede tirar.<\/p>\n<div role=\"main\">\n<section class=\"articlePage_section-DS-EntryPoint1-1 articlePageBodySection articlePage_section_continueReading-DS-EntryPoint1-1 articlePage_enableNewRR-DS-EntryPoint1-1\" data-col=\"c4\">\n<article>\n<div class=\"views-article-body articlePage_body-DS-EntryPoint1-1\" data-test-id=\"test-article\">\n<p data-t=\"{&quot;n&quot;:&quot;blueLinks&quot;}\"><strong>Se crey\u00f3 que la Sala Especializada podr\u00eda desaparecer de un d\u00eda para otro, como si no fuera relevante.<\/strong><\/p>\n<div class=\"article-clear-div\"><\/div>\n<blockquote class=\"blockquote-text\"><p>Podr\u00eda decir, en s\u00edntesis, que tenemos la posibilidad de dictar sentencias para que la ciudadan\u00eda conozca el term\u00f3metro de qu\u00e9 se dice en la comunicaci\u00f3n pol\u00edtica, si se portan bien o no, en t\u00e9rminos legales, todas estas partes que se sientan en esa mesa electoral.<\/p><\/blockquote>\n<blockquote class=\"blockquote-text\"><p>Yo quisiera decirte que no tenemos asuntos de violencia, que no hay personas violentadoras, que no hay calumnia, que no hay excesos y que todo est\u00e1 bien, pero eso no es cierto, porque entonces s\u00ed dir\u00eda que no s\u00f3lo no necesitamos esta Sala, no necesitar\u00edamos cualquier \u00f3rgano administrativo y jurisdiccional que se han ido creando a partir de la realidad de nuestro pa\u00eds.<\/p><\/blockquote>\n<p class=\"continue-read-break\" data-t=\"{&quot;n&quot;:&quot;blueLinks&quot;}\"><strong>La reforma constitucional no los tocaba, pero lleg\u00f3 como sorpresa en la reforma legal y luego lo quitaron \u00bfc\u00f3mo lo tomaron?<\/strong><\/p>\n<div class=\"article-clear-div\"><\/div>\n<blockquote class=\"blockquote-text\"><p>Creo que las instituciones debemos tener la capacidad de la autocr\u00edtica, tenemos una deuda de credibilidad, de confianza, de afecto, en relaci\u00f3n a lo que hacemos. Yo les llamo \u2018las odiosas des\u2019, desconfianza, desafecto, desprecio incluso. Pero de esa realidad a echar por abajo quiz\u00e1 un bracito del Tribunal Electoral y de la manera en que estaba de en 30 d\u00edas, adi\u00f3s. Destruir, eliminar toda esta creaci\u00f3n, esta evoluci\u00f3n en cuanto a criterios y certeza, a m\u00ed me parece complejo, el trabajo es perfectible, sin duda, pero no puedo decir que derribando instituciones o derribando \u00f3rganos jurisdiccionales sea la mejor salida.<\/p><\/blockquote>\n<blockquote class=\"blockquote-text\"><p>Hay \u00e1reas para mejorar, la Sala podr\u00eda hacerse cargo de las medidas cautelares que ahora dicta el INE. O en materia de servicio p\u00fablico, no podemos sancionar, determinamos la responsabilidad y damos vista a quien sea el \u00f3rgano superior jer\u00e1rquico, \u00a1pero la sentencia no se cumplen!, se quedan en el archivo.<\/p><\/blockquote>\n<blockquote class=\"blockquote-text\"><p>Creo que la ciudadan\u00eda quiere que las personas del servicio p\u00fablico que cometieron alguna infracci\u00f3n, reciban la sanci\u00f3n que corresponda, pero eso no sucede. Ah\u00ed pudieron fortalecer ese espacio de impunidad con un cat\u00e1logo concreto de sanciones, darnos esa facultad.<\/p><\/blockquote>\n<blockquote class=\"blockquote-text\"><p>Todos los d\u00edas podemos estar en la mira de destrucci\u00f3n y de acabar con la Sala, pero s\u00ed lo recibimos con sorpresa y sobre todo con desconocimiento claro de las razones por las que la Sala ten\u00eda que desaparecer.<\/p><\/blockquote>\n<p data-t=\"{&quot;n&quot;:&quot;blueLinks&quot;}\"><strong>\u00bfCu\u00e1ntos juicios tienen que se hubieran visto afectados?<\/strong><\/p>\n<div class=\"article-clear-div\"><\/div>\n<blockquote class=\"blockquote-text\"><p>Al cierre de diciembre, ten\u00edamos en tr\u00e1mites, solamente como 120 quejas y de asuntos en cumplimiento, como 120, 130, ahorita tenemos quejas constantes sobre los anticipados de campa\u00f1a. Y dentro del proceso electoral, a veces llegamos a manejar hasta 90 asuntos por magistratura, el promedio de toda la Sala se vuelve un promedio por magistratura.<\/p><\/blockquote>\n<p data-t=\"{&quot;n&quot;:&quot;blueLinks&quot;}\"><strong>Si aprueban que se quede la Sala Especializada \u00bfen qu\u00e9 ambiente van a retomar su trabajo? Pareciera un aviso para ustedes.<\/strong><\/p>\n<div class=\"article-clear-div\"><\/div>\n<blockquote class=\"blockquote-text\"><p>Si la idea es que ya no haya sanciones, primero se tiene que saber no es que sancionemos porque queremos, hay una gu\u00eda desde la Constituci\u00f3n y adem\u00e1s, son normas que salieron de los cuerpos legislativos. Y vamos a poner la Constituci\u00f3n, poner las nuevas normas y ver hasta d\u00f3nde.<\/p><\/blockquote>\n<p data-t=\"{&quot;n&quot;:&quot;blueLinks&quot;}\"><strong>\u00bfQuieren un juego m\u00e1s f\u00e1cil hacia el 2024?<\/strong><\/p>\n<div class=\"article-clear-div\"><\/div>\n<blockquote class=\"blockquote-text\"><p>Hay principios que rigen la materia pol\u00edtico-electoral que no se pueden olvidar, no es que los principios derivados de la Constituci\u00f3n se puedan tirar en una ley o se puedan ignorar, tenemos que ver c\u00f3mo resuenan con la Constituci\u00f3n y qu\u00e9 es lo que se quiere, hay que ver c\u00f3mo nos vamos a mover en estas nuevas normas, esto apenas empieza para las personas juzgadoras.<\/p><\/blockquote>\n<blockquote class=\"blockquote-text\"><p>Y no es que uno quiera, es muy sencillo decir que son los \u00f3rganos jurisdiccionales los queremos hacer ciertas cosas, y no, son las leyes y las bases constitucionales ah\u00ed est\u00e1n todav\u00eda, nuestra gu\u00eda constitucional est\u00e1 ah\u00ed y la tenemos que tener como un faro de atenci\u00f3n.<a class=\"article-image-height-wrapper\" style=\"font-size: 1.21429rem;\" href=\"https:\/\/www.msn.com\/es-mx\/noticias\/mexico\/magistrada-derribar-instituciones-nunca-es-la-salida-y-la-constituci%C3%B3n-no-se-tumba-con-una-ley\/ar-AA17bVVe?cvid=f28a9964ed574a6eb8e7d04a04a7c219&amp;fullscreen=true#image=3\" target=\"_self\" data-t=\"{&quot;n&quot;:&quot;destination&quot;,&quot;t&quot;:14,&quot;b&quot;:1,&quot;c.t&quot;:14}\" rel=\"noopener\"><img decoding=\"async\" class=\"article-image \" tabindex=\"0\" title=\"Aprueba IEEH retenciones a Morena y PNAH para cubrir multas impuestas por TEPJF\" src=\"https:\/\/img-s-msn-com.akamaized.net\/tenant\/amp\/entityid\/AAZLrRP.img?w=768&amp;h=512&amp;m=6\" alt=\"Aprueba IEEH retenciones a Morena y PNAH para cubrir multas impuestas por TEPJF\" \/><\/a><\/p><\/blockquote>\n<div class=\"article-list-slot\">\n<ul class=\"nd-related-news-detail-media-dual__container\">\n<li class=\"lr-list-row-row-related-new module\" data-t=\"{&quot;n&quot;:&quot;blueLinks&quot;}\">\n<div class=\"article-image-slot\" data-image-href=\"https:\/\/www.msn.com\/es-mx\/noticias\/mexico\/magistrada-derribar-instituciones-nunca-es-la-salida-y-la-constituci%C3%B3n-no-se-tumba-con-una-ley\/ar-AA17bVVe?cvid=f28a9964ed574a6eb8e7d04a04a7c219&amp;fullscreen=true#image=3\" data-doc-id=\"cms\/api\/amp\/image\/AAZLrRP\" data-rendered=\"true\">\n<div class=\"article-image-container   \" data-t=\"{&quot;n&quot;:&quot;OpenModal&quot;,&quot;t&quot;:13}\">\n<div class=\"image-caption-container   content-small-text \"><span class=\"image-caption\">Aprueba IEEH retenciones a Morena y PNAH para cubrir multas impuestas por TEPJF<\/span><span class=\"image-attribution \">\u00a9\u00a0Proporcionado por Milenio<\/span><\/div>\n<\/div>\n<\/div>\n<\/li>\n<li class=\"lr-list-row-row-related-new module\" data-t=\"{&quot;n&quot;:&quot;blueLinks&quot;}\">\n<div class=\"article-clear-div\"><\/div>\n<div class=\"article-image-slot\" data-image-href=\"https:\/\/www.msn.com\/es-mx\/noticias\/mexico\/magistrada-derribar-instituciones-nunca-es-la-salida-y-la-constituci%C3%B3n-no-se-tumba-con-una-ley\/ar-AA17bVVe?cvid=f28a9964ed574a6eb8e7d04a04a7c219&amp;fullscreen=true#image=4\" data-doc-id=\"cms\/api\/amp\/image\/AA16xbUL\" data-rendered=\"true\">\n<div class=\"article-image-container   \" data-t=\"{&quot;n&quot;:&quot;OpenModal&quot;,&quot;t&quot;:13}\"><a class=\"article-image-height-wrapper\" href=\"https:\/\/www.msn.com\/es-mx\/noticias\/mexico\/magistrada-derribar-instituciones-nunca-es-la-salida-y-la-constituci%C3%B3n-no-se-tumba-con-una-ley\/ar-AA17bVVe?cvid=f28a9964ed574a6eb8e7d04a04a7c219&amp;fullscreen=true#image=4\" target=\"_self\" data-t=\"{&quot;n&quot;:&quot;destination&quot;,&quot;t&quot;:14,&quot;b&quot;:1,&quot;c.t&quot;:14}\" rel=\"noopener\"><img decoding=\"async\" class=\"article-image \" tabindex=\"0\" title=\"INE determina improcedente sanci\u00f3n por espectaculares de Sheinbaum y Ad\u00e1n Augusto\" src=\"https:\/\/img-s-msn-com.akamaized.net\/tenant\/amp\/entityid\/AA16xbUL.img?w=768&amp;h=478&amp;m=6&amp;x=58&amp;y=109&amp;s=866&amp;d=170\" alt=\"INE determina improcedente sanci\u00f3n por espectaculares de Sheinbaum y Ad\u00e1n Augusto\" \/><\/a><\/p>\n<div class=\"image-caption-container   content-small-text \"><span class=\"image-caption\">INE determina improcedente sanci\u00f3n por espectaculares de Sheinbaum y Ad\u00e1n Augusto<\/span><span class=\"image-attribution \">\u00a9\u00a0Proporcionado por MILENIO<\/span><\/div>\n<\/div>\n<\/div>\n<\/li>\n<\/ul>\n<\/div>\n<p data-t=\"{&quot;n&quot;:&quot;blueLinks&quot;}\"><strong>\u00bfCree que lo que se buscaba era dar m\u00e1s margen de maniobra rumbo al 2024?<\/strong><\/p>\n<div class=\"article-clear-div\"><\/div>\n<blockquote class=\"blockquote-text\"><p>No s\u00e9 si de cara a los procesos electorales intentar allanar el camino o ponerlo como piedritas o ponerle florecitas o alfombra o agua, pero no vamos a volver a lo mismo de estar en estas l\u00edneas tenues entre lo que es legal y lo que es ilegal, yo apelar\u00eda a que se mueva todo a partir de los principios del servicio p\u00fablico que est\u00e1n en la Constituci\u00f3n, que persisten y perviven y que \u00e9se sea el faro.<\/p><\/blockquote>\n<blockquote class=\"blockquote-text\"><p>Por ejemplo, yo como juzgadora s\u00e9 que mis sanciones, hasta hace unos meses eran 50 por ciento y con una reform los redujeron hasta el 25 \u00bfpor qu\u00e9 ser\u00e1?, o sea \u00bfes hasta el 25 porque saben que van a tener mucha sanciones y era mucho el dinero en posible reducci\u00f3n y entonces mejor lo bajaron? A m\u00ed me llam\u00f3 la atenci\u00f3n, porque a m\u00ed no me importa que pongan el 50, el 60 o el 70 porque yo s\u00e9 que no voy a violar la ley.<\/p><\/blockquote>\n<div class=\"article-image-slot\" data-image-href=\"https:\/\/www.msn.com\/es-mx\/noticias\/mexico\/magistrada-derribar-instituciones-nunca-es-la-salida-y-la-constituci%C3%B3n-no-se-tumba-con-una-ley\/ar-AA17bVVe?cvid=f28a9964ed574a6eb8e7d04a04a7c219&amp;fullscreen=true#image=5\" data-doc-id=\"cms\/api\/amp\/image\/AA17bJDf\" data-rendered=\"true\">\n<div class=\"article-image-container   \" data-t=\"{&quot;n&quot;:&quot;OpenModal&quot;,&quot;t&quot;:13}\">\n<div style=\"width: 778px\" class=\"wp-caption alignnone\"><a class=\"article-image-height-wrapper\" href=\"https:\/\/www.msn.com\/es-mx\/noticias\/mexico\/magistrada-derribar-instituciones-nunca-es-la-salida-y-la-constituci%C3%B3n-no-se-tumba-con-una-ley\/ar-AA17bVVe?cvid=f28a9964ed574a6eb8e7d04a04a7c219&amp;fullscreen=true#image=5\" data-t=\"{&quot;n&quot;:&quot;destination&quot;,&quot;t&quot;:14,&quot;b&quot;:1,&quot;c.t&quot;:14}\"><img loading=\"lazy\" decoding=\"async\" class=\"article-image \" tabindex=\"0\" title=\"(Especial)\" src=\"https:\/\/img-s-msn-com.akamaized.net\/tenant\/amp\/entityid\/AA17bJDf.img?w=768&amp;h=512&amp;m=6&amp;x=357&amp;y=201&amp;s=144&amp;d=144\" alt=\"(Especial)\" width=\"768\" height=\"512\" \/><\/a><p class=\"wp-caption-text\">(Especial)\u00a9\u00a0Proporcionado por MILENIO<\/p><\/div>\n<div class=\"image-caption-container   content-small-text \"><\/div>\n<\/div>\n<\/div>\n<blockquote><p>Ahora voy a ver ahora todas estas normas para ver cu\u00e1l es la intenci\u00f3n. \u00bfLa intenci\u00f3n es caminar en el terreno de la legalidad y de la transparencia y que la gente vea bien el servicio p\u00fablico? A lo mejor peco de ingenuidad y yo podr\u00e9 tener muchas razones en la cabeza pero mi papel no es \u00e9se, mi papel ser\u00e1 analizar estas nuevas normas a ver c\u00f3mo es que se prepararon no el terreno pol\u00edtico-electoral, sino el terreno en la jurisdicci\u00f3n, porque las normas se las dan y nacen en los cuerpos legislativos, ellos se dan las normas y las vamos a interpretar y a aplicar.<\/p><\/blockquote>\n<div class=\"div-related-embed article-video-slot article-video-slot-adjust\" data-content-embed-type=\"auto\" data-doc-id=\"AA16rW9W\" data-rendered=\"true\">\n<p class=\"blue-marker-before video-title\" data-test-id=\"video-embed-title\"><span class=\"\">Video relacionado<\/span>: La nueva magistrada del Constitucional que rechaz\u00f3 el 25% de castellano se ocupar\u00e1 del recurso contra las leyes de la Generalitat (Dailymotion)<\/p>\n<\/div>\n<\/div>\n<\/article>\n<\/section>\n<\/div>\n<p data-test-id=\"video-embed-title\">\n<p data-test-id=\"video-embed-title\">Con informaci\u00f3n de Milenio<\/p>\n","protected":false},"excerpt":{"rendered":"<p>La idea de extinguir a la\u00a0Sala Regional Especializada del Tribunal Electoral,\u00a0despareci\u00f3 con la misma espontaneidad con la que inexplicablemente se impuso en el\u00a0\u201cPlan B\u201d\u00a0de la reforma electoral, hasta que, en diciembre pasado, los legisladores terminaron por darse cuenta que la improvisada propuesta, les afectaba sus derechos de impugnaci\u00f3n. Sin embargo, en entrevista con\u00a0MILENIO,\u00a0la magistrada\u00a0Gabriela Villafuerte\u00a0reconoce que todo puede pasar y \u201ctodos los d\u00edas est\u00e1n en la mira de destrucci\u00f3n\u201d, aunque advierte que destruir instituciones nunca ser\u00e1 la mejor salida. Explica\u00a0la relevancia de esta Sala\u00a0para que la ciudadan\u00eda sepa si en el servicio p\u00fablico \u201cse portan bien\u201d en t\u00e9rminos electorales y [&hellip;]<\/p>\n","protected":false},"author":3,"featured_media":68231,"comment_status":"open","ping_status":"open","sticky":false,"template":"","format":"standard","meta":{"_jetpack_newsletter_access":"","_jetpack_dont_email_post_to_subs":false,"_jetpack_newsletter_tier_id":0,"_jetpack_memberships_contains_paywalled_content":false,"_jetpack_feature_clip_id":0,"_jetpack_memberships_contains_paid_content":false,"footnotes":"","jetpack_publicize_message":"","jetpack_publicize_feature_enabled":true,"jetpack_social_post_already_shared":true,"jetpack_social_options":{"image_generator_settings":{"template":"highway","default_image_id":0,"font":"","enabled":false},"version":2},"jetpack_post_was_ever_published":false},"categories":[75,72],"tags":[],"class_list":["post-68229","post","type-post","status-publish","format-standard","has-post-thumbnail","hentry","category-nacional","category-portada","post--single"],"jetpack_publicize_connections":[],"jetpack_featured_media_url":"https:\/\/ovelanalista.com\/wp-content\/uploads\/2023\/02\/tepjf.jpeg","jetpack_sharing_enabled":true,"_links":{"self":[{"href":"https:\/\/ovelanalista.com\/index.php?rest_route=\/wp\/v2\/posts\/68229","targetHints":{"allow":["GET"]}}],"collection":[{"href":"https:\/\/ovelanalista.com\/index.php?rest_route=\/wp\/v2\/posts"}],"about":[{"href":"https:\/\/ovelanalista.com\/index.php?rest_route=\/wp\/v2\/types\/post"}],"author":[{"embeddable":true,"href":"https:\/\/ovelanalista.com\/index.php?rest_route=\/wp\/v2\/users\/3"}],"replies":[{"embeddable":true,"href":"https:\/\/ovelanalista.com\/index.php?rest_route=%2Fwp%2Fv2%2Fcomments&post=68229"}],"version-history":[{"count":1,"href":"https:\/\/ovelanalista.com\/index.php?rest_route=\/wp\/v2\/posts\/68229\/revisions"}],"predecessor-version":[{"id":68232,"href":"https:\/\/ovelanalista.com\/index.php?rest_route=\/wp\/v2\/posts\/68229\/revisions\/68232"}],"wp:featuredmedia":[{"embeddable":true,"href":"https:\/\/ovelanalista.com\/index.php?rest_route=\/wp\/v2\/media\/68231"}],"wp:attachment":[{"href":"https:\/\/ovelanalista.com\/index.php?rest_route=%2Fwp%2Fv2%2Fmedia&parent=68229"}],"wp:term":[{"taxonomy":"category","embeddable":true,"href":"https:\/\/ovelanalista.com\/index.php?rest_route=%2Fwp%2Fv2%2Fcategories&post=68229"},{"taxonomy":"post_tag","embeddable":true,"href":"https:\/\/ovelanalista.com\/index.php?rest_route=%2Fwp%2Fv2%2Ftags&post=68229"}],"curies":[{"name":"wp","href":"https:\/\/api.w.org\/{rel}","templated":true}]}}