{"id":68230,"date":"2023-02-07T15:10:57","date_gmt":"2023-02-07T22:10:57","guid":{"rendered":"https:\/\/ovelanalista.com\/?p=68230"},"modified":"2023-02-07T14:52:30","modified_gmt":"2023-02-07T21:52:30","slug":"60-organizaciones-convocan-a-marcha-contra-plan-b-de-amlo","status":"publish","type":"post","link":"https:\/\/ovelanalista.com\/?p=68230","title":{"rendered":"60 organizaciones convocan a marcha contra \u2018Plan B\u2019 de AMLO"},"content":{"rendered":"<p data-t=\"{&quot;n&quot;:&quot;blueLinks&quot;}\">M\u00e1s de 60 organizaciones civiles mexicanas convocaron este martes a una segunda marcha el 26 de febrero para rechazar la reforma electoral del presidente, Andr\u00e9s Manuel L\u00f3pez Obrador, que se discute en el Congreso y la que consideran ser\u00e1 la \u201cm\u00e1s impugnada de la historia\u201d.<\/p>\n<p data-t=\"{&quot;n&quot;:&quot;blueLinks&quot;}\">\u201cBuscamos que esta sea la norma m\u00e1s impugnada de la historia para mandar un claro mensaje a los tres poderes de la Uni\u00f3n, pero sobre todo al Poder Judicial, de que las y los ciudadanos estamos dispuestos a dar la batalla en<b>\u00a0defensa de la democracia<\/b>\u00a0desde todas las trincheras\u201d, expresaron en un comunicado.<\/p>\n<p data-t=\"{&quot;n&quot;:&quot;blueLinks&quot;}\">La concentraci\u00f3n, de nombre\u00a0<b>#MiVotoNoSeToca<\/b>, se centrar\u00e1 en el llamado \u201cPlan B\u201d que impulsa L\u00f3pez Obrador despu\u00e9s de que su reforma constitucional fracas\u00f3 en diciembre pasado.<\/p>\n<p data-t=\"{&quot;n&quot;:&quot;blueLinks&quot;}\">Con la nueva reforma legal se pretende ahorrar 3,500 millones de pesos en el\u00a0<b>Instituto Nacional Electoral\u00a0<\/b>(INE), eliminar facultades para sancionar partidos y funcionarios, as\u00ed como desaparecer el conteo r\u00e1pido que se da inmediatamente despu\u00e9s de una elecci\u00f3n en M\u00e9xico.<\/p>\n<p data-t=\"{&quot;n&quot;:&quot;blueLinks&quot;}\">De acuerdo con organizaciones como<b>\u00a0Frente C\u00edvico Nacional<\/b>, Poder Ciudadano, S\u00ed por M\u00e9xico, Sociedad Civil M\u00e9xico, Une y Unidos por M\u00e9xico, los cambios son inconstitucionales porque violan derechos referentes al voto libre en elecciones aut\u00e9nticas y democr\u00e1ticas, as\u00ed como la autonom\u00eda\u00a0<b>INE<\/b>.<\/p>\n<p class=\"\" data-t=\"{&quot;n&quot;:&quot;blueLinks&quot;}\">Adem\u00e1s, se\u00f1alaron que est\u00e1n en riesgo las pr\u00f3ximas\u00a0<b>elecciones presidenciales<\/b>\u00a0de junio de 2024 ante la reducci\u00f3n de personal, el padr\u00f3n electoral y las credenciales de identificaci\u00f3n para votar, la certeza de los resultados de una elecci\u00f3n y, sobre todo, que desmantela al INE al reducir un 84.6 % su personal profesional.<\/p>\n<p class=\"\" data-t=\"{&quot;n&quot;:&quot;blueLinks&quot;}\">La concentraci\u00f3n principal ser\u00e1 en el\u00a0<b>Z\u00f3calo de Ciudad de M\u00e9xico<\/b>, frente a la Suprema Corte de Justicia de la Naci\u00f3n (SCJN), pero se espera que la marcha se replique en al menos 35 ciudades.<\/p>\n<p class=\"\" data-t=\"{&quot;n&quot;:&quot;blueLinks&quot;}\">\n<div class=\"article-clear-div\"><\/div>\n<div class=\"article-image-slot\" data-image-href=\"https:\/\/www.msn.com\/es-mx\/noticias\/mexico\/60-organizaciones-convocan-a-marcha-contra-plan-b-de-amlo\/ar-AA17dOGr?cvid=f28a9964ed574a6eb8e7d04a04a7c219&amp;fullscreen=true#image=2\" data-doc-id=\"cms\/api\/amp\/image\/AA14tE1T\" data-rendered=\"true\">\n<div class=\"article-image-container   \" data-t=\"{&quot;n&quot;:&quot;OpenModal&quot;,&quot;t&quot;:13}\"><a class=\"article-image-height-wrapper\" href=\"https:\/\/www.msn.com\/es-mx\/noticias\/mexico\/60-organizaciones-convocan-a-marcha-contra-plan-b-de-amlo\/ar-AA17dOGr?cvid=f28a9964ed574a6eb8e7d04a04a7c219&amp;fullscreen=true&amp;crc=true#image=2\" target=\"_self\" data-t=\"{&quot;n&quot;:&quot;destination&quot;,&quot;t&quot;:14,&quot;b&quot;:1,&quot;c.t&quot;:14}\" rel=\"noopener\"><img decoding=\"async\" class=\"article-image \" tabindex=\"0\" title=\"En marcha del INE hubo muchos reportes de robo de carteras: AMLO\" src=\"https:\/\/img-s-msn-com.akamaized.net\/tenant\/amp\/entityid\/AA14tE1T.img?w=700&amp;h=438&amp;m=6\" alt=\"En marcha del INE hubo muchos reportes de robo de carteras: AMLO\" \/><\/a><\/p>\n<div class=\"image-caption-container   content-small-text \"><span class=\"image-caption\">En marcha del INE hubo muchos reportes de robo de carteras: AMLO<\/span><span class=\"image-attribution \">\u00a9\u00a0Proporcionado por Aristegui Noticias<\/span><\/div>\n<\/div>\n<\/div>\n<p class=\"\" data-t=\"{&quot;n&quot;:&quot;blueLinks&quot;}\">Seg\u00fan la convocatoria, podr\u00e1n sumar todos \u201caquellas personas, organizaciones y fuerzas pol\u00edticas que est\u00e9n en defensa de la democracia y en contra del\u00a0<b>\u2018plan B\u2019<\/b>, pero los protagonistas, como el pasado 13 de noviembre, son los ciudadanos\u201d.<\/p>\n<p class=\"\" data-t=\"{&quot;n&quot;:&quot;blueLinks&quot;}\">Esto en referencia a la\u00a0<b>marcha<\/b>\u00a0que las mismas organizaciones convocaron en esa fecha contra la reforma constitucional, que result\u00f3 en una de las mayores\u00a0<b>movilizaciones<\/b>\u00a0contra una iniciativa de L\u00f3pez Obrador.<\/p>\n<p class=\"\" data-t=\"{&quot;n&quot;:&quot;blueLinks&quot;}\">Antes, el\u00a0<b>Consejo Coordinador Empresarial<\/b>\u00a0(CCE), la c\u00fapula del sector privado mexicano, pidi\u00f3 a los legisladores que lleguen a un consenso respecto al llamado \u201cPlan B\u201d.<\/p>\n<p class=\"\" data-t=\"{&quot;n&quot;:&quot;blueLinks&quot;}\">Anteriormente, el propio presidente del INE,<b>\u00a0Lorenzo C\u00f3rdova<\/b>, tambi\u00e9n llam\u00f3 a la ciudadan\u00eda a defender la democracia y la integridad del \u00f3rgano aut\u00f3nomo que organiza las elecciones en M\u00e9xico.<\/p>\n<p data-t=\"{&quot;n&quot;:&quot;blueLinks&quot;}\">\n<p data-t=\"{&quot;n&quot;:&quot;blueLinks&quot;}\">Con informaci\u00f3n de Aristegui Noticias<\/p>\n","protected":false},"excerpt":{"rendered":"<p>M\u00e1s de 60 organizaciones civiles mexicanas convocaron este martes a una segunda marcha el 26 de febrero para rechazar la reforma electoral del presidente, Andr\u00e9s Manuel L\u00f3pez Obrador, que se discute en el Congreso y la que consideran ser\u00e1 la \u201cm\u00e1s impugnada de la historia\u201d. \u201cBuscamos que esta sea la norma m\u00e1s impugnada de la historia para mandar un claro mensaje a los tres poderes de la Uni\u00f3n, pero sobre todo al Poder Judicial, de que las y los ciudadanos estamos dispuestos a dar la batalla en\u00a0defensa de la democracia\u00a0desde todas las trincheras\u201d, expresaron en un comunicado. La concentraci\u00f3n, de [&hellip;]<\/p>\n","protected":false},"author":3,"featured_media":68233,"comment_status":"open","ping_status":"open","sticky":false,"template":"","format":"standard","meta":{"_jetpack_newsletter_access":"","_jetpack_dont_email_post_to_subs":false,"_jetpack_newsletter_tier_id":0,"_jetpack_memberships_contains_paywalled_content":false,"_jetpack_feature_clip_id":0,"_jetpack_memberships_contains_paid_content":false,"footnotes":"","jetpack_publicize_message":"","jetpack_publicize_feature_enabled":true,"jetpack_social_post_already_shared":true,"jetpack_social_options":{"image_generator_settings":{"template":"highway","default_image_id":0,"font":"","enabled":false},"version":2},"jetpack_post_was_ever_published":false},"categories":[75,72],"tags":[],"class_list":["post-68230","post","type-post","status-publish","format-standard","has-post-thumbnail","hentry","category-nacional","category-portada","post--single"],"jetpack_publicize_connections":[],"jetpack_featured_media_url":"https:\/\/ovelanalista.com\/wp-content\/uploads\/2023\/02\/Plan-B.jpeg","jetpack_sharing_enabled":true,"_links":{"self":[{"href":"https:\/\/ovelanalista.com\/index.php?rest_route=\/wp\/v2\/posts\/68230","targetHints":{"allow":["GET"]}}],"collection":[{"href":"https:\/\/ovelanalista.com\/index.php?rest_route=\/wp\/v2\/posts"}],"about":[{"href":"https:\/\/ovelanalista.com\/index.php?rest_route=\/wp\/v2\/types\/post"}],"author":[{"embeddable":true,"href":"https:\/\/ovelanalista.com\/index.php?rest_route=\/wp\/v2\/users\/3"}],"replies":[{"embeddable":true,"href":"https:\/\/ovelanalista.com\/index.php?rest_route=%2Fwp%2Fv2%2Fcomments&post=68230"}],"version-history":[{"count":1,"href":"https:\/\/ovelanalista.com\/index.php?rest_route=\/wp\/v2\/posts\/68230\/revisions"}],"predecessor-version":[{"id":68235,"href":"https:\/\/ovelanalista.com\/index.php?rest_route=\/wp\/v2\/posts\/68230\/revisions\/68235"}],"wp:featuredmedia":[{"embeddable":true,"href":"https:\/\/ovelanalista.com\/index.php?rest_route=\/wp\/v2\/media\/68233"}],"wp:attachment":[{"href":"https:\/\/ovelanalista.com\/index.php?rest_route=%2Fwp%2Fv2%2Fmedia&parent=68230"}],"wp:term":[{"taxonomy":"category","embeddable":true,"href":"https:\/\/ovelanalista.com\/index.php?rest_route=%2Fwp%2Fv2%2Fcategories&post=68230"},{"taxonomy":"post_tag","embeddable":true,"href":"https:\/\/ovelanalista.com\/index.php?rest_route=%2Fwp%2Fv2%2Ftags&post=68230"}],"curies":[{"name":"wp","href":"https:\/\/api.w.org\/{rel}","templated":true}]}}