{"id":68241,"date":"2023-02-07T15:40:33","date_gmt":"2023-02-07T22:40:33","guid":{"rendered":"https:\/\/ovelanalista.com\/?p=68241"},"modified":"2023-02-07T15:22:10","modified_gmt":"2023-02-07T22:22:10","slug":"amlo-cuestiona-a-exembajador-de-eu-por-caso-garcia-luna","status":"publish","type":"post","link":"https:\/\/ovelanalista.com\/?p=68241","title":{"rendered":"AMLO cuestiona a exembajador de EU por caso Garc\u00eda Luna"},"content":{"rendered":"<p data-t=\"{&quot;n&quot;:&quot;blueLinks&quot;}\">Durante su conferencia matutina del 7 de febrero, desde Palacio Nacional, el\u00a0<strong>presidente Andr\u00e9s Manuel L\u00f3pez Obrador<\/strong>\u00a0critic\u00f3 a quien fuera\u00a0embajador de Estados Unidos en M\u00e9xico entre 2011 y 2015,\u00a0<strong>Anthony Wayne<\/strong>, por el testimonio que rindi\u00f3 en el<strong>\u00a0juicio contra Genaro Garc\u00eda Luna<\/strong>, a quien \u00fanicamente se\u00f1al\u00f3 por tener en su casa un acuario muy grande. AMLO\u00a0remarc\u00f3 que en ese tiempo exist\u00eda una relaci\u00f3n muy estrecha entre las agencias de seguridad estadunidense y el gobierno de Felipe Calder\u00f3n, por lo que le parece que el ex embajador debe saber m\u00e1s de lo que dej\u00f3 ver.<\/p>\n<div class=\"article-image-container   \" data-t=\"{&quot;n&quot;:&quot;OpenModal&quot;,&quot;t&quot;:13}\">\n<blockquote><p>\u201cFue representante de Estados Unidos en M\u00e9xico, ingres\u00f3 en 1910, perd\u00f3n, 2010, que fue el a\u00f1o de m\u00e1s violencia, de m\u00e1s enfrentamientos y asesinatos, cuando se elev\u00f3 como nunca el \u00edndice de letalidad, entonces c\u00f3mo que no se enter\u00f3 de nada, que nada m\u00e1s convivi\u00f3 con Garc\u00eda Luna\u201d, critic\u00f3 el presidente de M\u00e9xico, And\u00e9s Manuel L\u00f3pez Obrador.<\/p><\/blockquote>\n<p data-t=\"{&quot;n&quot;:&quot;blueLinks&quot;}\">Asimismo, el mandatario mexicano record\u00f3 que\u00a0<strong>Anthony Wayne<\/strong>\u00a0fue el reemplazo del embajador Carlos Pascual, quien s\u00ed se enfrent\u00f3 al<strong>\u00a0gobierno de Calder\u00f3n<\/strong>\u00a0cuando critic\u00f3\u00a0el comportamiento de las<strong>\u00a0instituciones de seguridad mexicanas<\/strong>. El presidente\u00a0<strong>Andr\u00e9s Manuel\u00a0<\/strong>considera que quiz\u00e1 m\u00e1s adelante el propio ex embajador podr\u00eda ser llamado el tribunal en calidad de testigo.<\/p>\n<blockquote><p>\u201cQue a ese le toc\u00f3 y \u00e9l fue muy activo, cuando el enfrentamiento en donde perdi\u00f3 la vida fue asesinado en el combate Beltr\u00e1n Leyva. C\u00f3mo a la semana de eso, a uno de los marinos que hab\u00eda participado all\u00e1 en mi tierra, en Para\u00edso, fueron un comando y asesin\u00f3 a toda su familia, entonces hay esos cables y este se\u00f1or pues s\u00ed supo much\u00edsimas cosas. A lo mejor s\u00ed lo tienen contemplado y hay que esperarnos\u201d, coment\u00f3 AMLO.<\/p><\/blockquote>\n<p class=\"continue-read-break\" data-t=\"{&quot;n&quot;:&quot;blueLinks&quot;}\">Sobre la posibilidad de comenzar una investigaci\u00f3n contra el ex gobernador de Coahuila, Humberto Moreira, por posibles delitos cometidos en M\u00e9xico luego de que su ex tesorero diera a conocer presuntos actos de corrupci\u00f3n y cobro de sobornos a empresarios durante el juicio a Garc\u00eda Luna, el presidente de M\u00e9xico pidi\u00f3 no hacer juicios anticipados.<\/p>\n<div class=\"article-clear-div\"><\/div>\n<blockquote><p>\u201cVamos a revisar, no queremos nosotros tomar decisiones sin la reflexi\u00f3n, sin el an\u00e1lisis y adem\u00e1s buscando siempre contar con pruebas, elementos, para no fabricar delitos a nadie\u201d, remarc\u00f3.<\/p><\/blockquote>\n<p>Con informaci\u00f3n de Quinto Poder<\/p>\n<\/div>\n","protected":false},"excerpt":{"rendered":"<p>Durante su conferencia matutina del 7 de febrero, desde Palacio Nacional, el\u00a0presidente Andr\u00e9s Manuel L\u00f3pez Obrador\u00a0critic\u00f3 a quien fuera\u00a0embajador de Estados Unidos en M\u00e9xico entre 2011 y 2015,\u00a0Anthony Wayne, por el testimonio que rindi\u00f3 en el\u00a0juicio contra Genaro Garc\u00eda Luna, a quien \u00fanicamente se\u00f1al\u00f3 por tener en su casa un acuario muy grande. AMLO\u00a0remarc\u00f3 que en ese tiempo exist\u00eda una relaci\u00f3n muy estrecha entre las agencias de seguridad estadunidense y el gobierno de Felipe Calder\u00f3n, por lo que le parece que el ex embajador debe saber m\u00e1s de lo que dej\u00f3 ver. \u201cFue representante de Estados Unidos en M\u00e9xico, ingres\u00f3 [&hellip;]<\/p>\n","protected":false},"author":3,"featured_media":67224,"comment_status":"open","ping_status":"open","sticky":false,"template":"","format":"standard","meta":{"_jetpack_newsletter_access":"","_jetpack_dont_email_post_to_subs":false,"_jetpack_newsletter_tier_id":0,"_jetpack_memberships_contains_paywalled_content":false,"_jetpack_feature_clip_id":0,"_jetpack_memberships_contains_paid_content":false,"footnotes":"","jetpack_publicize_message":"","jetpack_publicize_feature_enabled":true,"jetpack_social_post_already_shared":true,"jetpack_social_options":{"image_generator_settings":{"template":"highway","default_image_id":0,"font":"","enabled":false},"version":2},"jetpack_post_was_ever_published":false},"categories":[75,72],"tags":[],"class_list":["post-68241","post","type-post","status-publish","format-standard","has-post-thumbnail","hentry","category-nacional","category-portada","post--single"],"jetpack_publicize_connections":[],"jetpack_featured_media_url":"https:\/\/ovelanalista.com\/wp-content\/uploads\/2023\/01\/AMLO-2.webp","jetpack_sharing_enabled":true,"_links":{"self":[{"href":"https:\/\/ovelanalista.com\/index.php?rest_route=\/wp\/v2\/posts\/68241","targetHints":{"allow":["GET"]}}],"collection":[{"href":"https:\/\/ovelanalista.com\/index.php?rest_route=\/wp\/v2\/posts"}],"about":[{"href":"https:\/\/ovelanalista.com\/index.php?rest_route=\/wp\/v2\/types\/post"}],"author":[{"embeddable":true,"href":"https:\/\/ovelanalista.com\/index.php?rest_route=\/wp\/v2\/users\/3"}],"replies":[{"embeddable":true,"href":"https:\/\/ovelanalista.com\/index.php?rest_route=%2Fwp%2Fv2%2Fcomments&post=68241"}],"version-history":[{"count":1,"href":"https:\/\/ovelanalista.com\/index.php?rest_route=\/wp\/v2\/posts\/68241\/revisions"}],"predecessor-version":[{"id":68243,"href":"https:\/\/ovelanalista.com\/index.php?rest_route=\/wp\/v2\/posts\/68241\/revisions\/68243"}],"wp:featuredmedia":[{"embeddable":true,"href":"https:\/\/ovelanalista.com\/index.php?rest_route=\/wp\/v2\/media\/67224"}],"wp:attachment":[{"href":"https:\/\/ovelanalista.com\/index.php?rest_route=%2Fwp%2Fv2%2Fmedia&parent=68241"}],"wp:term":[{"taxonomy":"category","embeddable":true,"href":"https:\/\/ovelanalista.com\/index.php?rest_route=%2Fwp%2Fv2%2Fcategories&post=68241"},{"taxonomy":"post_tag","embeddable":true,"href":"https:\/\/ovelanalista.com\/index.php?rest_route=%2Fwp%2Fv2%2Ftags&post=68241"}],"curies":[{"name":"wp","href":"https:\/\/api.w.org\/{rel}","templated":true}]}}