{"id":68244,"date":"2023-02-07T16:00:59","date_gmt":"2023-02-07T23:00:59","guid":{"rendered":"https:\/\/ovelanalista.com\/?p=68244"},"modified":"2023-02-07T15:26:44","modified_gmt":"2023-02-07T22:26:44","slug":"ine-niega-un-riesgo-para-la-eleccion-extraordinaria-en-tamaulipas","status":"publish","type":"post","link":"https:\/\/ovelanalista.com\/?p=68244","title":{"rendered":"INE niega un riesgo para la elecci\u00f3n extraordinaria en Tamaulipas"},"content":{"rendered":"<p data-t=\"{&quot;n&quot;:&quot;blueLinks&quot;}\">Un supervisor del INE en Tamaulipas se encuentra en calidad de desaparecido, reconoci\u00f3 la\u00a0<strong>Comisi\u00f3n Estatal de B\u00fasqueda<\/strong>, mientras el \u00f3rgano electoral rechaz\u00f3 sea un signo de violencia que refleje riesgos a su personal o a la ciudadan\u00eda.<\/p>\n<div class=\"article-image-container   \" data-t=\"{&quot;n&quot;:&quot;OpenModal&quot;,&quot;t&quot;:13}\">\n<p data-t=\"{&quot;n&quot;:&quot;blueLinks&quot;}\">Jorge Mac\u00edas, titular de la citada comisi\u00f3n, mencion\u00f3 que el caso est\u00e1 en el \u00e1mbito de la\u00a0<a tabindex=\"0\" title=\"Fiscal\u00eda General de Justicia de Tamaulipas\" href=\"https:\/\/www.milenio.com\/temas\/fiscalia-general-de-justicia-de-tamaulipas\" target=\"_blank\" rel=\"noopener\" data-t=\"{&quot;n&quot;:&quot;destination&quot;,&quot;t&quot;:13,&quot;b&quot;:1,&quot;c.t&quot;:7}\">Fiscal\u00eda General de Justicia del Estado<\/a>\u00a0y agreg\u00f3 que el joven desaparecido desde el pasado fin de semana, tiene un contrato temporal en el INE como supervisor electoral, asignado al<strong>\u00a0IV Distrito<\/strong>\u00a0de Matamoros.<\/p>\n<div class=\"article-clear-div\"><\/div>\n<blockquote class=\"blockquote-text\"><p>\u201cPara efectos del proceso electoral no tenemos un problema o un tema de inseguridad hasta el momento\u201d, se\u00f1al\u00f3 a su vez el presidente del INE en Tamaulipas, Sergio Iv\u00e1n Ruiz Castellot.<\/p><\/blockquote>\n<p data-t=\"{&quot;n&quot;:&quot;blueLinks&quot;}\">Sobre el caso de Matamoros, refiri\u00f3 que no se cree tenga que ver con su labor como supervisor electoral. \u201cEn el trabajo de l\u00ednea no hemos tenido ninguna afectaci\u00f3n, ning\u00fan problema con la gente que est\u00e1 haciendo su trabajo y no se espera tenerlos en la jornada del 19 de febrero\u201d.<\/p>\n<p data-t=\"{&quot;n&quot;:&quot;blueLinks&quot;}\">Dijo que seguramente se trata de un caso aislado, pues no hay indicios que hagan suponer un riesgo para el personal contratado por el Instituto.<\/p>\n<div class=\"article-clear-div\"><\/div>\n<blockquote class=\"blockquote-text\"><p>\u201cNo ha sido una elecci\u00f3n donde haya alg\u00fan tipo de conflicto permanente o alguna situaci\u00f3n de tensi\u00f3n, (lo ocurrido) s\u00ed nos pone en alerta pero no hemos visto que la labor que hemos venido realizando con los ciudadanos se afecte por un tema de inseguridad\u201d.<\/p><\/blockquote>\n<p data-t=\"{&quot;n&quot;:&quot;blueLinks&quot;}\">Reiter\u00f3 que el domingo 19 de febrero, los ciudadanos tamaulipecos podr\u00e1n acudir a las urnas en completa tranquilidad, pues habr\u00e1 la debida vigilancia en toda la geograf\u00eda estatal.<\/p>\n<p class=\"continue-read-break\" data-t=\"{&quot;n&quot;:&quot;blueLinks&quot;}\">Tamaulipas tendr\u00e1 comicios extraordinarios en esa fecha para cubrir una vacante en el\u00a0<a tabindex=\"0\" title=\"Senado de la Rep\u00fablica\" href=\"https:\/\/www.milenio.com\/temas\/senado-de-la-republica\" target=\"_blank\" rel=\"noopener\" data-t=\"{&quot;n&quot;:&quot;destination&quot;,&quot;t&quot;:13,&quot;b&quot;:1,&quot;c.t&quot;:7}\">Senado de la Rep\u00fablica<\/a>, que se origin\u00f3 tras la\u00a0<a tabindex=\"0\" title=\"muerte de Faustino L\u00f3pez\" href=\"https:\/\/www.milenio.com\/politica\/faustino-lopez-vargas-senador-tamaulipas-sufre-accidente\" target=\"_blank\" rel=\"noopener\" data-t=\"{&quot;n&quot;:&quot;destination&quot;,&quot;t&quot;:13,&quot;b&quot;:1,&quot;c.t&quot;:7}\">muerte de Faustino L\u00f3pez<\/a>\u00a0en un accidente carretero en octubre del a\u00f1o pasado. Como se recordar\u00e1, \u00e9l era suplente de Am\u00e9rico Villarreal Anaya, actual gobernador.<\/p>\n<\/div>\n<p data-t=\"{&quot;n&quot;:&quot;blueLinks&quot;}\">\n<p data-t=\"{&quot;n&quot;:&quot;blueLinks&quot;}\">Con informaci\u00f3n de Milenio<\/p>\n","protected":false},"excerpt":{"rendered":"<p>Un supervisor del INE en Tamaulipas se encuentra en calidad de desaparecido, reconoci\u00f3 la\u00a0Comisi\u00f3n Estatal de B\u00fasqueda, mientras el \u00f3rgano electoral rechaz\u00f3 sea un signo de violencia que refleje riesgos a su personal o a la ciudadan\u00eda. Jorge Mac\u00edas, titular de la citada comisi\u00f3n, mencion\u00f3 que el caso est\u00e1 en el \u00e1mbito de la\u00a0Fiscal\u00eda General de Justicia del Estado\u00a0y agreg\u00f3 que el joven desaparecido desde el pasado fin de semana, tiene un contrato temporal en el INE como supervisor electoral, asignado al\u00a0IV Distrito\u00a0de Matamoros. \u201cPara efectos del proceso electoral no tenemos un problema o un tema de inseguridad hasta el [&hellip;]<\/p>\n","protected":false},"author":3,"featured_media":68247,"comment_status":"open","ping_status":"open","sticky":false,"template":"","format":"standard","meta":{"_jetpack_newsletter_access":"","_jetpack_dont_email_post_to_subs":false,"_jetpack_newsletter_tier_id":0,"_jetpack_memberships_contains_paywalled_content":false,"_jetpack_feature_clip_id":0,"_jetpack_memberships_contains_paid_content":false,"footnotes":"","jetpack_publicize_message":"","jetpack_publicize_feature_enabled":true,"jetpack_social_post_already_shared":true,"jetpack_social_options":{"image_generator_settings":{"template":"highway","default_image_id":0,"font":"","enabled":false},"version":2},"jetpack_post_was_ever_published":false},"categories":[75,72],"tags":[],"class_list":["post-68244","post","type-post","status-publish","format-standard","has-post-thumbnail","hentry","category-nacional","category-portada","post--single"],"jetpack_publicize_connections":[],"jetpack_featured_media_url":"https:\/\/ovelanalista.com\/wp-content\/uploads\/2023\/02\/INE-Tamaulipas.jpeg","jetpack_sharing_enabled":true,"_links":{"self":[{"href":"https:\/\/ovelanalista.com\/index.php?rest_route=\/wp\/v2\/posts\/68244","targetHints":{"allow":["GET"]}}],"collection":[{"href":"https:\/\/ovelanalista.com\/index.php?rest_route=\/wp\/v2\/posts"}],"about":[{"href":"https:\/\/ovelanalista.com\/index.php?rest_route=\/wp\/v2\/types\/post"}],"author":[{"embeddable":true,"href":"https:\/\/ovelanalista.com\/index.php?rest_route=\/wp\/v2\/users\/3"}],"replies":[{"embeddable":true,"href":"https:\/\/ovelanalista.com\/index.php?rest_route=%2Fwp%2Fv2%2Fcomments&post=68244"}],"version-history":[{"count":1,"href":"https:\/\/ovelanalista.com\/index.php?rest_route=\/wp\/v2\/posts\/68244\/revisions"}],"predecessor-version":[{"id":68249,"href":"https:\/\/ovelanalista.com\/index.php?rest_route=\/wp\/v2\/posts\/68244\/revisions\/68249"}],"wp:featuredmedia":[{"embeddable":true,"href":"https:\/\/ovelanalista.com\/index.php?rest_route=\/wp\/v2\/media\/68247"}],"wp:attachment":[{"href":"https:\/\/ovelanalista.com\/index.php?rest_route=%2Fwp%2Fv2%2Fmedia&parent=68244"}],"wp:term":[{"taxonomy":"category","embeddable":true,"href":"https:\/\/ovelanalista.com\/index.php?rest_route=%2Fwp%2Fv2%2Fcategories&post=68244"},{"taxonomy":"post_tag","embeddable":true,"href":"https:\/\/ovelanalista.com\/index.php?rest_route=%2Fwp%2Fv2%2Ftags&post=68244"}],"curies":[{"name":"wp","href":"https:\/\/api.w.org\/{rel}","templated":true}]}}