{"id":68248,"date":"2023-02-07T16:15:34","date_gmt":"2023-02-07T23:15:34","guid":{"rendered":"https:\/\/ovelanalista.com\/?p=68248"},"modified":"2023-02-07T15:28:43","modified_gmt":"2023-02-07T22:28:43","slug":"habra-una-desbandada-del-pri","status":"publish","type":"post","link":"https:\/\/ovelanalista.com\/?p=68248","title":{"rendered":"\u00bfHabr\u00e1 una desbandada del PRI?"},"content":{"rendered":"<p data-t=\"{&quot;n&quot;:&quot;blueLinks&quot;}\">En medio de los p<strong>reparativos para que el CEN del\u00a0<\/strong><a tabindex=\"0\" href=\"https:\/\/www.debate.com.mx\/sinaloa\/politica\/Vence-periodo-de-presidencia-provisional-del-PRI-en-Sinaloa-de-Ramiro-Hernandez-siguen-sin-acuerdo--20230206-0074.html\" target=\"_blank\" rel=\"noopener\" data-t=\"{&quot;n&quot;:&quot;destination&quot;,&quot;t&quot;:13,&quot;b&quot;:1,&quot;c.t&quot;:7}\">PRI<\/a><strong>\u00a0integre una planilla de unidad\u00a0<\/strong>para el\u00a0<strong>relevo de mandos en Sinaloa<\/strong>, prevalecen las versiones de\u00a0<strong>posibles desbandadas de militantes.<\/strong>\u00a0El fin de semana trascendi\u00f3 la posible renuncia de la coordinadora del grupo parlamentario del PRI, Cinthia Valenzuela Langarica. \u00a0Se dice que la exl\u00edder del PRI en Sinaloa no est\u00e1 conforme con la imposici\u00f3n de dirigentes de las c\u00fapulas del partido. No obstante, la legisladora \u00a0rechaz\u00f3 que vaya a renunciar a su militancia y dijo que est\u00e1 trabajando en la pr\u00f3xima presentaci\u00f3n de iniciativas como bancada. \u00a0\u00bfSer\u00e1?<\/p>\n<div class=\"article-image-container   \" data-t=\"{&quot;n&quot;:&quot;OpenModal&quot;,&quot;t&quot;:13}\">\n<p data-t=\"{&quot;n&quot;:&quot;blueLinks&quot;}\">La que tambi\u00e9n sali\u00f3 a aclarar su situaci\u00f3n pol\u00edtica es<strong>\u00a0la l\u00edder de Morena en Sinaloa, Merary Villegas S\u00e1nchez.<\/strong>\u00a0Y es que en las \u00faltimas semanas<strong>\u00a0se ha criticado a Morena por buscar reclutar a pol\u00edticos que militan en otros partidos<\/strong>, especialmente en el PRI y del Partido Sinaloense. Pero Villegas S\u00e1nchez neg\u00f3 las versiones y sostuvo que al menos Morena tiene las puertas abiertas para recibir a los ciudadanos que se identifiquen con el proyecto de la Cuarta Transformaci\u00f3n, y eso incluye a los actuales militantes de otros partido. Pero de ah\u00ed a que busquen a los pol\u00edticos, eso s\u00ed no es verdad.<\/p>\n<p class=\"continue-read-break\" data-t=\"{&quot;n&quot;:&quot;blueLinks&quot;}\">El\u00a0<strong>regidor panista Sadol Osorio Porras<\/strong>\u00a0se ha convertido en una de las\u00a0<strong>pocas voces cr\u00edticas en el cabildo de Culiac\u00e1n,\u00a0<\/strong>que se levanta para hacer una autocr\u00edtica de la actual administraci\u00f3n y llama a retomar el rumbo correcto. Durante las \u00faltimas dos semanas critic\u00f3 la cerraz\u00f3n del cabildo para autorizar a los comerciantes del centro un descuento del 40 por ciento para el pago del predial, pues el Ayuntamiento s\u00ed cuenta con los recursos para hacerlo. M\u00e1s recientemente, en<strong>\u00a0entrevista con EL DEBATE, el panista denunci\u00f3 la escasa capacidad recaudatoria del Ayuntamiento que preside Juan de Dios G\u00e1mez Mend\u00edvil,<\/strong>\u00a0pues la administraci\u00f3n ha dejado de cobrar las multas aplicadas por Tr\u00e1nsito Municipal, por los inspectores de Construcci\u00f3n y otras \u00e1reas. Por esto, el erario ya reporta un da\u00f1o de casi 9 millones de pesos.<\/p>\n<div class=\"article-clear-div\"><\/div>\n<p data-t=\"{&quot;n&quot;:&quot;blueLinks&quot;}\">La pol\u00e9mica por la\u00a0<strong>propuesta de reforma a las leyes org\u00e1nicas de la Universidad Aut\u00f3noma de Sinaloa y la Universidad Aut\u00f3noma de Occidente<\/strong>, no se apaga. Algunos de los diputados que integran la 64 legislatura se han pronunciado por una revisi\u00f3n a las leyes estatutarias de las universidades, pero tomando en cuenta las propuestas y las opiniones que se generen en una consulta universitaria. El Congreso se encuentra en un periodo de receso, lo cual da tiempo suficiente para que el Congreso y las rector\u00edas de las dos universidades destensen la pol\u00e9mica y la relaci\u00f3n con el Gobierno del Estado, tensa desde que el rector de la UAS llam\u00f3 al respeto de la autonom\u00eda universitaria.<\/p>\n<\/div>\n<p data-t=\"{&quot;n&quot;:&quot;blueLinks&quot;}\">\n<p data-t=\"{&quot;n&quot;:&quot;blueLinks&quot;}\">Con informaci\u00f3n de El Debate<\/p>\n","protected":false},"excerpt":{"rendered":"<p>En medio de los preparativos para que el CEN del\u00a0PRI\u00a0integre una planilla de unidad\u00a0para el\u00a0relevo de mandos en Sinaloa, prevalecen las versiones de\u00a0posibles desbandadas de militantes.\u00a0El fin de semana trascendi\u00f3 la posible renuncia de la coordinadora del grupo parlamentario del PRI, Cinthia Valenzuela Langarica. \u00a0Se dice que la exl\u00edder del PRI en Sinaloa no est\u00e1 conforme con la imposici\u00f3n de dirigentes de las c\u00fapulas del partido. No obstante, la legisladora \u00a0rechaz\u00f3 que vaya a renunciar a su militancia y dijo que est\u00e1 trabajando en la pr\u00f3xima presentaci\u00f3n de iniciativas como bancada. \u00a0\u00bfSer\u00e1? La que tambi\u00e9n sali\u00f3 a aclarar su situaci\u00f3n [&hellip;]<\/p>\n","protected":false},"author":3,"featured_media":68251,"comment_status":"open","ping_status":"open","sticky":false,"template":"","format":"standard","meta":{"_jetpack_newsletter_access":"","_jetpack_dont_email_post_to_subs":false,"_jetpack_newsletter_tier_id":0,"_jetpack_memberships_contains_paywalled_content":false,"_jetpack_feature_clip_id":0,"_jetpack_memberships_contains_paid_content":false,"footnotes":"","jetpack_publicize_message":"","jetpack_publicize_feature_enabled":true,"jetpack_social_post_already_shared":true,"jetpack_social_options":{"image_generator_settings":{"template":"highway","default_image_id":0,"font":"","enabled":false},"version":2},"jetpack_post_was_ever_published":false},"categories":[75,72],"tags":[],"class_list":["post-68248","post","type-post","status-publish","format-standard","has-post-thumbnail","hentry","category-nacional","category-portada","post--single"],"jetpack_publicize_connections":[],"jetpack_featured_media_url":"https:\/\/ovelanalista.com\/wp-content\/uploads\/2023\/02\/PRI.jpeg","jetpack_sharing_enabled":true,"_links":{"self":[{"href":"https:\/\/ovelanalista.com\/index.php?rest_route=\/wp\/v2\/posts\/68248","targetHints":{"allow":["GET"]}}],"collection":[{"href":"https:\/\/ovelanalista.com\/index.php?rest_route=\/wp\/v2\/posts"}],"about":[{"href":"https:\/\/ovelanalista.com\/index.php?rest_route=\/wp\/v2\/types\/post"}],"author":[{"embeddable":true,"href":"https:\/\/ovelanalista.com\/index.php?rest_route=\/wp\/v2\/users\/3"}],"replies":[{"embeddable":true,"href":"https:\/\/ovelanalista.com\/index.php?rest_route=%2Fwp%2Fv2%2Fcomments&post=68248"}],"version-history":[{"count":1,"href":"https:\/\/ovelanalista.com\/index.php?rest_route=\/wp\/v2\/posts\/68248\/revisions"}],"predecessor-version":[{"id":68252,"href":"https:\/\/ovelanalista.com\/index.php?rest_route=\/wp\/v2\/posts\/68248\/revisions\/68252"}],"wp:featuredmedia":[{"embeddable":true,"href":"https:\/\/ovelanalista.com\/index.php?rest_route=\/wp\/v2\/media\/68251"}],"wp:attachment":[{"href":"https:\/\/ovelanalista.com\/index.php?rest_route=%2Fwp%2Fv2%2Fmedia&parent=68248"}],"wp:term":[{"taxonomy":"category","embeddable":true,"href":"https:\/\/ovelanalista.com\/index.php?rest_route=%2Fwp%2Fv2%2Fcategories&post=68248"},{"taxonomy":"post_tag","embeddable":true,"href":"https:\/\/ovelanalista.com\/index.php?rest_route=%2Fwp%2Fv2%2Ftags&post=68248"}],"curies":[{"name":"wp","href":"https:\/\/api.w.org\/{rel}","templated":true}]}}