{"id":68250,"date":"2023-02-07T16:30:01","date_gmt":"2023-02-07T23:30:01","guid":{"rendered":"https:\/\/ovelanalista.com\/?p=68250"},"modified":"2023-02-07T15:31:49","modified_gmt":"2023-02-07T22:31:49","slug":"sspc-informa-sobre-preliberacion-de-4-mil-704-reos-por-diversas-causas","status":"publish","type":"post","link":"https:\/\/ovelanalista.com\/?p=68250","title":{"rendered":"SSPC informa sobre preliberaci\u00f3n de 4 mil 704 reos por diversas causas"},"content":{"rendered":"<p data-t=\"{&quot;n&quot;:&quot;blueLinks&quot;}\">La\u00a0<a tabindex=\"0\" href=\"https:\/\/www.excelsior.com.mx\/secretaria-de-seguridad-ciudadana\" target=\"_blank\" rel=\"noopener\" data-t=\"{&quot;n&quot;:&quot;destination&quot;,&quot;t&quot;:13,&quot;b&quot;:1,&quot;c.t&quot;:7}\">secretaria de Seguridad y Protecci\u00f3n Ciudadana<\/a>, Rosa Icela Rodr\u00edguez, afirm\u00f3 que en lo que va de la actual administraci\u00f3n se ha otorgado el beneficio de la preliberaci\u00f3n a m\u00e1s de 4 mil personas, y se han brindado 243 amnist\u00edas.<\/p>\n<p data-t=\"{&quot;n&quot;:&quot;blueLinks&quot;}\">La funcionaria estableci\u00f3 que estos beneficios se han dado para reducir la sobrepoblaci\u00f3n de los penales y para beneficiar a reos por diversas causas.<\/p>\n<div class=\"article-clear-div\"><\/div>\n<blockquote><p>Mantenemos las acciones para tramitar libertades anticipadas y amnist\u00edas a personas que no han cometido delitos graves; que no pudieron pagar un abogado; que no tuvieron traductor o que han enfrentado diversas dificultades.<\/p><\/blockquote>\n<p data-t=\"{&quot;n&quot;:&quot;blueLinks&quot;}\">\u201cDe julio de 2022 al 3 de febrero de 2023, se llevan 4 mil 461 preliberaciones y 243 amnist\u00edas\u201d, puntualiz\u00f3 Rodr\u00edguez.<\/p>\n<p data-t=\"{&quot;n&quot;:&quot;blueLinks&quot;}\">Detall\u00f3 que las preliberaciones se han otorgado principalmente a mujeres, a adultos mayores, a personas con enfermedades cr\u00f3nico-degenerativas y a ind\u00edgenas que cumplieron con los requisitos de la ley.<\/p>\n<p data-t=\"{&quot;n&quot;:&quot;blueLinks&quot;}\">En el caso de las amnist\u00edas, se otorgaron a mujeres; a personas con discapacidad permanente o que tienen condici\u00f3n de pobreza extrema, ind\u00edgenas o a personas que fueron v\u00edctimas de tortura o de intimidad intimidaci\u00f3n o de discriminaci\u00f3n.<\/p>\n<div class=\"article-clear-div\"><\/div>\n<blockquote><p>En total han quedado en libertad 4 mil 704 personas que permanec\u00edan en centros penitenciarios\u201d, puntualiz\u00f3 la Secretaria de seguridad.<\/p><\/blockquote>\n<p data-t=\"{&quot;n&quot;:&quot;blueLinks&quot;}\">Rodr\u00edguez estableci\u00f3 que no se tiene previsto alg\u00fan tipo de beneficio de este tipo para los involucrados en el caso de secuestro de Hugo Alberto Wallace.<\/p>\n<div class=\"intra-article-module intra-article-ad-half\" data-t=\"{&quot;n&quot;:&quot;intraArticle&quot;,&quot;t&quot;:13}\">\n<div class=\"native-ad-container native-ad-half \">\n<div id=\"msn214ed31924834f049af4\">\n<div class=\"content\">\n<p class=\"continue-read-break\" data-t=\"{&quot;n&quot;:&quot;blueLinks&quot;}\">La funcionaria detall\u00f3 tambi\u00e9n que a la fecha se han regularizado 1.1 millones de veh\u00edculos que fueron ingresados al pa\u00eds de manera irregular.<\/p>\n<p class=\"\" data-t=\"{&quot;n&quot;:&quot;blueLinks&quot;}\"><a tabindex=\"0\" href=\"https:\/\/www.excelsior.com.mx\/baja-california\" target=\"_blank\" rel=\"noopener\" data-t=\"{&quot;n&quot;:&quot;destination&quot;,&quot;t&quot;:13,&quot;b&quot;:1,&quot;c.t&quot;:7}\">Baja California<\/a>\u00a0(234 mil 963), Chihuahua (194 mil 414) y Tamaulipas (191 mil 727) son los estados en donde han tenido mayor n\u00famero de regularizaciones.<\/p>\n<p class=\"\" data-t=\"{&quot;n&quot;:&quot;blueLinks&quot;}\">\u201cA la fecha, del 19 de marzo de 2022 al 6 de febrero pasado, se llevan un mill\u00f3n 170 mil 579 veh\u00edculos regularizados. Cabe se\u00f1alar que esta acci\u00f3n se est\u00e1 llevando a cabo para dar certeza jur\u00eddica a los propietarios, pero tambi\u00e9n para evitar que los veh\u00edculos que son irregulares sean utilizados en la comisi\u00f3n de delitos.<\/p>\n<p class=\"\" data-t=\"{&quot;n&quot;:&quot;blueLinks&quot;}\">\u201cEl programa va a terminar el 31 de marzo de este a\u00f1o, es importante decirlo para que las personas se apresuren a hacer los tr\u00e1mites correspondientes\u201d, inform\u00f3.<\/p>\n<p class=\"\" data-t=\"{&quot;n&quot;:&quot;blueLinks&quot;}\">Adelant\u00f3 que el 20 de febrero se retomar\u00e1n los tianguis del bienestar,\u00a0 en el que se entregan a la poblaci\u00f3n m\u00e1s marginada los art\u00edculos que son decomisados en operativos realizados por el gobierno federal, las\u00a0<a tabindex=\"0\" href=\"https:\/\/www.excelsior.com.mx\/nacional\/secretaria-de-la-defensa-nacional\" target=\"_blank\" rel=\"noopener\" data-t=\"{&quot;n&quot;:&quot;destination&quot;,&quot;t&quot;:13,&quot;b&quot;:1,&quot;c.t&quot;:7}\">fuerzas armadas\u00a0<\/a>y polic\u00edacas y las aduanas.<\/p>\n<p class=\"\" data-t=\"{&quot;n&quot;:&quot;blueLinks&quot;}\">El pr\u00f3ximo tianguis se desarrollar\u00e1 en municipios de la zona mixteca de Oaxaca, y posteriormente se llevar\u00e1 a Guerrero, Veracruz y\u00a0<a tabindex=\"0\" href=\"https:\/\/www.excelsior.com.mx\/chiapas\" target=\"_blank\" rel=\"noopener\" data-t=\"{&quot;n&quot;:&quot;destination&quot;,&quot;t&quot;:13,&quot;b&quot;:1,&quot;c.t&quot;:7}\">Chiapas<\/a>.<\/p>\n<\/div>\n<\/div>\n<p data-t=\"{&quot;n&quot;:&quot;blueLinks&quot;}\">\n<p data-t=\"{&quot;n&quot;:&quot;blueLinks&quot;}\">Con informaci\u00f3n de Excelsior<\/p>\n<div id=\"msn214ed31924834f049af4\">\n<div class=\"content\">\n<div class=\"hide-story\"><\/div>\n<\/div>\n<\/div>\n<\/div>\n<\/div>\n","protected":false},"excerpt":{"rendered":"<p>La\u00a0secretaria de Seguridad y Protecci\u00f3n Ciudadana, Rosa Icela Rodr\u00edguez, afirm\u00f3 que en lo que va de la actual administraci\u00f3n se ha otorgado el beneficio de la preliberaci\u00f3n a m\u00e1s de 4 mil personas, y se han brindado 243 amnist\u00edas. La funcionaria estableci\u00f3 que estos beneficios se han dado para reducir la sobrepoblaci\u00f3n de los penales y para beneficiar a reos por diversas causas. Mantenemos las acciones para tramitar libertades anticipadas y amnist\u00edas a personas que no han cometido delitos graves; que no pudieron pagar un abogado; que no tuvieron traductor o que han enfrentado diversas dificultades. \u201cDe julio de 2022 [&hellip;]<\/p>\n","protected":false},"author":3,"featured_media":68254,"comment_status":"open","ping_status":"open","sticky":false,"template":"","format":"standard","meta":{"_jetpack_newsletter_access":"","_jetpack_dont_email_post_to_subs":false,"_jetpack_newsletter_tier_id":0,"_jetpack_memberships_contains_paywalled_content":false,"_jetpack_feature_clip_id":0,"_jetpack_memberships_contains_paid_content":false,"footnotes":"","jetpack_publicize_message":"","jetpack_publicize_feature_enabled":true,"jetpack_social_post_already_shared":true,"jetpack_social_options":{"image_generator_settings":{"template":"highway","default_image_id":0,"font":"","enabled":false},"version":2},"jetpack_post_was_ever_published":false},"categories":[75,72],"tags":[],"class_list":["post-68250","post","type-post","status-publish","format-standard","has-post-thumbnail","hentry","category-nacional","category-portada","post--single"],"jetpack_publicize_connections":[],"jetpack_featured_media_url":"https:\/\/ovelanalista.com\/wp-content\/uploads\/2023\/02\/Rodri\u0301guez.jpeg","jetpack_sharing_enabled":true,"_links":{"self":[{"href":"https:\/\/ovelanalista.com\/index.php?rest_route=\/wp\/v2\/posts\/68250","targetHints":{"allow":["GET"]}}],"collection":[{"href":"https:\/\/ovelanalista.com\/index.php?rest_route=\/wp\/v2\/posts"}],"about":[{"href":"https:\/\/ovelanalista.com\/index.php?rest_route=\/wp\/v2\/types\/post"}],"author":[{"embeddable":true,"href":"https:\/\/ovelanalista.com\/index.php?rest_route=\/wp\/v2\/users\/3"}],"replies":[{"embeddable":true,"href":"https:\/\/ovelanalista.com\/index.php?rest_route=%2Fwp%2Fv2%2Fcomments&post=68250"}],"version-history":[{"count":1,"href":"https:\/\/ovelanalista.com\/index.php?rest_route=\/wp\/v2\/posts\/68250\/revisions"}],"predecessor-version":[{"id":68255,"href":"https:\/\/ovelanalista.com\/index.php?rest_route=\/wp\/v2\/posts\/68250\/revisions\/68255"}],"wp:featuredmedia":[{"embeddable":true,"href":"https:\/\/ovelanalista.com\/index.php?rest_route=\/wp\/v2\/media\/68254"}],"wp:attachment":[{"href":"https:\/\/ovelanalista.com\/index.php?rest_route=%2Fwp%2Fv2%2Fmedia&parent=68250"}],"wp:term":[{"taxonomy":"category","embeddable":true,"href":"https:\/\/ovelanalista.com\/index.php?rest_route=%2Fwp%2Fv2%2Fcategories&post=68250"},{"taxonomy":"post_tag","embeddable":true,"href":"https:\/\/ovelanalista.com\/index.php?rest_route=%2Fwp%2Fv2%2Ftags&post=68250"}],"curies":[{"name":"wp","href":"https:\/\/api.w.org\/{rel}","templated":true}]}}