{"id":68298,"date":"2023-02-08T12:30:17","date_gmt":"2023-02-08T19:30:17","guid":{"rendered":"https:\/\/ovelanalista.com\/?p=68298"},"modified":"2023-02-08T10:55:24","modified_gmt":"2023-02-08T17:55:24","slug":"amlo-asegura-que-gracias-a-el-hay-independencia-en-el-poder-judicial-la-ministra-norma-pina-esta-de-presidenta-por-mi","status":"publish","type":"post","link":"https:\/\/ovelanalista.com\/?p=68298","title":{"rendered":"AMLO asegura que gracias a \u00e9l hay independencia en el Poder Judicial: \u201cLa ministra Norma Pi\u00f1a est\u00e1 de presidenta por m\u00ed\u201d"},"content":{"rendered":"<p>El presidente de M\u00e9xico,\u00a0<strong>Andr\u00e9s Manuel L\u00f3pez Obrador<\/strong>, afirm\u00f3 que la ministra Norma Pi\u00f1a Hern\u00e1ndez es\u00a0<strong>presidenta<\/strong>\u00a0de la Suprema Corte de Justicia de la Naci\u00f3n (<strong>SCJN<\/strong>) por \u00e9l, pues antes el titular del\u00a0<strong>Ejecutivo<\/strong>, desde tiempos del\u00a0<strong>Porfiriato<\/strong>, eleg\u00eda en el m\u00e1ximo tribunal, pero ahora hay\u00a0<strong>separaci\u00f3n<\/strong>\u00a0de poderes.<\/p>\n<p>\u201cNo (conf\u00edo en la\u00a0<strong>Corte<\/strong>), pero es importante la\u00a0<strong>separaci\u00f3n<\/strong>\u00a0de poderes. Imag\u00ednense el cambio que significa, la se\u00f1ora ministra de la Corte (<strong>Norma Pi\u00f1a<\/strong>) para hablar en plata est\u00e1 por m\u00ed de\u00a0<strong>presidenta<\/strong>, porque antes el presidente pon\u00eda y quitaba a su antojo al presidente de la Corte\u201d.<\/p>\n<p>\u201cEsto viene desde el\u00a0<strong>Porfiriato<\/strong>, qui\u00e9n decid\u00eda en la Corte, pues\u00a0<strong>Porfirio D\u00edaz<\/strong>, le daban la raz\u00f3n al presidente antes de que abriera la boca\u201d, se\u00f1al\u00f3 este mi\u00e9rcoles en su conferencia matutina.<\/p>\n<p>El mandatario federal relat\u00f3 que, cuando era\u00a0<strong>jefe de Gobierno\u00a0<\/strong>de la Ciudad de M\u00e9xico, los magistrados del\u00a0<strong>Tribunal Superior de Justicia<\/strong>\u00a0capitalino se reunieron con \u00e9l, porque iban a nombrar al presidente del tribunal y para que \u201cdiera la\u00a0<strong>l\u00ednea<\/strong>, como era\u201d, sin embargo, les pidi\u00f3 que ellos\u00a0<strong>eligieran<\/strong>.<\/p>\n<p>\u201cLes digo, no, elijan ustedes, as\u00ed est\u00e1, pero hasta raro se sent\u00eda. No, elijan. A m\u00ed me tocaba, inclusive, proponer al Congreso, en este caso la\u00a0<strong>Asamblea<\/strong>, a quienes iban a pasar de jueces a\u00a0<strong>magistrados<\/strong>\u00a0y les ped\u00eda yo que la terna la enviar\u00e1n del\u00a0<strong>Poder Judicial<\/strong>, y esa misma terna era la que yo enviaba a la Asamblea. Les dije no, h\u00e1ganlo\u201d, afirm\u00f3<a href=\"https:\/\/twitter.com\/lopezobrador_\">.<\/a><\/p>\n<blockquote class=\"wp-block-quote\"><p><strong>Recomendamos:\u00a0<\/strong><a href=\"https:\/\/latinus.us\/2023\/02\/05\/independencia-judicial-no-privilegio-jueces-garantia-imparcialidad-dice-norma-pina-criticas-amlo\/\">\u201cLa independencia judicial no es privilegio de los jueces, es garant\u00eda de imparcialidad\u201d, dice Norma Pi\u00f1a tras las cr\u00edticas de AMLO<\/a><\/p><\/blockquote>\n<p>&nbsp;<\/p>\n<p>L\u00f3pez Obrador dijo que, debido que hay\u00a0<strong>independencia<\/strong>, puede hablar del Poder Judicial y no ser \u201c<strong>tapadera<\/strong>\u00a0de nadie\u201d, pues si tuviera \u201c<strong>empleados<\/strong>\u201d en la Suprema Corte se tendr\u00eda que quedar callado sobre los casos de\u00a0<strong>corrupci\u00f3n<\/strong>\u00a0de jueces.<\/p>\n<p><em>Latinus<\/em>\u00a0dio a conocer una investigaci\u00f3n de\u00a0<strong>Guillermo Sheridan<\/strong>\u00a0en la que revel\u00f3 que\u00a0<strong>Yasm\u00edn Esquivel,\u00a0<\/strong>quien busc\u00f3 la presidencia de la SCJN pero perdi\u00f3 ante Norma Pi\u00f1a, plagi\u00f3 la tesis de\u00a0<strong>\u00c9dgar\u00a0B\u00e1ez Guti\u00e9rrez<\/strong>, que fue presentada un a\u00f1o antes que la de la ministra ante la Facultad de Derecho de la FES Arag\u00f3n.<\/p>\n<p>Para obtener el grado de licenciada en Derecho en la misma\u00a0<strong>UNAM<\/strong>, Esquivel defendi\u00f3, en septiembre de 1987, una tesis id\u00e9ntica en t\u00edtulo y p\u00e1rrafos a la de\u00a0<strong>B\u00e1ez Guti\u00e9rrez<\/strong>.<\/p>\n<p>&nbsp;<\/p>\n<p>Con informaci\u00f3n de Latinus<\/p>\n","protected":false},"excerpt":{"rendered":"<p>El presidente de M\u00e9xico,\u00a0Andr\u00e9s Manuel L\u00f3pez Obrador, afirm\u00f3 que la ministra Norma Pi\u00f1a Hern\u00e1ndez es\u00a0presidenta\u00a0de la Suprema Corte de Justicia de la Naci\u00f3n (SCJN) por \u00e9l, pues antes el titular del\u00a0Ejecutivo, desde tiempos del\u00a0Porfiriato, eleg\u00eda en el m\u00e1ximo tribunal, pero ahora hay\u00a0separaci\u00f3n\u00a0de poderes. \u201cNo (conf\u00edo en la\u00a0Corte), pero es importante la\u00a0separaci\u00f3n\u00a0de poderes. Imag\u00ednense el cambio que significa, la se\u00f1ora ministra de la Corte (Norma Pi\u00f1a) para hablar en plata est\u00e1 por m\u00ed de\u00a0presidenta, porque antes el presidente pon\u00eda y quitaba a su antojo al presidente de la Corte\u201d. \u201cEsto viene desde el\u00a0Porfiriato, qui\u00e9n decid\u00eda en la Corte, pues\u00a0Porfirio D\u00edaz, le [&hellip;]<\/p>\n","protected":false},"author":3,"featured_media":68301,"comment_status":"open","ping_status":"open","sticky":false,"template":"","format":"standard","meta":{"_jetpack_newsletter_access":"","_jetpack_dont_email_post_to_subs":false,"_jetpack_newsletter_tier_id":0,"_jetpack_memberships_contains_paywalled_content":false,"_jetpack_feature_clip_id":0,"_jetpack_memberships_contains_paid_content":false,"footnotes":"","jetpack_publicize_message":"","jetpack_publicize_feature_enabled":true,"jetpack_social_post_already_shared":true,"jetpack_social_options":{"image_generator_settings":{"template":"highway","default_image_id":0,"font":"","enabled":false},"version":2},"jetpack_post_was_ever_published":false},"categories":[75,72],"tags":[],"class_list":["post-68298","post","type-post","status-publish","format-standard","has-post-thumbnail","hentry","category-nacional","category-portada","post--single"],"jetpack_publicize_connections":[],"jetpack_featured_media_url":"https:\/\/ovelanalista.com\/wp-content\/uploads\/2023\/02\/amlopinaok.jpeg","jetpack_sharing_enabled":true,"_links":{"self":[{"href":"https:\/\/ovelanalista.com\/index.php?rest_route=\/wp\/v2\/posts\/68298","targetHints":{"allow":["GET"]}}],"collection":[{"href":"https:\/\/ovelanalista.com\/index.php?rest_route=\/wp\/v2\/posts"}],"about":[{"href":"https:\/\/ovelanalista.com\/index.php?rest_route=\/wp\/v2\/types\/post"}],"author":[{"embeddable":true,"href":"https:\/\/ovelanalista.com\/index.php?rest_route=\/wp\/v2\/users\/3"}],"replies":[{"embeddable":true,"href":"https:\/\/ovelanalista.com\/index.php?rest_route=%2Fwp%2Fv2%2Fcomments&post=68298"}],"version-history":[{"count":1,"href":"https:\/\/ovelanalista.com\/index.php?rest_route=\/wp\/v2\/posts\/68298\/revisions"}],"predecessor-version":[{"id":68303,"href":"https:\/\/ovelanalista.com\/index.php?rest_route=\/wp\/v2\/posts\/68298\/revisions\/68303"}],"wp:featuredmedia":[{"embeddable":true,"href":"https:\/\/ovelanalista.com\/index.php?rest_route=\/wp\/v2\/media\/68301"}],"wp:attachment":[{"href":"https:\/\/ovelanalista.com\/index.php?rest_route=%2Fwp%2Fv2%2Fmedia&parent=68298"}],"wp:term":[{"taxonomy":"category","embeddable":true,"href":"https:\/\/ovelanalista.com\/index.php?rest_route=%2Fwp%2Fv2%2Fcategories&post=68298"},{"taxonomy":"post_tag","embeddable":true,"href":"https:\/\/ovelanalista.com\/index.php?rest_route=%2Fwp%2Fv2%2Ftags&post=68298"}],"curies":[{"name":"wp","href":"https:\/\/api.w.org\/{rel}","templated":true}]}}