{"id":68362,"date":"2023-02-09T12:40:37","date_gmt":"2023-02-09T19:40:37","guid":{"rendered":"https:\/\/ovelanalista.com\/?p=68362"},"modified":"2023-02-09T11:35:13","modified_gmt":"2023-02-09T18:35:13","slug":"el-gobierno-suda-para-sacar-la-ley-de-bienestar-animal-con-duros-reproches-entre-los-socios","status":"publish","type":"post","link":"https:\/\/ovelanalista.com\/?p=68362","title":{"rendered":"El Gobierno suda para sacar la ley de bienestar animal con duros reproches entre los socios"},"content":{"rendered":"<p>En otra jornada desliz\u00e1ndose al borde del precipicio y en medio de toda clase de reproches entre las dos formaciones del Gobierno y de sus aliados parlamentarios con ellos,\u00a0<a tabindex=\"0\" href=\"https:\/\/elpais.com\/clima-y-medio-ambiente\/2023-02-09\/podemos-acepta-seguir-adelante-con-la-ley-de-bienestar-animal-sin-incluir-a-los-perros-de-caza.html\" target=\"_blank\" rel=\"noopener\" data-t=\"{&quot;n&quot;:&quot;destination&quot;,&quot;t&quot;:13,&quot;b&quot;:1,&quot;c.t&quot;:7}\">el Congreso ha sacado finalmente adelante este jueves la controvertida ley de bienestar animal<\/a>\u00a0y la reforma del C\u00f3digo Penal para castigar m\u00e1s el maltrato animal. Unidas Podemos,\u00a0<a tabindex=\"0\" href=\"https:\/\/elpais.com\/clima-y-medio-ambiente\/2022-10-29\/cursos-para-todos-los-duenos-de-perros-y-esterilizacion-de-gatos-que-cambia-la-futura-ley-de-bienestar-animal-para-los-que-tienen-mascotas.html\" target=\"_blank\" rel=\"noopener\" data-t=\"{&quot;n&quot;:&quot;destination&quot;,&quot;t&quot;:13,&quot;b&quot;:1,&quot;c.t&quot;:7}\">impulsora del proyecto a trav\u00e9s del Ministerio de Derechos Sociales<\/a>, tuvo que tragar con\u00a0<a tabindex=\"0\" href=\"https:\/\/elpais.com\/clima-y-medio-ambiente\/2022-12-18\/perros-en-el-centro-de-la-polemica-proteger-la-caza-o-a-los-animales.html\" target=\"_blank\" rel=\"noopener\" data-t=\"{&quot;n&quot;:&quot;destination&quot;,&quot;t&quot;:13,&quot;b&quot;:1,&quot;c.t&quot;:7}\">dejar fuera de las protecciones previstas en la norma a los perros de caza<\/a>, despu\u00e9s de que el PSOE se aliara en este punto por la derecha. Las formaciones del Ejecutivo ofrecieron un nuevo espect\u00e1culo de divisi\u00f3n en una semana en que se han agudizado sus enfrentamientos p\u00fablicos por la reforma de la ley del solo es s\u00ed. Tras una ma\u00f1ana de intriga, el texto sali\u00f3 a favor con 174 votos a favor y 167 en contra.<\/p>\n<p class=\"continue-read-break\" data-t=\"{&quot;n&quot;:&quot;blueLinks&quot;}\">El debate final de la ley fue la culminaci\u00f3n a un tr\u00e1mite tempestuoso, repleto de interrupciones por las discrepancias sobre su contenido y\u00a0<a tabindex=\"0\" href=\"https:\/\/elpais.com\/espana\/2023-02-04\/la-exclusion-de-los-perros-de-caza-de-la-ley-de-bienestar-animal-reabre-otro-frente-en-el-gobierno.html\" target=\"_blank\" rel=\"noopener\" data-t=\"{&quot;n&quot;:&quot;destination&quot;,&quot;t&quot;:13,&quot;b&quot;:1,&quot;c.t&quot;:7}\">que acab\u00f3 derivando en un fuerte choque entre los dos partidos del Gobierno<\/a>, por mucho que acabasen votando juntos. La sesi\u00f3n fue un constante chorreo de recriminaciones: de Unidas Podemos al PSOE por haber sacado adelante con la derecha la \u201cenmienda de la verg\u00fcenza\u201d que excluye a los perros de caza de las protecciones previstas en la norma; de los aliados parlamentarios \u2014tambi\u00e9n de los que, pese a todo, permanecieron fieles al Gobierno\u2014 por una tramitaci\u00f3n que denunciaron como \u201cca\u00f3tica\u201d; y de la derecha, que en su cascada de acusaciones lleg\u00f3 hasta a denunciar, por boca tanto del PP como de Vox,\u00a0<a tabindex=\"0\" href=\"https:\/\/elpais.com\/clima-y-medio-ambiente\/2022-11-24\/podre-matar-a-una-rata-que-entre-en-mi-casa-claves-y-dudas-en-la-reforma-del-codigo-penal-para-castigar-mas-el-maltrato-animal.html\" target=\"_blank\" rel=\"noopener\" data-t=\"{&quot;n&quot;:&quot;destination&quot;,&quot;t&quot;:13,&quot;b&quot;:1,&quot;c.t&quot;:7}\">que con las nuevas leyes se podr\u00e1 castigar hasta a quien \u201cexterminar ratas en su casa\u201d<\/a>. En eso al menos s\u00ed coincidieron los dos partidos del Ejecutivo, que calificaron de \u201cbulos\u201d tales conclusiones.<\/p>\n<p class=\"\" data-t=\"{&quot;n&quot;:&quot;blueLinks&quot;}\">Los aliados del Gobierno se dividieron. De un lado, ERC y EH Bildu apoyaron la ley a rega\u00f1adientes y tras lanzar cr\u00edticas muy \u00e1speras por la exclusi\u00f3n de los perros de caza. M\u00e1s Pa\u00eds, en cambio, se descolg\u00f3 de la mayor\u00eda por esa raz\u00f3n y por otro de los motivos que m\u00e1s desgrada a los grupos de izquierda:\u00a0<a tabindex=\"0\" href=\"https:\/\/elpais.com\/clima-y-medio-ambiente\/2022-11-24\/podre-matar-a-una-rata-que-entre-en-mi-casa-claves-y-dudas-en-la-reforma-del-codigo-penal-para-castigar-mas-el-maltrato-animal.html\" target=\"_blank\" rel=\"noopener\" data-t=\"{&quot;n&quot;:&quot;destination&quot;,&quot;t&quot;:13,&quot;b&quot;:1,&quot;c.t&quot;:7}\">que se permita conmutar por una multa las penas de c\u00e1rcel por maltrato animal<\/a>. PNV y PDeCAT tambi\u00e9n se pasaron al no, aunque en este caso con el argumento central de que la ley invade competencias de las comunidades aut\u00f3nomas. Por el contrario, el Gobierno logr\u00f3 un apoyo menos habitual, el de la CUP, y logr\u00f3 salvar el apuro gracias a varias abstenciones, entre ellas la de Junts.<\/p>\n<p class=\"\" data-t=\"{&quot;n&quot;:&quot;blueLinks&quot;}\">Hasta el \u00faltimo momento, los pasillos y el patio del Congreso hirvieron de c\u00e1balas ante la incertidumbre del resultado, mientras continuaban las negociaciones y algunos grupos escond\u00edan hasta el \u00faltimo minuto el sentido de su voto. Fuera de la escena, los cargos de La Moncloa estaban se movilizaban a golpe de tel\u00e9fono para contactar hasta con el grupo m\u00e1s peque\u00f1o. Como tantas otras veces esta legislatura, ning\u00fan voto sobraba. La situaci\u00f3n era tan extra\u00f1a que dentro del hemiciclo la ministra de Derechos Sociales, Ione Belarra, inclu\u00eda al PDeCAT en los agradecimientos a los grupos que supuestamente iban a apoyar la ley, mientras fuera del sal\u00f3n de sesiones el grupo catal\u00e1n anunciaba su voto en contra.<\/p>\n<div class=\"article-clear-div\"><\/div>\n<div class=\"video-clear-div\">\n<h3 class=\"article-sub-heading\">Cruce de cr\u00edticas<\/h3>\n<p class=\"\" data-t=\"{&quot;n&quot;:&quot;blueLinks&quot;}\">El Gobierno se vio en medio de un contradictorio cruce de cr\u00edticas. Por la izquierda, acusaban al PSOE de haber sucumbido al \u201clobby de la caza\u201d. Y por la derecha de hacer una ley con criterios urbanitas e \u201cignorando al mundo real\u201d. El cuadro se complet\u00f3 con las recriminaciones entre los dos socios del Gobierno, cuya discrepancias ya jalonaron todo el tr\u00e1mite previo. El diputado de ERC Joan Capdevila lo describi\u00f3 con mordacidad: \u201cSe han dedicado a jugar al relato. No se trataba de qui\u00e9n mataba la ley sino de a qui\u00e9n culpar de matar la ley mientras los dem\u00e1s \u00edbamos poniendo ox\u00edgeno para mantenerla\u201d.<\/p>\n<p class=\"\" data-t=\"{&quot;n&quot;:&quot;blueLinks&quot;}\">Unidas Podemos no se reprimi\u00f3 en airear durante el debate los reproches m\u00e1s amargos a su socio de Gobierno. Dirigi\u00e9ndose a la bancada de la derecha, el diputado Juantxo L\u00f3pez de Uralde afirm\u00f3: \u201cEl PSOE se ha arrodillado ante ustedes\u201d. Luego la propia ministra Belarra acus\u00f3 a los socialistas de ponerse al lado de \u201clos que cuelgan de los \u00e1rboles a los perros de caza y entierran cachorros en cal viva\u201d. Mientras, en el patio, las cr\u00edticas se deslizaban en voz baja en los corrillos con periodistas, donde se cruzaban culpas por las dificultades para encontrar apoyos entre los grupos. Los socialistas evitaron entrar a la disputa y su diputada Bego\u00f1a Nasarre se limit\u00f3 a pedir a sus socios que no alientan la \u201cconfrontaci\u00f3n\u201d. \u201cAh\u00ed es donde nos quiera la derecha\u201d, afirm\u00f3.<\/p>\n<p class=\"\" data-t=\"{&quot;n&quot;:&quot;blueLinks&quot;}\">Pese a todo UP prefiri\u00f3 finalmente mantener una ley salida de uno de sus ministerios, aunque con esa exclusi\u00f3n impuesta a medias por el PSOE y la derecha. Belarra lo justific\u00f3 as\u00ed: \u201cLa tramitaci\u00f3n de esta ley ha sido enormemente dif\u00edcil y hemos llegado lo m\u00e1s lejos que hemos podido con las fuerzas que ten\u00edamos\u201d. Cuando se hizo p\u00fablico el resultado de la votaci\u00f3n, solo los diputados de Unidas Podemos se levantaron para aplaudir, mientras los del PSOE hac\u00edan la estatua.<\/p>\n<\/div>\n<p data-t=\"{&quot;n&quot;:&quot;blueLinks&quot;}\">\n<p data-t=\"{&quot;n&quot;:&quot;blueLinks&quot;}\">Con informaci\u00f3n de El Pa\u00eds<\/p>\n","protected":false},"excerpt":{"rendered":"<p>En otra jornada desliz\u00e1ndose al borde del precipicio y en medio de toda clase de reproches entre las dos formaciones del Gobierno y de sus aliados parlamentarios con ellos,\u00a0el Congreso ha sacado finalmente adelante este jueves la controvertida ley de bienestar animal\u00a0y la reforma del C\u00f3digo Penal para castigar m\u00e1s el maltrato animal. Unidas Podemos,\u00a0impulsora del proyecto a trav\u00e9s del Ministerio de Derechos Sociales, tuvo que tragar con\u00a0dejar fuera de las protecciones previstas en la norma a los perros de caza, despu\u00e9s de que el PSOE se aliara en este punto por la derecha. Las formaciones del Ejecutivo ofrecieron un [&hellip;]<\/p>\n","protected":false},"author":3,"featured_media":68366,"comment_status":"open","ping_status":"open","sticky":false,"template":"","format":"standard","meta":{"_jetpack_newsletter_access":"","_jetpack_dont_email_post_to_subs":false,"_jetpack_newsletter_tier_id":0,"_jetpack_memberships_contains_paywalled_content":false,"_jetpack_feature_clip_id":0,"_jetpack_memberships_contains_paid_content":false,"footnotes":"","jetpack_publicize_message":"","jetpack_publicize_feature_enabled":true,"jetpack_social_post_already_shared":true,"jetpack_social_options":{"image_generator_settings":{"template":"highway","default_image_id":0,"font":"","enabled":false},"version":2},"jetpack_post_was_ever_published":false},"categories":[75,72],"tags":[],"class_list":["post-68362","post","type-post","status-publish","format-standard","has-post-thumbnail","hentry","category-nacional","category-portada","post--single"],"jetpack_publicize_connections":[],"jetpack_featured_media_url":"https:\/\/ovelanalista.com\/wp-content\/uploads\/2023\/02\/Ione-Belarra.jpeg","jetpack_sharing_enabled":true,"_links":{"self":[{"href":"https:\/\/ovelanalista.com\/index.php?rest_route=\/wp\/v2\/posts\/68362","targetHints":{"allow":["GET"]}}],"collection":[{"href":"https:\/\/ovelanalista.com\/index.php?rest_route=\/wp\/v2\/posts"}],"about":[{"href":"https:\/\/ovelanalista.com\/index.php?rest_route=\/wp\/v2\/types\/post"}],"author":[{"embeddable":true,"href":"https:\/\/ovelanalista.com\/index.php?rest_route=\/wp\/v2\/users\/3"}],"replies":[{"embeddable":true,"href":"https:\/\/ovelanalista.com\/index.php?rest_route=%2Fwp%2Fv2%2Fcomments&post=68362"}],"version-history":[{"count":1,"href":"https:\/\/ovelanalista.com\/index.php?rest_route=\/wp\/v2\/posts\/68362\/revisions"}],"predecessor-version":[{"id":68367,"href":"https:\/\/ovelanalista.com\/index.php?rest_route=\/wp\/v2\/posts\/68362\/revisions\/68367"}],"wp:featuredmedia":[{"embeddable":true,"href":"https:\/\/ovelanalista.com\/index.php?rest_route=\/wp\/v2\/media\/68366"}],"wp:attachment":[{"href":"https:\/\/ovelanalista.com\/index.php?rest_route=%2Fwp%2Fv2%2Fmedia&parent=68362"}],"wp:term":[{"taxonomy":"category","embeddable":true,"href":"https:\/\/ovelanalista.com\/index.php?rest_route=%2Fwp%2Fv2%2Fcategories&post=68362"},{"taxonomy":"post_tag","embeddable":true,"href":"https:\/\/ovelanalista.com\/index.php?rest_route=%2Fwp%2Fv2%2Ftags&post=68362"}],"curies":[{"name":"wp","href":"https:\/\/api.w.org\/{rel}","templated":true}]}}