{"id":68365,"date":"2023-02-09T12:50:56","date_gmt":"2023-02-09T19:50:56","guid":{"rendered":"https:\/\/ovelanalista.com\/?p=68365"},"modified":"2023-02-09T11:37:13","modified_gmt":"2023-02-09T18:37:13","slug":"por-que-es-buscado-christian-von-roehrich","status":"publish","type":"post","link":"https:\/\/ovelanalista.com\/?p=68365","title":{"rendered":"\u00bfPor qu\u00e9 es buscado Christian Von Roehrich?"},"content":{"rendered":"<p>\u00bfPor qu\u00e9 es buscado Christian Von Roehrich? Al a\u00fan diputado local\u00a0<strong><a tabindex=\"0\" href=\"https:\/\/www.eluniversal.com.mx\/tag\/christian-von-roehrich\" target=\"_blank\" rel=\"noopener\" data-t=\"{&quot;n&quot;:&quot;destination&quot;,&quot;t&quot;:13,&quot;b&quot;:1,&quot;c.t&quot;:7}\">Christian Von Roehrich<\/a><\/strong>\u00a0se le gir\u00f3 una orden de aprehensi\u00f3n el pasado\u00a0<strong>8 de diciembre de 2022\u00a0<\/strong>por su probable participaci\u00f3n en el delito de uso ilegal de atribuciones y facultades cometidos por servidores p\u00fablicos, adem\u00e1s de<strong>\u00a0asociaci\u00f3n delictuosa<\/strong>.<\/p>\n<p data-t=\"{&quot;n&quot;:&quot;blueLinks&quot;}\">La\u00a0<strong><a tabindex=\"0\" href=\"https:\/\/www.eluniversal.com.mx\/tag\/fgj-cdmx\" target=\"_blank\" rel=\"noopener\" data-t=\"{&quot;n&quot;:&quot;destination&quot;,&quot;t&quot;:13,&quot;b&quot;:1,&quot;c.t&quot;:7}\">Fiscal\u00eda capitalina<\/a><\/strong>\u00a0detall\u00f3 que tres exservidores p\u00fablicos de la<strong><a tabindex=\"0\" href=\"https:\/\/www.eluniversal.com.mx\/tag\/benito-juarez\" target=\"_blank\" rel=\"noopener\" data-t=\"{&quot;n&quot;:&quot;destination&quot;,&quot;t&quot;:13,&quot;b&quot;:1,&quot;c.t&quot;:7}\">\u00a0alcald\u00eda Benito Ju\u00e1rez<\/a><\/strong>\u00a0fueron detenidos por presuntamente ser\u00a0<strong>prestanombres de funcionarios<\/strong>\u00a0de alto nivel en la demarcaci\u00f3n, y que todos ellos desempe\u00f1aron cargos p\u00fablicos durante la administraci\u00f3n que encabez\u00f3 Christian Von.<\/p>\n<p data-t=\"{&quot;n&quot;:&quot;blueLinks&quot;}\">Por lo anterior, se le gir\u00f3 la orden de aprehensi\u00f3n al exalcalde y se solicit\u00f3 la ayudade la ciudadan\u00eda para detenerlo.<\/p>\n<p data-t=\"{&quot;n&quot;:&quot;blueLinks&quot;}\">Cabe destacar, que en la Ciudad de M\u00e9xico no es necesario llevar a cabo un juicio de procedencia ya que las y los legisladores locales no cuentan con fuero constitucional.<\/p>\n<p data-t=\"{&quot;n&quot;:&quot;blueLinks&quot;}\">En ese entonces, el vocero de la Fiscal\u00eda Ulises Lara detall\u00f3 que se abri\u00f3 una nueva l\u00ednea de investigaci\u00f3n, con s\u00f3lidos datos de prueba aportados por uno de los exfuncionarios<\/p>\n<p class=\"continue-read-break\" data-t=\"{&quot;n&quot;:&quot;blueLinks&quot;}\">ya procesados, que podr\u00edan configurar la posible asociaci\u00f3n delictuosa de personajes de alto nivel jer\u00e1rquico en diferentes administraciones de la alcald\u00eda Benito Ju\u00e1rez, lo que se sumar\u00eda a las indagatorias por la violaci\u00f3n de uso del suelo en dicha demarcaci\u00f3n.<\/p>\n<p class=\"\" data-t=\"{&quot;n&quot;:&quot;blueLinks&quot;}\">\u201cPosterior al sismo de 2017, la alcald\u00eda Benito Ju\u00e1rez erog\u00f3 cerca de 207 millones de pesos asignados a presuntas empresas fantasmas. Esta asignaci\u00f3n fue mediante tres contratos: dos de ellos emitidos por un monto exacto destinados a dos empresas diferentes por concepto de arrendamiento de maquinaria para trabajos de demolici\u00f3n, m\u00e1s un contrato adicional por mantenimiento de inmuebles p\u00fablicos afectados\u201d, dijo.<\/p>\n<div class=\"article-clear-div\"><\/div>\n<p class=\"\" data-t=\"{&quot;n&quot;:&quot;blueLinks&quot;}\">De acuerdo con las investigaciones, los integrantes y las actividades posteriores de dichas empresas han dejado en claro que en realidad posiblemente sirvieron para simular un correcto uso de los recursos p\u00fablicos.<\/p>\n<p class=\"\" data-t=\"{&quot;n&quot;:&quot;blueLinks&quot;}\">\u201cEsta nueva informaci\u00f3n reestructura y consolida el caso, ya que debido a estos nuevos datos de prueba y actuaciones hemos dado un gran paso en nuestras investigaciones para esclarecer el modus operandi y la serie de actividades, posiblemente delictivas, en que un grupo de servidores y exservidores p\u00fablicos en Benito Ju\u00e1rez incurri\u00f3 deliberadamente\u201d, dijo.<\/p>\n<p class=\"\" data-t=\"{&quot;n&quot;:&quot;blueLinks&quot;}\">\n<div class=\"article-clear-div\"><\/div>\n<div class=\"article-image-slot\" data-image-href=\"https:\/\/www.msn.com\/es-mx\/noticias\/mexico\/por-qu%C3%A9-es-buscado-christian-von-roehrich\/ar-AA17ix9U?ocid=Peregrine&amp;cvid=5b9cba43fbf5440eaa744d1c44abaa2f&amp;fullscreen=true#image=2\" data-doc-id=\"cms\/api\/amp\/image\/AA17irvj\" data-rendered=\"true\">\n<div class=\"article-image-container   \" data-t=\"{&quot;n&quot;:&quot;OpenModal&quot;,&quot;t&quot;:13}\"><a class=\"article-image-height-wrapper\" href=\"https:\/\/www.msn.com\/es-mx\/noticias\/mexico\/por-qu%C3%A9-es-buscado-christian-von-roehrich\/ar-AA17ix9U?ocid=Peregrine&amp;cvid=5b9cba43fbf5440eaa744d1c44abaa2f&amp;fullscreen=true&amp;crc=true#image=2\" target=\"_self\" data-t=\"{&quot;n&quot;:&quot;destination&quot;,&quot;t&quot;:14,&quot;b&quot;:1,&quot;c.t&quot;:14}\" rel=\"noopener\"><img decoding=\"async\" class=\"article-image \" tabindex=\"0\" title=\"whatsapp_image_2023-02-09_at_09.55.41.jpeg\" src=\"https:\/\/img-s-msn-com.akamaized.net\/tenant\/amp\/entityid\/AA17irvj.img?w=567&amp;h=280&amp;m=6&amp;x=98&amp;y=99&amp;s=105&amp;d=105\" alt=\"whatsapp_image_2023-02-09_at_09.55.41.jpeg\" \/><\/a><\/p>\n<div class=\"image-caption-container   content-small-text \"><span class=\"image-caption\">whatsapp_image_2023-02-09_at_09.55.41.jpeg<\/span><span class=\"image-attribution \">\u00a9\u00a0Proporcionado por El Universal Online<\/span><\/div>\n<\/div>\n<\/div>\n<h2 class=\"article-sub-heading\">Pr\u00f3fugo y a la vez diputado<\/h2>\n<p data-t=\"{&quot;n&quot;:&quot;blueLinks&quot;}\">A pesar de tener una orden de aprehensi\u00f3n en su contra, durante dos meses Christian Von sigui\u00f3 como diputado local, pues el Reglamento Interno del Congreso no se\u00f1ala lo contrario.<\/p>\n<p class=\"\" data-t=\"{&quot;n&quot;:&quot;blueLinks&quot;}\">Morena buscaba que fuera dado de baja por faltas, pero el Art\u00edculo 8 del Reglamento del Congreso de la Ciudad de M\u00e9xico se\u00f1ala que la suplencia de un diputado procede, entre otras cosas, cuando no se presente a cinco d\u00edas de sesiones en un mismo per\u00edodo, sin causa justificada o sin previa licencia.<\/p>\n<p class=\"\" data-t=\"{&quot;n&quot;:&quot;blueLinks&quot;}\">Este supuesto a\u00fan no aplicaba, pues Von se ausent\u00f3 \u00fanicamente en tres sesiones seguidas del periodo ordinario de sesiones que concluy\u00f3 el 15 de diciembre; mientras que apenas llevaba tres faltasen el periodo de sesiones actual.<\/p>\n<p class=\"\" data-t=\"{&quot;n&quot;:&quot;blueLinks&quot;}\">La pr\u00f3xima semana se iban a cumplir las cinco faltas seguidas sin justificar, pero antes de que eso sucediera, Von decidi\u00f3 presentar su licencia, misma que ser\u00e1 avalada este jueves 9 de febrero durante la sesi\u00f3n ordinaria.<\/p>\n<p data-t=\"{&quot;n&quot;:&quot;blueLinks&quot;}\">\n<p data-t=\"{&quot;n&quot;:&quot;blueLinks&quot;}\">\n<p data-t=\"{&quot;n&quot;:&quot;blueLinks&quot;}\">Con informaci\u00f3n de El Universal<\/p>\n","protected":false},"excerpt":{"rendered":"<p>\u00bfPor qu\u00e9 es buscado Christian Von Roehrich? Al a\u00fan diputado local\u00a0Christian Von Roehrich\u00a0se le gir\u00f3 una orden de aprehensi\u00f3n el pasado\u00a08 de diciembre de 2022\u00a0por su probable participaci\u00f3n en el delito de uso ilegal de atribuciones y facultades cometidos por servidores p\u00fablicos, adem\u00e1s de\u00a0asociaci\u00f3n delictuosa. La\u00a0Fiscal\u00eda capitalina\u00a0detall\u00f3 que tres exservidores p\u00fablicos de la\u00a0alcald\u00eda Benito Ju\u00e1rez\u00a0fueron detenidos por presuntamente ser\u00a0prestanombres de funcionarios\u00a0de alto nivel en la demarcaci\u00f3n, y que todos ellos desempe\u00f1aron cargos p\u00fablicos durante la administraci\u00f3n que encabez\u00f3 Christian Von. Por lo anterior, se le gir\u00f3 la orden de aprehensi\u00f3n al exalcalde y se solicit\u00f3 la ayudade la ciudadan\u00eda para [&hellip;]<\/p>\n","protected":false},"author":3,"featured_media":68369,"comment_status":"open","ping_status":"open","sticky":false,"template":"","format":"standard","meta":{"_jetpack_newsletter_access":"","_jetpack_dont_email_post_to_subs":false,"_jetpack_newsletter_tier_id":0,"_jetpack_memberships_contains_paywalled_content":false,"_jetpack_feature_clip_id":0,"_jetpack_memberships_contains_paid_content":false,"footnotes":"","jetpack_publicize_message":"","jetpack_publicize_feature_enabled":true,"jetpack_social_post_already_shared":true,"jetpack_social_options":{"image_generator_settings":{"template":"highway","default_image_id":0,"font":"","enabled":false},"version":2},"jetpack_post_was_ever_published":false},"categories":[75,72],"tags":[],"class_list":["post-68365","post","type-post","status-publish","format-standard","has-post-thumbnail","hentry","category-nacional","category-portada","post--single"],"jetpack_publicize_connections":[],"jetpack_featured_media_url":"https:\/\/ovelanalista.com\/wp-content\/uploads\/2023\/02\/Christian-Von.jpeg","jetpack_sharing_enabled":true,"_links":{"self":[{"href":"https:\/\/ovelanalista.com\/index.php?rest_route=\/wp\/v2\/posts\/68365","targetHints":{"allow":["GET"]}}],"collection":[{"href":"https:\/\/ovelanalista.com\/index.php?rest_route=\/wp\/v2\/posts"}],"about":[{"href":"https:\/\/ovelanalista.com\/index.php?rest_route=\/wp\/v2\/types\/post"}],"author":[{"embeddable":true,"href":"https:\/\/ovelanalista.com\/index.php?rest_route=\/wp\/v2\/users\/3"}],"replies":[{"embeddable":true,"href":"https:\/\/ovelanalista.com\/index.php?rest_route=%2Fwp%2Fv2%2Fcomments&post=68365"}],"version-history":[{"count":1,"href":"https:\/\/ovelanalista.com\/index.php?rest_route=\/wp\/v2\/posts\/68365\/revisions"}],"predecessor-version":[{"id":68370,"href":"https:\/\/ovelanalista.com\/index.php?rest_route=\/wp\/v2\/posts\/68365\/revisions\/68370"}],"wp:featuredmedia":[{"embeddable":true,"href":"https:\/\/ovelanalista.com\/index.php?rest_route=\/wp\/v2\/media\/68369"}],"wp:attachment":[{"href":"https:\/\/ovelanalista.com\/index.php?rest_route=%2Fwp%2Fv2%2Fmedia&parent=68365"}],"wp:term":[{"taxonomy":"category","embeddable":true,"href":"https:\/\/ovelanalista.com\/index.php?rest_route=%2Fwp%2Fv2%2Fcategories&post=68365"},{"taxonomy":"post_tag","embeddable":true,"href":"https:\/\/ovelanalista.com\/index.php?rest_route=%2Fwp%2Fv2%2Ftags&post=68365"}],"curies":[{"name":"wp","href":"https:\/\/api.w.org\/{rel}","templated":true}]}}