{"id":68411,"date":"2023-02-09T15:02:51","date_gmt":"2023-02-09T22:02:51","guid":{"rendered":"https:\/\/ovelanalista.com\/?p=68411"},"modified":"2023-02-09T15:02:51","modified_gmt":"2023-02-09T22:02:51","slug":"brigada-de-la-sedena-rescato-a-la-primera-persona-con-vida-en-turquia","status":"publish","type":"post","link":"https:\/\/ovelanalista.com\/?p=68411","title":{"rendered":"Brigada de la Sedena rescat\u00f3 a la primera persona con vida en Turqu\u00eda"},"content":{"rendered":"<h2 class=\"article-subheadline\">La SRE explic\u00f3 que el equipo mexicano realiza labores de b\u00fasqueda en los 70 edificios que le fueron asignados por autoridades de ese pa\u00eds<\/h2>\n<div class=\"byline-text-wrapper\">Personal de la Secretar\u00eda de la Defensa Nacional (Sedena) de M\u00e9xico que participa en las labores de b\u00fasqueda y rescate de v\u00edctimas del sismo en Turqu\u00eda logr\u00f3 rescatar de entre las ruinas a una persona con vida, quien estuvo atrapada durante cuatro d\u00edas, por lo que aument\u00f3 la esperanza de conseguir otros salvamentos.<\/div>\n<div><\/div>\n<div>\u201cPersonal que integra la ayuda humanitaria logr\u00f3 rescatar con vida a una se\u00f1ora de 70 a\u00f1os atrapada en los restos de uno de los edificios\u201d, se\u00f1al\u00f3 el Secretario de la Defensa,\u00a0<b>Luis Cresencio Sandoval.<\/b><\/div>\n<div><\/div>\n<div>\n<p class=\"paragraph\">El secretario de Relaciones Exteriores, Marcelo Ebrard, destac\u00f3 las labores del personal de Sedena, as\u00ed como de todo el personal que brinda ayuda en la zona devastada por el temblor del 5 de febrero, que hasta ahora ha dejado un saldo de casi 20 mil muertes.<\/p>\n<p class=\"paragraph\">La\u00a0<a href=\"https:\/\/www.google.com\/url?sa=j&amp;url=https%3A%2F%2Fwww.infobae.com%2Fmexico%2F2023%2F02%2F09%2Fasi-fue-el-primer-dia-de-jornada-de-las-brigadas-mexicanas-en-turquia%2F&amp;uct=1664279149&amp;usg=utTa2VOu24H3YyORID0A5CiDROk.&amp;source=chat\" target=\"_blank\" rel=\"noopener\"><b>delegaci\u00f3n mexicana<\/b><\/a>\u00a0hab\u00eda logrado hasta ahora la recuperaci\u00f3n de tres cuerpos, ya sin vida, en la ciudad de Adiyaman. Al respecto, Ebrard explic\u00f3 este jueves por la ma\u00f1ana que el equipo mexicano realizar\u00e1 labores de b\u00fasqueda en los 70 edificios que les fueron comisionados.<\/p>\n<p>Con estas acciones, los integrantes de la delegaci\u00f3n mexicana de ayuda humanitaria, que comprende a personal de la Cruz Roja, Marina y Protecci\u00f3n Civil, refrendaron el apoyo a la poblaci\u00f3n afectada por el terremoto, se\u00f1al\u00f3 el gobierno de M\u00e9xico.<\/p>\n<p class=\"paragraph\">La brigada de la Sedena tambi\u00e9n incluye a binomios canofilos en las tareas de b\u00fasqueda de personas atrapadas entre los escombros, donde destaca la participaci\u00f3n de \u201clomitos\u201d como Ecko, el cual tambi\u00e9n colabor\u00f3 en las tareas en la Ciudad de M\u00e9xico durante el sismo de septiembre de 2017.<\/p>\n<p class=\"paragraph\">En cuanto a la delegaci\u00f3n mexicana desplegada en territorio turco, el equipo interinstitucional especializado de b\u00fasqueda y rescate urbano, que cuenta con personal acreditado por los Mecanismos de Acreditaci\u00f3n Nacional \u201cUSAR\u201d, est\u00e1 conformado por 150 elementos la Secretar\u00eda de la Defensa Nacional, Secretar\u00eda de Marina y de la Cruz Roja Mexicana.<\/p>\n<\/div>\n<blockquote class=\"twitter-tweet\" data-width=\"550\" data-dnt=\"true\">\n<p lang=\"es\" dir=\"ltr\">#\u00a1Nuestros h\u00e9roes en acci\u00f3n! \ud83c\uddf2\ud83c\uddfd \ud83e\udd1d \ud83c\uddf9\ud83c\uddf7<a href=\"https:\/\/twitter.com\/hashtag\/PerritosRescatistas?src=hash&amp;ref_src=twsrc%5Etfw\">#PerritosRescatistas<\/a> del <a href=\"https:\/\/twitter.com\/hashtag\/Ej%C3%A9rcitoMexicano?src=hash&amp;ref_src=twsrc%5Etfw\">#Ej\u00e9rcitoMexicano<\/a> brindando apoyo durante el rescate de personas, porque no hay seres m\u00e1s valientes que los <a href=\"https:\/\/twitter.com\/hashtag\/Lomitos?src=hash&amp;ref_src=twsrc%5Etfw\">#Lomitos<\/a> <a href=\"https:\/\/twitter.com\/hashtag\/Entrenados?src=hash&amp;ref_src=twsrc%5Etfw\">#Entrenados<\/a> y <a href=\"https:\/\/twitter.com\/hashtag\/Adiestrados?src=hash&amp;ref_src=twsrc%5Etfw\">#Adiestrados<\/a> para proteger y salvar vidas.<a href=\"https:\/\/twitter.com\/hashtag\/SEDENAPresente?src=hash&amp;ref_src=twsrc%5Etfw\">#SEDENAPresente<\/a> <a href=\"https:\/\/twitter.com\/hashtag\/M%C3%A9xicoPresente?src=hash&amp;ref_src=twsrc%5Etfw\">#M\u00e9xicoPresente<\/a> <a href=\"https:\/\/t.co\/1di9w2VgjF\">pic.twitter.com\/1di9w2VgjF<\/a><\/p>\n<p>&mdash; @SEDENAmx (@SEDENAmx) <a href=\"https:\/\/twitter.com\/SEDENAmx\/status\/1623659868442746880?ref_src=twsrc%5Etfw\">February 9, 2023<\/a><\/p><\/blockquote>\n<p><script async src=\"https:\/\/platform.twitter.com\/widgets.js\" charset=\"utf-8\"><\/script><\/p>\n<p>El director general para Europa de la SRE, Bernardo Aguilar Calvo, explic\u00f3 desde la zona afectada que \u201cson 70 edificios los que se han asignado\u201d y que ya se realizan labores de b\u00fasqueda en varios de ellos.<\/p>\n<p>\u201cLas brigadas de la Cruz Roja, Sedena y de la Secretar\u00eda de Marina con los binomios caninos han estado trabajando en la localizaci\u00f3n de personas; hay un lugar en donde ya se localiz\u00f3 un cuerpo, lamentablemente, sin vida\u2026 Aqu\u00ed, muy cerca de donde nos encontramos, tambi\u00e9n se localizaron dos cuerpos, desafortunadamente, sin vida, pero es importante hacer esos rescates\u201d, enfatiz\u00f3.<\/p>\n<p>\u201cEstamos trabajando en diferentes puntos de la ciudad, vamos avanzando, todos los equipos est\u00e1n trabajando de manera intensiva, la ciudad est\u00e1 pr\u00e1cticamente colapsada, hay cientos de edificios que lamentablemente han ca\u00eddo y un gran porcentaje de los que est\u00e1n en pie est\u00e1n da\u00f1ados\u2026 La ayuda humanitaria, la ayuda de rescate y salvamento que est\u00e1 prestando M\u00e9xico es muy importante\u201d, resalt\u00f3 el funcionario mexicano.<\/p>\n<blockquote class=\"twitter-tweet\" data-width=\"550\" data-dnt=\"true\">\n<p lang=\"es\" dir=\"ltr\">\u25b6\ufe0f Desde Ad\u0131yaman, el equipo mexicano, conformado por SEDENA, SEMAR, Cruz Roja Mexicana y <a href=\"https:\/\/twitter.com\/SRE_mx?ref_src=twsrc%5Etfw\">@SRE_mx<\/a>, contin\u00faa con las labores de rescate y transmitiendo el mensaje de esperanza y fortaleza al pueblo de T\u00fcrkiye.<\/p>\n<p>\ud83c\uddf2\ud83c\uddfd\ud83e\udd1d\ud83c\uddf9\ud83c\uddf7 <a href=\"https:\/\/t.co\/pfl7Kv87IK\">pic.twitter.com\/pfl7Kv87IK<\/a><\/p>\n<p>&mdash; Relaciones Exteriores (@SRE_mx) <a href=\"https:\/\/twitter.com\/SRE_mx\/status\/1623721604780814337?ref_src=twsrc%5Etfw\">February 9, 2023<\/a><\/p><\/blockquote>\n<p><script async src=\"https:\/\/platform.twitter.com\/widgets.js\" charset=\"utf-8\"><\/script><\/p>\n<p>En el caso de Siria, el secretario Ebrard indic\u00f3 que ya se contact\u00f3 con el gobierno de ese pa\u00eds, \u201cquien nos indic\u00f3 que se va a recibir la ayuda por conducto o participaci\u00f3n de la Organizaci\u00f3n de las Naciones Unidas\u2026 Estamos coordin\u00e1ndonos para ese prop\u00f3sito\u201d, inform\u00f3 Aguilar Calvo.<\/p>\n<p class=\"paragraph\">Finalmente, la canciller\u00eda de M\u00e9xico subray\u00f3 que no se han identificado v\u00edctimas de nacionalidad mexicana. \u201cRecibimos una llamada de emergencia, pero es una persona que desea que la apoyemos para retornar a M\u00e9xico\u201d, concluy\u00f3 Aguilar Calvo.<\/p>\n<h2 class=\"header\">M\u00e1s ayuda a Turqu\u00eda<\/h2>\n<p class=\"paragraph\">Como parte de los esfuerzos de M\u00e9xico para seguir apoyando a la poblaci\u00f3n turca, se est\u00e1 organizando una segunda etapa de ayuda para hacer llegar v\u00edveres a Turqu\u00eda, los cuales ser\u00e1n acopiados en la Base A\u00e9rea de Santa Luc\u00eda, Estado de M\u00e9xico.<\/p>\n<p class=\"paragraph\">En ese sentido se cuenta con el ofrecimiento de la empresa Awesone, la cual proporcionar\u00eda una aeronave para el traslado de los insumos.<\/p>\n<p class=\"paragraph\">Este mismo d\u00eda, la embajadora de M\u00e9xico en aqu\u00e9l pa\u00eds, Carmen Moreno Toscano firm\u00f3 el libro de condolencias en la sede diplom\u00e1tica \u201cpara transmitir el dolor, solidaridad y apoyo del pueblo mexicano en estos dif\u00edciles momentos para Turqu\u00eda\u201d, y destac\u00f3 que el gobierno de M\u00e9xico le otorga la mayor importancia a la fortaleza de la relaci\u00f3n bilateral.<\/p>\n<p>&nbsp;<\/p>\n<p>Con informaci\u00f3n de Infobae<\/p>\n","protected":false},"excerpt":{"rendered":"<p>La SRE explic\u00f3 que el equipo mexicano realiza labores de b\u00fasqueda en los 70 edificios que le fueron asignados por autoridades de ese pa\u00eds Personal de la Secretar\u00eda de la Defensa Nacional (Sedena) de M\u00e9xico que participa en las labores de b\u00fasqueda y rescate de v\u00edctimas del sismo en Turqu\u00eda logr\u00f3 rescatar de entre las ruinas a una persona con vida, quien estuvo atrapada durante cuatro d\u00edas, por lo que aument\u00f3 la esperanza de conseguir otros salvamentos. \u201cPersonal que integra la ayuda humanitaria logr\u00f3 rescatar con vida a una se\u00f1ora de 70 a\u00f1os atrapada en los restos de uno de [&hellip;]<\/p>\n","protected":false},"author":3,"featured_media":68412,"comment_status":"open","ping_status":"open","sticky":false,"template":"","format":"standard","meta":{"_jetpack_newsletter_access":"","_jetpack_dont_email_post_to_subs":false,"_jetpack_newsletter_tier_id":0,"_jetpack_memberships_contains_paywalled_content":false,"_jetpack_feature_clip_id":0,"_jetpack_memberships_contains_paid_content":false,"footnotes":"","jetpack_publicize_message":"","jetpack_publicize_feature_enabled":true,"jetpack_social_post_already_shared":true,"jetpack_social_options":{"image_generator_settings":{"template":"highway","default_image_id":0,"font":"","enabled":false},"version":2},"jetpack_post_was_ever_published":false},"categories":[89,75,72],"tags":[],"class_list":["post-68411","post","type-post","status-publish","format-standard","has-post-thumbnail","hentry","category-internacional","category-nacional","category-portada","post--single"],"jetpack_publicize_connections":[],"jetpack_featured_media_url":"https:\/\/ovelanalista.com\/wp-content\/uploads\/2023\/02\/mexicanos-en-siria.webp","jetpack_sharing_enabled":true,"_links":{"self":[{"href":"https:\/\/ovelanalista.com\/index.php?rest_route=\/wp\/v2\/posts\/68411","targetHints":{"allow":["GET"]}}],"collection":[{"href":"https:\/\/ovelanalista.com\/index.php?rest_route=\/wp\/v2\/posts"}],"about":[{"href":"https:\/\/ovelanalista.com\/index.php?rest_route=\/wp\/v2\/types\/post"}],"author":[{"embeddable":true,"href":"https:\/\/ovelanalista.com\/index.php?rest_route=\/wp\/v2\/users\/3"}],"replies":[{"embeddable":true,"href":"https:\/\/ovelanalista.com\/index.php?rest_route=%2Fwp%2Fv2%2Fcomments&post=68411"}],"version-history":[{"count":1,"href":"https:\/\/ovelanalista.com\/index.php?rest_route=\/wp\/v2\/posts\/68411\/revisions"}],"predecessor-version":[{"id":68413,"href":"https:\/\/ovelanalista.com\/index.php?rest_route=\/wp\/v2\/posts\/68411\/revisions\/68413"}],"wp:featuredmedia":[{"embeddable":true,"href":"https:\/\/ovelanalista.com\/index.php?rest_route=\/wp\/v2\/media\/68412"}],"wp:attachment":[{"href":"https:\/\/ovelanalista.com\/index.php?rest_route=%2Fwp%2Fv2%2Fmedia&parent=68411"}],"wp:term":[{"taxonomy":"category","embeddable":true,"href":"https:\/\/ovelanalista.com\/index.php?rest_route=%2Fwp%2Fv2%2Fcategories&post=68411"},{"taxonomy":"post_tag","embeddable":true,"href":"https:\/\/ovelanalista.com\/index.php?rest_route=%2Fwp%2Fv2%2Ftags&post=68411"}],"curies":[{"name":"wp","href":"https:\/\/api.w.org\/{rel}","templated":true}]}}