{"id":68414,"date":"2023-02-09T15:58:52","date_gmt":"2023-02-09T22:58:52","guid":{"rendered":"https:\/\/ovelanalista.com\/?p=68414"},"modified":"2023-02-09T15:58:52","modified_gmt":"2023-02-09T22:58:52","slug":"la-uas-suspende-clases-en-tacuichamona-tras-detencion-de-lupe-tapia","status":"publish","type":"post","link":"https:\/\/ovelanalista.com\/?p=68414","title":{"rendered":"La UAS suspende clases en Tacuichamona tras detenci\u00f3n de Lupe Tapia"},"content":{"rendered":"<h3 class=\"subtitle\">Una vez que las autoridades lo indiquen se reanudar\u00e1n las actividades escolares en la sindicatura al sur de la capital del estado<\/h3>\n<div class=\"lead-gallery \">\n<div class=\"teaser  owl-carousel owl-theme\">\n<div class=\"owl-wrapper-outer\">\n<div class=\"owl-wrapper\">\n<div class=\"owl-item\">\n<div class=\"img-container picture\">\n<div id=\"standard_1\" class=\"st-placement standard_1 inImage\">\n<p><b>Culiac\u00e1n, Sin.-\u00a0<\/b>Debido al operativo de seguridad para\u00a0<b><a href=\"https:\/\/www.elsoldesinaloa.com.mx\/policiaca\/capturan-a-lupe-tapia-operador-del-mayo-zambada-en-sinaloa-9593245.html\" target=\"_self\" rel=\"Follow noopener\">capturar<\/a><\/b>\u00a0a\u00a0<b>Lupe Tapia<\/b>, presunto operador de<b>\u00a0Ismael \u201cEl Mayo\u201d Zambada<\/b>\u00a0en el\u00a0<b>poblado<\/b>\u00a0de\u00a0<b>Tacuichamona<\/b>, la Universidad Aut\u00f3noma de Sinaloa\u00a0<b>orden\u00f3<\/b>\u00a0la\u00a0<b>suspensi\u00f3n<\/b>\u00a0de clases en la extensi\u00f3n de la\u00a0<b>preparatoria<\/b>\u00a0de esa\u00a0<b>zona<\/b>.<\/p>\n<p><i>\u201cHay una extensi\u00f3n ah\u00ed en\u00a0<b>Tacuichamona<\/b>, por supuesto que en esa \u00e1rea pues no, pero aqu\u00ed en\u00a0<b>Culiac\u00e1n<\/b>\u00a0no tenemos por qu\u00e9 tomar medidas que no sean\u00a0<b>coordinadas<\/b>\u00a0con la autoridad. Est\u00e1 ahorita sin clases por la cuesti\u00f3n del\u00a0<b>operativo<\/b>\u00a0es\u00a0<b>l\u00f3gico<\/b>, pero fuera de ah\u00ed todo est\u00e1 normal\u201d<\/i>, se\u00f1al\u00f3 el rector de la m\u00e1xima casa de estudios,\u00a0<b>Jes\u00fas Madue\u00f1a Molina<\/b>.<\/p>\n<p>Asimismo, enfatiz\u00f3 que por\u00a0<b>seguridad<\/b>\u00a0de los\u00a0<b>estudiantes<\/b>\u00a0de dicha instituci\u00f3n se decidi\u00f3\u00a0<b>no<\/b>\u00a0tener\u00a0<b>actividad<\/b>\u00a0escolar en ese sector solamente este 9 de febrero.<\/p>\n<p>Madue\u00f1a Molina inform\u00f3 que en esta\u00a0<b>instituci\u00f3n<\/b>\u00a0<b>educativa<\/b>\u00a0solo dan clases en el turno\u00a0<b>matutino<\/b>.<\/p>\n<div id=\"standard_8\" class=\"st-placement standard_8 inArticle\">\n<div class=\"st-adunit-inarticle st-inarticle-slot\">\n<div class=\"st-adunit st-adunit-tagged st-reset st-show\">\n<div class=\"st-display-render st-reset open 728x90\">Finalmente, recalc\u00f3 que una vez que las\u00a0<b>autoridades<\/b>\u00a0de\u00a0<b>seguridad<\/b>\u00a0indiquen que las\u00a0<b>condiciones<\/b>\u00a0permiten\u00a0<b>reanudar<\/b>\u00a0y continuar las\u00a0<b>actividades<\/b>\u00a0escolares en la\u00a0<b>sindicatura<\/b>.<\/div>\n<\/div>\n<\/div>\n<\/div>\n<\/div>\n<\/div>\n<\/div>\n<\/div>\n<\/div>\n<\/div>\n<\/div>\n<div><\/div>\n<div><\/div>\n<div>Con informaci\u00f3n de El Sol de Mazatlan<\/div>\n","protected":false},"excerpt":{"rendered":"<p>Una vez que las autoridades lo indiquen se reanudar\u00e1n las actividades escolares en la sindicatura al sur de la capital del estado Culiac\u00e1n, Sin.-\u00a0Debido al operativo de seguridad para\u00a0capturar\u00a0a\u00a0Lupe Tapia, presunto operador de\u00a0Ismael \u201cEl Mayo\u201d Zambada\u00a0en el\u00a0poblado\u00a0de\u00a0Tacuichamona, la Universidad Aut\u00f3noma de Sinaloa\u00a0orden\u00f3\u00a0la\u00a0suspensi\u00f3n\u00a0de clases en la extensi\u00f3n de la\u00a0preparatoria\u00a0de esa\u00a0zona. \u201cHay una extensi\u00f3n ah\u00ed en\u00a0Tacuichamona, por supuesto que en esa \u00e1rea pues no, pero aqu\u00ed en\u00a0Culiac\u00e1n\u00a0no tenemos por qu\u00e9 tomar medidas que no sean\u00a0coordinadas\u00a0con la autoridad. Est\u00e1 ahorita sin clases por la cuesti\u00f3n del\u00a0operativo\u00a0es\u00a0l\u00f3gico, pero fuera de ah\u00ed todo est\u00e1 normal\u201d, se\u00f1al\u00f3 el rector de la m\u00e1xima casa de estudios,\u00a0Jes\u00fas Madue\u00f1a [&hellip;]<\/p>\n","protected":false},"author":3,"featured_media":68415,"comment_status":"open","ping_status":"open","sticky":false,"template":"","format":"standard","meta":{"_jetpack_newsletter_access":"","_jetpack_dont_email_post_to_subs":false,"_jetpack_newsletter_tier_id":0,"_jetpack_memberships_contains_paywalled_content":false,"_jetpack_feature_clip_id":0,"_jetpack_memberships_contains_paid_content":false,"footnotes":"","jetpack_publicize_message":"","jetpack_publicize_feature_enabled":true,"jetpack_social_post_already_shared":true,"jetpack_social_options":{"image_generator_settings":{"template":"highway","default_image_id":0,"font":"","enabled":false},"version":2},"jetpack_post_was_ever_published":false},"categories":[75,72],"tags":[],"class_list":["post-68414","post","type-post","status-publish","format-standard","has-post-thumbnail","hentry","category-nacional","category-portada","post--single"],"jetpack_publicize_connections":[],"jetpack_featured_media_url":"https:\/\/ovelanalista.com\/wp-content\/uploads\/2023\/02\/uas.jpeg","jetpack_sharing_enabled":true,"_links":{"self":[{"href":"https:\/\/ovelanalista.com\/index.php?rest_route=\/wp\/v2\/posts\/68414","targetHints":{"allow":["GET"]}}],"collection":[{"href":"https:\/\/ovelanalista.com\/index.php?rest_route=\/wp\/v2\/posts"}],"about":[{"href":"https:\/\/ovelanalista.com\/index.php?rest_route=\/wp\/v2\/types\/post"}],"author":[{"embeddable":true,"href":"https:\/\/ovelanalista.com\/index.php?rest_route=\/wp\/v2\/users\/3"}],"replies":[{"embeddable":true,"href":"https:\/\/ovelanalista.com\/index.php?rest_route=%2Fwp%2Fv2%2Fcomments&post=68414"}],"version-history":[{"count":1,"href":"https:\/\/ovelanalista.com\/index.php?rest_route=\/wp\/v2\/posts\/68414\/revisions"}],"predecessor-version":[{"id":68416,"href":"https:\/\/ovelanalista.com\/index.php?rest_route=\/wp\/v2\/posts\/68414\/revisions\/68416"}],"wp:featuredmedia":[{"embeddable":true,"href":"https:\/\/ovelanalista.com\/index.php?rest_route=\/wp\/v2\/media\/68415"}],"wp:attachment":[{"href":"https:\/\/ovelanalista.com\/index.php?rest_route=%2Fwp%2Fv2%2Fmedia&parent=68414"}],"wp:term":[{"taxonomy":"category","embeddable":true,"href":"https:\/\/ovelanalista.com\/index.php?rest_route=%2Fwp%2Fv2%2Fcategories&post=68414"},{"taxonomy":"post_tag","embeddable":true,"href":"https:\/\/ovelanalista.com\/index.php?rest_route=%2Fwp%2Fv2%2Ftags&post=68414"}],"curies":[{"name":"wp","href":"https:\/\/api.w.org\/{rel}","templated":true}]}}