{"id":68485,"date":"2023-02-13T10:30:50","date_gmt":"2023-02-13T17:30:50","guid":{"rendered":"https:\/\/ovelanalista.com\/?p=68485"},"modified":"2023-02-13T10:23:51","modified_gmt":"2023-02-13T17:23:51","slug":"desde-las-alturas-fotos-aereas-de-los-cierres-de-precampana-en-texcoco-de-alejandra-del-moral-y-delfina-gomez","status":"publish","type":"post","link":"https:\/\/ovelanalista.com\/?p=68485","title":{"rendered":"\u00a1Desde las alturas! Fotos a\u00e9reas de los cierres de precampa\u00f1a en Texcoco de Alejandra del Moral y Delfina G\u00f3mez"},"content":{"rendered":"<h2 class=\"h2\">Ambas aspirantes subieron fotos en sus redes sociales de sus eventos este domingo<\/h2>\n<div class=\" dfp-contenedor-imagen\">\n<div id=\"dfp-ad-eluniversal_com_mx_responsive_top-wrapper\" class=\"dfp-tag-wrapperNew\">\n<p>Las candidatas a la gubernatura por el Estado de M\u00e9xico,<strong>\u00a0Alejandra del Moral y Delfina G\u00f3mez<\/strong>\u00a0presumieron en sus redes sociales<a href=\"https:\/\/www.eluniversal.com.mx\/\" target=\"_blank\" rel=\"noopener\"><strong>\u00a0fotos a\u00e9reas<\/strong><\/a>\u00a0de sus<strong>\u00a0cierres de precampa\u00f1a<\/strong>\u00a0que tuvieron ambas aspirantes en Texcoco.<\/p>\n<h2>\u00a1Este cambio ya nadie lo detiene!<\/h2>\n<p>Delfina G\u00f3mez, aspirante de Morena destac\u00f3 que en su cierre de precampa\u00f1a les fue \u201crequetebi\u00e9n\u201d y que a \u201c\u00a1Este cambio ya nadie lo detiene!\u201d.<\/p>\n<p>\u201cDe la mano de militantes y simpatizantes lograremos el amanecer que acabe con 100 a\u00f1os de oscuridad\u201d, comparti\u00f3 en sus redes sociales.<\/p>\n<p>En este 2023 se acabar\u00e1 la oscuridad, el<a href=\"https:\/\/www.eluniversal.com.mx\/elecciones\/acabaremos-con-una-larga-noche-delfina-va-por-derrotar-al-pri-por-vez-primera-en-edomex\" target=\"_blank\" rel=\"noopener\"><strong>\u00a0abandono y la indolencia\u00a0<\/strong><\/a>en el Estado de M\u00e9xico, dijo la aspirante morenista al concluir la precampa\u00f1a en su tierra natal.<\/p>\n<p>\u201cNosotros estamos unidos hoy m\u00e1s que nunca, que la diferencia de los de siempre\u00a0 quienes siempre est\u00e1n divididos en mil pedazos y pele\u00e1ndose en p\u00fablico y que est\u00e1n peleando puestos y cargos, aqu\u00ed no, aqu\u00ed estamos hermanados por la esperanza y por el cambio con el \u00fanico deseo de servir al pueblo, con el \u00fanico deseo de hacer justicia, no solamente a los campesinos, sino a nuestros transportistas, a nuestros maestros, a nuestras mujeres, a nuestros m\u00e9dicos, a nuestros hombres, nuestros ni\u00f1os y a nuestros discapacitados y todo aquellos que integran a la sociedad\u201d.\n<\/p><\/div>\n<p>Con informaci\u00f3n de El Universal<\/p>\n<\/div>\n","protected":false},"excerpt":{"rendered":"<p>Ambas aspirantes subieron fotos en sus redes sociales de sus eventos este domingo Las candidatas a la gubernatura por el Estado de M\u00e9xico,\u00a0Alejandra del Moral y Delfina G\u00f3mez\u00a0presumieron en sus redes sociales\u00a0fotos a\u00e9reas\u00a0de sus\u00a0cierres de precampa\u00f1a\u00a0que tuvieron ambas aspirantes en Texcoco. \u00a1Este cambio ya nadie lo detiene! Delfina G\u00f3mez, aspirante de Morena destac\u00f3 que en su cierre de precampa\u00f1a les fue \u201crequetebi\u00e9n\u201d y que a \u201c\u00a1Este cambio ya nadie lo detiene!\u201d. \u201cDe la mano de militantes y simpatizantes lograremos el amanecer que acabe con 100 a\u00f1os de oscuridad\u201d, comparti\u00f3 en sus redes sociales. En este 2023 se acabar\u00e1 la oscuridad, [&hellip;]<\/p>\n","protected":false},"author":3,"featured_media":68489,"comment_status":"open","ping_status":"open","sticky":false,"template":"","format":"standard","meta":{"_jetpack_newsletter_access":"","_jetpack_dont_email_post_to_subs":false,"_jetpack_newsletter_tier_id":0,"_jetpack_memberships_contains_paywalled_content":false,"_jetpack_feature_clip_id":0,"_jetpack_memberships_contains_paid_content":false,"footnotes":"","jetpack_publicize_message":"","jetpack_publicize_feature_enabled":true,"jetpack_social_post_already_shared":true,"jetpack_social_options":{"image_generator_settings":{"template":"highway","default_image_id":0,"font":"","enabled":false},"version":2},"jetpack_post_was_ever_published":false},"categories":[75,72],"tags":[],"class_list":["post-68485","post","type-post","status-publish","format-standard","has-post-thumbnail","hentry","category-nacional","category-portada","post--single"],"jetpack_publicize_connections":[],"jetpack_featured_media_url":"https:\/\/ovelanalista.com\/wp-content\/uploads\/2023\/02\/fotos_aereas_cierres_texcoco_delfina_alejandra-min.webp","jetpack_sharing_enabled":true,"_links":{"self":[{"href":"https:\/\/ovelanalista.com\/index.php?rest_route=\/wp\/v2\/posts\/68485","targetHints":{"allow":["GET"]}}],"collection":[{"href":"https:\/\/ovelanalista.com\/index.php?rest_route=\/wp\/v2\/posts"}],"about":[{"href":"https:\/\/ovelanalista.com\/index.php?rest_route=\/wp\/v2\/types\/post"}],"author":[{"embeddable":true,"href":"https:\/\/ovelanalista.com\/index.php?rest_route=\/wp\/v2\/users\/3"}],"replies":[{"embeddable":true,"href":"https:\/\/ovelanalista.com\/index.php?rest_route=%2Fwp%2Fv2%2Fcomments&post=68485"}],"version-history":[{"count":1,"href":"https:\/\/ovelanalista.com\/index.php?rest_route=\/wp\/v2\/posts\/68485\/revisions"}],"predecessor-version":[{"id":68490,"href":"https:\/\/ovelanalista.com\/index.php?rest_route=\/wp\/v2\/posts\/68485\/revisions\/68490"}],"wp:featuredmedia":[{"embeddable":true,"href":"https:\/\/ovelanalista.com\/index.php?rest_route=\/wp\/v2\/media\/68489"}],"wp:attachment":[{"href":"https:\/\/ovelanalista.com\/index.php?rest_route=%2Fwp%2Fv2%2Fmedia&parent=68485"}],"wp:term":[{"taxonomy":"category","embeddable":true,"href":"https:\/\/ovelanalista.com\/index.php?rest_route=%2Fwp%2Fv2%2Fcategories&post=68485"},{"taxonomy":"post_tag","embeddable":true,"href":"https:\/\/ovelanalista.com\/index.php?rest_route=%2Fwp%2Fv2%2Ftags&post=68485"}],"curies":[{"name":"wp","href":"https:\/\/api.w.org\/{rel}","templated":true}]}}