{"id":68621,"date":"2023-02-14T13:10:16","date_gmt":"2023-02-14T20:10:16","guid":{"rendered":"https:\/\/ovelanalista.com\/?p=68621"},"modified":"2023-02-14T12:57:55","modified_gmt":"2023-02-14T19:57:55","slug":"hay-mucho-discurso-pero-poca-accion","status":"publish","type":"post","link":"https:\/\/ovelanalista.com\/?p=68621","title":{"rendered":"Hay mucho discurso, pero poca acci\u00f3n"},"content":{"rendered":"<p data-t=\"{&quot;n&quot;:&quot;blueLinks&quot;}\">Desde luego que no por el simple hecho de que el Gobierno de M\u00e9xico no es agencia medi\u00e1tica de nadie y el Presidente tampoco es el vocero.<\/p>\n<div class=\"article-image-container   \" data-t=\"{&quot;n&quot;:&quot;OpenModal&quot;,&quot;t&quot;:13}\">\n<p data-t=\"{&quot;n&quot;:&quot;blueLinks&quot;}\">Este seguimiento y marcaje deber\u00eda servir para fines ministeriales y judiciales, es decir, para el trabajo que, en dado caso lleve a cabo la Fiscal\u00eda General de la Rep\u00fablica en el sentido que todo lo actuado por las autoridades estadounidenses deber\u00eda impactar en una investigaci\u00f3n seria en nuestro pa\u00eds.<\/p>\n<p data-t=\"{&quot;n&quot;:&quot;blueLinks&quot;}\">Lamentablemente nos hemos acostumbrado durante la actual administraci\u00f3n que mucho es discurso y poco es acci\u00f3n que lleva a resultados concretos, de ah\u00ed que pareciera que estamos \u00e1vidos de informaci\u00f3n que s\u00f3lo queda en una conferencia matutina y no en esclarecimiento de hechos que involucran a servidores p\u00fablicos mexicanos con c\u00e1rteles del crimen organizado en un momento en que no se ha podido frenar ni un \u00e1pice la delincuencia.<\/p>\n<div class=\"article-clear-div\"><\/div>\n<p class=\"continue-read-break\" data-t=\"{&quot;n&quot;:&quot;blueLinks&quot;}\">Incluso, este tipo de circunstancias lo que puede propiciar en una vulneraci\u00f3n de la presunci\u00f3n de inocencia y, por lo tanto, afectar el debido proceso en caso de que exista alguna carpeta de investigaci\u00f3n en el pa\u00eds contra el extitular de la Secretar\u00eda de Seguridad P\u00fablica o cualquier otro funcionario involucrado en los hechos que manifiestan testigos sin que existan otro tipo de pruebas que, concatenadas, den una luz sobre la veracidad de las acusaciones.<\/p>\n<p data-t=\"{&quot;n&quot;:&quot;blueLinks&quot;}\">Cualquier juicio de valor que salga del gobierno mexicano respecto del juicio o de las personas involucradas podr\u00eda considerarse, incluso, una intromisi\u00f3n en la investigaci\u00f3n que tiene otro pa\u00eds en contra de una persona que, esperar\u00edamos, fuera M\u00e9xico quien lo estuviera juzgando.<\/p>\n<p data-t=\"{&quot;n&quot;:&quot;blueLinks&quot;}\">Sin embargo, no fue as\u00ed, por lo que cualquier comentario en este momento no s\u00f3lo ser\u00e1 intrusivo, sino afianzar\u00e1 la incapacidad de las autoridades para que esos hechos se estuvieran dilucidando en el pa\u00eds.<\/p>\n<p data-t=\"{&quot;n&quot;:&quot;blueLinks&quot;}\">Nos acostumbramos tambi\u00e9n a que, en nuestro pa\u00eds la justicia sigue siendo excesivamente lenta, ya que muchos procesos abiertos por hechos de corrupci\u00f3n o delincuencia organizada no se han resuelto a pesar de que en un inicio se anunciaron como un logro gubernamental. Lo que el pueblo de M\u00e9xico quiere son certezas y no discursos vac\u00edos.<\/p>\n<\/div>\n<p data-t=\"{&quot;n&quot;:&quot;blueLinks&quot;}\">\n<p data-t=\"{&quot;n&quot;:&quot;blueLinks&quot;}\">Con informaci\u00f3n de Publimetro<\/p>\n","protected":false},"excerpt":{"rendered":"<p>Desde luego que no por el simple hecho de que el Gobierno de M\u00e9xico no es agencia medi\u00e1tica de nadie y el Presidente tampoco es el vocero. Este seguimiento y marcaje deber\u00eda servir para fines ministeriales y judiciales, es decir, para el trabajo que, en dado caso lleve a cabo la Fiscal\u00eda General de la Rep\u00fablica en el sentido que todo lo actuado por las autoridades estadounidenses deber\u00eda impactar en una investigaci\u00f3n seria en nuestro pa\u00eds. Lamentablemente nos hemos acostumbrado durante la actual administraci\u00f3n que mucho es discurso y poco es acci\u00f3n que lleva a resultados concretos, de ah\u00ed que [&hellip;]<\/p>\n","protected":false},"author":3,"featured_media":68622,"comment_status":"open","ping_status":"open","sticky":false,"template":"","format":"standard","meta":{"_jetpack_newsletter_access":"","_jetpack_dont_email_post_to_subs":false,"_jetpack_newsletter_tier_id":0,"_jetpack_memberships_contains_paywalled_content":false,"_jetpack_feature_clip_id":0,"_jetpack_memberships_contains_paid_content":false,"footnotes":"","jetpack_publicize_message":"","jetpack_publicize_feature_enabled":true,"jetpack_social_post_already_shared":true,"jetpack_social_options":{"image_generator_settings":{"template":"highway","default_image_id":0,"font":"","enabled":false},"version":2},"jetpack_post_was_ever_published":false},"categories":[75,72],"tags":[],"class_list":["post-68621","post","type-post","status-publish","format-standard","has-post-thumbnail","hentry","category-nacional","category-portada","post--single"],"jetpack_publicize_connections":[],"jetpack_featured_media_url":"https:\/\/ovelanalista.com\/wp-content\/uploads\/2023\/02\/genaro.jpeg","jetpack_sharing_enabled":true,"_links":{"self":[{"href":"https:\/\/ovelanalista.com\/index.php?rest_route=\/wp\/v2\/posts\/68621","targetHints":{"allow":["GET"]}}],"collection":[{"href":"https:\/\/ovelanalista.com\/index.php?rest_route=\/wp\/v2\/posts"}],"about":[{"href":"https:\/\/ovelanalista.com\/index.php?rest_route=\/wp\/v2\/types\/post"}],"author":[{"embeddable":true,"href":"https:\/\/ovelanalista.com\/index.php?rest_route=\/wp\/v2\/users\/3"}],"replies":[{"embeddable":true,"href":"https:\/\/ovelanalista.com\/index.php?rest_route=%2Fwp%2Fv2%2Fcomments&post=68621"}],"version-history":[{"count":1,"href":"https:\/\/ovelanalista.com\/index.php?rest_route=\/wp\/v2\/posts\/68621\/revisions"}],"predecessor-version":[{"id":68623,"href":"https:\/\/ovelanalista.com\/index.php?rest_route=\/wp\/v2\/posts\/68621\/revisions\/68623"}],"wp:featuredmedia":[{"embeddable":true,"href":"https:\/\/ovelanalista.com\/index.php?rest_route=\/wp\/v2\/media\/68622"}],"wp:attachment":[{"href":"https:\/\/ovelanalista.com\/index.php?rest_route=%2Fwp%2Fv2%2Fmedia&parent=68621"}],"wp:term":[{"taxonomy":"category","embeddable":true,"href":"https:\/\/ovelanalista.com\/index.php?rest_route=%2Fwp%2Fv2%2Fcategories&post=68621"},{"taxonomy":"post_tag","embeddable":true,"href":"https:\/\/ovelanalista.com\/index.php?rest_route=%2Fwp%2Fv2%2Ftags&post=68621"}],"curies":[{"name":"wp","href":"https:\/\/api.w.org\/{rel}","templated":true}]}}