{"id":68627,"date":"2023-02-14T13:30:26","date_gmt":"2023-02-14T20:30:26","guid":{"rendered":"https:\/\/ovelanalista.com\/?p=68627"},"modified":"2023-02-14T13:01:57","modified_gmt":"2023-02-14T20:01:57","slug":"amlo-acusa-a-la-exembajadora-en-eu-martha-barcena-de-estar-ya-en-el-bloque-conservador","status":"publish","type":"post","link":"https:\/\/ovelanalista.com\/?p=68627","title":{"rendered":"AMLO acusa a la exembajadora en EU, Martha B\u00e1rcena, de estar ya en el &#8220;bloque conservador&#8221;"},"content":{"rendered":"<p>El presidente L\u00f3pez Obrador asegur\u00f3 que no se arrepiente de haberla nombrado embajadora en Washington, pues se\u00f1al\u00f3 que cada quien es libre de tomar un camino, y que es \u201cmuch\u00edsimo mejor que la simulaci\u00f3n, que la hipocres\u00eda\u201d<\/p>\n<p>El presidente Andr\u00e9s Manuel L\u00f3pez Obrador acus\u00f3 este martes a su exembajadora en Estados Unidos,\u00a0<a href=\"https:\/\/www.eluniversal.com.mx\/tag\/martha-barcena\" target=\"_blank\" rel=\"noopener\"><strong>Martha Barcena<\/strong><\/a>, de estar ya en &#8220;el\u00a0<strong>bloque conservador&#8221;<\/strong>, y advirti\u00f3 \u201cque cada quien es responsable de su actos y la historia nos juzgar\u00e1\u201d.<\/p>\n<p>En conferencia de prensa matutina y a pregunta expresa, el jefe del Ejecutivo federal asegur\u00f3 que no se arrepiente de haberla nombrado\u00a0<strong>embajadora en Washington<\/strong>, pues se\u00f1al\u00f3 que cada quien es libre de tomar un camino, y que es \u201cmuch\u00edsimo mejor que la simulaci\u00f3n, que la hipocres\u00eda\u201d.<\/p>\n<p>\u201c\u00bfSe arrepiente de haberla nombrado?\u201d, se le pregunt\u00f3.<\/p>\n<p>\u201cNo no, pero si est\u00e1 diciendo cosas, que no son cosas, pues no es m\u00e1s que ejercer el derecho de r\u00e9plica (\u2026) Es normal que se den estas cosas, son\u00a0<a href=\"https:\/\/www.eluniversal.com.mx\/nacion\" target=\"_blank\" rel=\"noopener\"><strong>posiciones distintas<\/strong><\/a>, contrapuestas.<\/p>\n<p>\u201c\u00bfLa embajadora ya se defini\u00f3 ya por el conservadurismo?\u201d, se le insisti\u00f3.<\/p>\n<p>\u201cPues yo creo que s\u00ed, yo creo que est\u00e1n en ese bloque, con nosotros, no\u201d, respondi\u00f3.<\/p>\n<p>\u201c\u00bfLo traicion\u00f3?, se le sigui\u00f3 cuestionando.<\/p>\n<p>\u201cNo, no, es que cada quien es libre, aqu\u00ed no se obliga a nadie, cada quien es\u00a0<strong>responsable de su acto<\/strong>\u00a0y la historia nos juzgar\u00e1. Quien quiera tomar un camino, que lo siga, quien quiera tomar otro camino, es libre, es maravilloso eso, es much\u00edsimo mejor que la\u00a0<strong>simulaci\u00f3n<\/strong>, que la hipocres\u00eda\u201d, dijo.<\/p>\n<p>En entrevista con el periodista Le\u00f3n Krauze, la exembajadora de M\u00e9xico en Washington confirm\u00f3 lo revelado por\u00a0<a href=\"https:\/\/www.eluniversal.com.mx\/tag\/mike-pompeo\" target=\"_blank\" rel=\"noopener\"><strong>Mike Pompeo<\/strong><\/a>, exsecretario de Estado en el gobierno de Donald Trump, en el sentido de que el canciller\u00a0<a href=\"https:\/\/www.eluniversal.com.mx\/tag\/marcelo-ebrard\" target=\"_blank\" rel=\"noopener\"><strong>Marcelo Ebrard<\/strong><\/a>\u00a0acept\u00f3 el acuerdo que dar\u00eda paso al pol\u00e9mico programa\u00a0<strong>&#8220;Qu\u00e9date en M\u00e9xico&#8221;<\/strong>\u00a0y le pidi\u00f3 mantenerlo en secreto.<\/p>\n<p>&nbsp;<\/p>\n<p>Con informaci\u00f3n de El Universal<\/p>\n","protected":false},"excerpt":{"rendered":"<p>El presidente L\u00f3pez Obrador asegur\u00f3 que no se arrepiente de haberla nombrado embajadora en Washington, pues se\u00f1al\u00f3 que cada quien es libre de tomar un camino, y que es \u201cmuch\u00edsimo mejor que la simulaci\u00f3n, que la hipocres\u00eda\u201d El presidente Andr\u00e9s Manuel L\u00f3pez Obrador acus\u00f3 este martes a su exembajadora en Estados Unidos,\u00a0Martha Barcena, de estar ya en &#8220;el\u00a0bloque conservador&#8221;, y advirti\u00f3 \u201cque cada quien es responsable de su actos y la historia nos juzgar\u00e1\u201d. En conferencia de prensa matutina y a pregunta expresa, el jefe del Ejecutivo federal asegur\u00f3 que no se arrepiente de haberla nombrado\u00a0embajadora en Washington, pues se\u00f1al\u00f3 [&hellip;]<\/p>\n","protected":false},"author":3,"featured_media":68541,"comment_status":"open","ping_status":"open","sticky":false,"template":"","format":"standard","meta":{"_jetpack_newsletter_access":"","_jetpack_dont_email_post_to_subs":false,"_jetpack_newsletter_tier_id":0,"_jetpack_memberships_contains_paywalled_content":false,"_jetpack_feature_clip_id":0,"_jetpack_memberships_contains_paid_content":false,"footnotes":"","jetpack_publicize_message":"","jetpack_publicize_feature_enabled":true,"jetpack_social_post_already_shared":true,"jetpack_social_options":{"image_generator_settings":{"template":"highway","default_image_id":0,"font":"","enabled":false},"version":2},"jetpack_post_was_ever_published":false},"categories":[75,72],"tags":[],"class_list":["post-68627","post","type-post","status-publish","format-standard","has-post-thumbnail","hentry","category-nacional","category-portada","post--single"],"jetpack_publicize_connections":[],"jetpack_featured_media_url":"https:\/\/ovelanalista.com\/wp-content\/uploads\/2023\/02\/AMLO-9.jpeg","jetpack_sharing_enabled":true,"_links":{"self":[{"href":"https:\/\/ovelanalista.com\/index.php?rest_route=\/wp\/v2\/posts\/68627","targetHints":{"allow":["GET"]}}],"collection":[{"href":"https:\/\/ovelanalista.com\/index.php?rest_route=\/wp\/v2\/posts"}],"about":[{"href":"https:\/\/ovelanalista.com\/index.php?rest_route=\/wp\/v2\/types\/post"}],"author":[{"embeddable":true,"href":"https:\/\/ovelanalista.com\/index.php?rest_route=\/wp\/v2\/users\/3"}],"replies":[{"embeddable":true,"href":"https:\/\/ovelanalista.com\/index.php?rest_route=%2Fwp%2Fv2%2Fcomments&post=68627"}],"version-history":[{"count":1,"href":"https:\/\/ovelanalista.com\/index.php?rest_route=\/wp\/v2\/posts\/68627\/revisions"}],"predecessor-version":[{"id":68628,"href":"https:\/\/ovelanalista.com\/index.php?rest_route=\/wp\/v2\/posts\/68627\/revisions\/68628"}],"wp:featuredmedia":[{"embeddable":true,"href":"https:\/\/ovelanalista.com\/index.php?rest_route=\/wp\/v2\/media\/68541"}],"wp:attachment":[{"href":"https:\/\/ovelanalista.com\/index.php?rest_route=%2Fwp%2Fv2%2Fmedia&parent=68627"}],"wp:term":[{"taxonomy":"category","embeddable":true,"href":"https:\/\/ovelanalista.com\/index.php?rest_route=%2Fwp%2Fv2%2Fcategories&post=68627"},{"taxonomy":"post_tag","embeddable":true,"href":"https:\/\/ovelanalista.com\/index.php?rest_route=%2Fwp%2Fv2%2Ftags&post=68627"}],"curies":[{"name":"wp","href":"https:\/\/api.w.org\/{rel}","templated":true}]}}