{"id":68629,"date":"2023-02-14T13:40:23","date_gmt":"2023-02-14T20:40:23","guid":{"rendered":"https:\/\/ovelanalista.com\/?p=68629"},"modified":"2023-02-14T13:04:17","modified_gmt":"2023-02-14T20:04:17","slug":"salpican-a-amlo-en-juicio-de-garcia-luna-dicen-que-recibio-7-mdd-del-narco-para-campana","status":"publish","type":"post","link":"https:\/\/ovelanalista.com\/?p=68629","title":{"rendered":"Salpican a AMLO en juicio de Garc\u00eda Luna; dicen que recibi\u00f3 7 mdd del narco para campa\u00f1a"},"content":{"rendered":"<p data-t=\"{&quot;n&quot;:&quot;blueLinks&quot;}\">El presidente\u00a0<a tabindex=\"0\" href=\"https:\/\/lopezobrador.org.mx\/\" target=\"_blank\" rel=\"noopener\" data-t=\"{&quot;n&quot;:&quot;destination&quot;,&quot;t&quot;:13,&quot;b&quot;:1,&quot;c.t&quot;:7}\"><b>Andr\u00e9s Manuel L\u00f3pez Obrador<\/b><\/a><b>\u00a0(AMLO)<\/b>\u00a0habr\u00eda recibido alrededor de\u00a0<b>siete millones de d\u00f3lares<\/b>\u00a0para una\u00a0<b>campa\u00f1a electora<\/b>l en manos del operador del C\u00e1rtel de Sinaloa,\u00a0<b>Jes\u00fas \u201cRey\u201d Zambada<\/b>, seg\u00fan se dio a conocer en el juicio contra el exsecretario de Seguridad P\u00fablica,\u00a0<b>Genaro Garc\u00eda Luna.<\/b><\/p>\n<p data-t=\"{&quot;n&quot;:&quot;blueLinks&quot;}\">El abogado del \u201csuperpolic\u00eda\u201d,\u00a0<b>C\u00e9sar de Castro\u00a0<\/b>procedi\u00f3 al contrainterrogatorio este martes y pidi\u00f3 a Zambada que recordara una de sus\u00a0<b>declaraciones ante los fiscales en 2013<\/b>, cuando supuestamente dijo que pag\u00f3 al ahora presidente L\u00f3pez Obrador a trav\u00e9s de un operador<b>, Gabriel Regino.<\/b><\/p>\n<p data-t=\"{&quot;n&quot;:&quot;blueLinks&quot;}\">Pese a la pregunta y la actitud de la defensa de Garc\u00eda Luna,\u00a0<b>\u201cRey\u201d Zambada neg\u00f3 el hecho y asegur\u00f3 que nunca dijo eso hace casi\u00a0<\/b>10 a\u00f1os, cuando fue extraditado a Estados Unidos por el delito de narcotr\u00e1fico.<\/p>\n<p data-t=\"{&quot;n&quot;:&quot;blueLinks&quot;}\">\u201c\u00bf<b>Le pag\u00f3 o no 7 millones a AMLO<\/b>\u00a0para su campa\u00f1a vs Vicente Fox?\u201d, expres\u00f3 De Castro en la comparecencia.<\/p>\n<p data-t=\"{&quot;n&quot;:&quot;blueLinks&quot;}\">Cuando el defensor mencion\u00f3 el nombre de Gabriel Regino,<b>\u00a0Zambada<\/b>\u00a0explic\u00f3 que s\u00ed era para una campa\u00f1a, pero no para el ahora presidente Andr\u00e9s Manuel L\u00f3pez Obrador (AMLO).<\/p>\n<p data-t=\"{&quot;n&quot;:&quot;blueLinks&quot;}\">\u201cDijeron que era para una campa\u00f1a, pero no de L\u00f3pez Obrador\u201d, explic\u00f3 \u201cEl Rey\u201d y acus\u00f3 al abogado por forzarlo para declarar algo en contra del presidente de la Rep\u00fablica.<\/p>\n<p class=\"continue-read-break\" data-t=\"{&quot;n&quot;:&quot;blueLinks&quot;}\">Despu\u00e9s de la molestia de los fiscales por la actuaci\u00f3n de C\u00e9sar de Castro, quien encabeza la defensa de Garc\u00eda Luna, el juez<b>\u00a0Brian Cogan\u00a0<\/b>se reuni\u00f3 con \u00e9l y los fiscales para calmar los \u00e1nimos en el juicio en contra del exsecretario de Seguridad.<\/p>\n<p data-t=\"{&quot;n&quot;:&quot;blueLinks&quot;}\">Posteriormente, no se volvi\u00f3 a mencionar el nombre del presidente L\u00f3pez Obrador, aunque siguieron las preguntas a \u201cRey\u201d Zambada sobre si estaba seguro de haber entregado\u00a0<b>sobornos\u00a0<\/b>a nombre del C\u00e1rtel de Sinaloa a Genaro Garc\u00eda Luna.<\/p>\n<p data-t=\"{&quot;n&quot;:&quot;blueLinks&quot;}\">\n<p data-t=\"{&quot;n&quot;:&quot;blueLinks&quot;}\">Con informaci\u00f3n de Publimetro<\/p>\n","protected":false},"excerpt":{"rendered":"<p>El presidente\u00a0Andr\u00e9s Manuel L\u00f3pez Obrador\u00a0(AMLO)\u00a0habr\u00eda recibido alrededor de\u00a0siete millones de d\u00f3lares\u00a0para una\u00a0campa\u00f1a electoral en manos del operador del C\u00e1rtel de Sinaloa,\u00a0Jes\u00fas \u201cRey\u201d Zambada, seg\u00fan se dio a conocer en el juicio contra el exsecretario de Seguridad P\u00fablica,\u00a0Genaro Garc\u00eda Luna. El abogado del \u201csuperpolic\u00eda\u201d,\u00a0C\u00e9sar de Castro\u00a0procedi\u00f3 al contrainterrogatorio este martes y pidi\u00f3 a Zambada que recordara una de sus\u00a0declaraciones ante los fiscales en 2013, cuando supuestamente dijo que pag\u00f3 al ahora presidente L\u00f3pez Obrador a trav\u00e9s de un operador, Gabriel Regino. Pese a la pregunta y la actitud de la defensa de Garc\u00eda Luna,\u00a0\u201cRey\u201d Zambada neg\u00f3 el hecho y asegur\u00f3 que [&hellip;]<\/p>\n","protected":false},"author":3,"featured_media":68630,"comment_status":"open","ping_status":"open","sticky":false,"template":"","format":"standard","meta":{"_jetpack_newsletter_access":"","_jetpack_dont_email_post_to_subs":false,"_jetpack_newsletter_tier_id":0,"_jetpack_memberships_contains_paywalled_content":false,"_jetpack_feature_clip_id":0,"_jetpack_memberships_contains_paid_content":false,"footnotes":"","jetpack_publicize_message":"","jetpack_publicize_feature_enabled":true,"jetpack_social_post_already_shared":true,"jetpack_social_options":{"image_generator_settings":{"template":"highway","default_image_id":0,"font":"","enabled":false},"version":2},"jetpack_post_was_ever_published":false},"categories":[75,72],"tags":[],"class_list":["post-68629","post","type-post","status-publish","format-standard","has-post-thumbnail","hentry","category-nacional","category-portada","post--single"],"jetpack_publicize_connections":[],"jetpack_featured_media_url":"https:\/\/ovelanalista.com\/wp-content\/uploads\/2023\/02\/AMLO-.jpeg","jetpack_sharing_enabled":true,"_links":{"self":[{"href":"https:\/\/ovelanalista.com\/index.php?rest_route=\/wp\/v2\/posts\/68629","targetHints":{"allow":["GET"]}}],"collection":[{"href":"https:\/\/ovelanalista.com\/index.php?rest_route=\/wp\/v2\/posts"}],"about":[{"href":"https:\/\/ovelanalista.com\/index.php?rest_route=\/wp\/v2\/types\/post"}],"author":[{"embeddable":true,"href":"https:\/\/ovelanalista.com\/index.php?rest_route=\/wp\/v2\/users\/3"}],"replies":[{"embeddable":true,"href":"https:\/\/ovelanalista.com\/index.php?rest_route=%2Fwp%2Fv2%2Fcomments&post=68629"}],"version-history":[{"count":1,"href":"https:\/\/ovelanalista.com\/index.php?rest_route=\/wp\/v2\/posts\/68629\/revisions"}],"predecessor-version":[{"id":68631,"href":"https:\/\/ovelanalista.com\/index.php?rest_route=\/wp\/v2\/posts\/68629\/revisions\/68631"}],"wp:featuredmedia":[{"embeddable":true,"href":"https:\/\/ovelanalista.com\/index.php?rest_route=\/wp\/v2\/media\/68630"}],"wp:attachment":[{"href":"https:\/\/ovelanalista.com\/index.php?rest_route=%2Fwp%2Fv2%2Fmedia&parent=68629"}],"wp:term":[{"taxonomy":"category","embeddable":true,"href":"https:\/\/ovelanalista.com\/index.php?rest_route=%2Fwp%2Fv2%2Fcategories&post=68629"},{"taxonomy":"post_tag","embeddable":true,"href":"https:\/\/ovelanalista.com\/index.php?rest_route=%2Fwp%2Fv2%2Ftags&post=68629"}],"curies":[{"name":"wp","href":"https:\/\/api.w.org\/{rel}","templated":true}]}}