{"id":68641,"date":"2023-02-14T14:30:33","date_gmt":"2023-02-14T21:30:33","guid":{"rendered":"https:\/\/ovelanalista.com\/?p=68641"},"modified":"2023-02-14T13:17:11","modified_gmt":"2023-02-14T20:17:11","slug":"va-rocha-moya-por-quitar-fuero-a-funcionarios-estatales","status":"publish","type":"post","link":"https:\/\/ovelanalista.com\/?p=68641","title":{"rendered":"Va Rocha Moya por quitar fuero a funcionarios estatales"},"content":{"rendered":"<p data-t=\"{&quot;n&quot;:&quot;blueLinks&quot;}\">El gobernador del estado,\u00a0<strong>Rub\u00e9n Rocha Moya, se plante\u00f3 un reto y un compromiso:<\/strong>\u00a0dijo que presentar\u00e1 una\u00a0<a tabindex=\"0\" href=\"https:\/\/www.debate.com.mx\/sinaloa\/politica\/Rocha-Moya-enviara-HOY-iniciativa-al-Congreso-de-Sinaloa-para-eliminar-el-FUERO-del-gobernador-20230213-0052.html\" target=\"_blank\" rel=\"noopener\" data-t=\"{&quot;n&quot;:&quot;destination&quot;,&quot;t&quot;:13,&quot;b&quot;:1,&quot;c.t&quot;:7}\">iniciativa de ley ante el Congreso para quitarle el fuero a todos los funcionarios estatales<\/a>. Esto sentar\u00eda las bases para que enfrentaran la acci\u00f3n de la justicia en cualquier momento que se requiera. Eso es tambi\u00e9n un reto, para que el Congreso lo haga.<\/p>\n<p data-t=\"{&quot;n&quot;:&quot;blueLinks&quot;}\"><strong>Van solitos<\/strong><\/p>\n<p data-t=\"{&quot;n&quot;:&quot;blueLinks&quot;}\">Contrario a los acuerdos de la dirigencia nacional,\u00a0<strong>el presidente del PAN en Ahome, Jacob P\u00e9rez, est\u00e1 empecinado en ir solos en el municipio a la elecci\u00f3n de 2024<\/strong>. Nadie sabe a qu\u00e9 se atiene salvo que le haga el trabajo sucio a Morena en Sinaloa. De hecho, la lideresa estatal del blanquiazul, Roxana Rubio, parece que est\u00e1 en la misma sinton\u00eda. Por algo ser\u00e1.<\/p>\n<p data-t=\"{&quot;n&quot;:&quot;blueLinks&quot;}\"><strong>Los capacitan<\/strong><\/p>\n<div class=\"article-clear-div\"><\/div>\n<p data-t=\"{&quot;n&quot;:&quot;blueLinks&quot;}\">La capacitaci\u00f3n que hizo ayer \u00a0la Auditor\u00eda Superior del Estado con trabajadores del municipio de Mazatl\u00e1n es para aclarar dudas y evitar omisiones de los funcionarios p\u00fablicos. El antecedente de omisiones de la pasada administraci\u00f3n deber\u00eda poner alerta a los servidores p\u00fablicos, de lo contrario tendr\u00e1n problemas.<\/p>\n<p data-t=\"{&quot;n&quot;:&quot;blueLinks&quot;}\"><strong>Solicitudes<\/strong><\/p>\n<p class=\"continue-read-break\" data-t=\"{&quot;n&quot;:&quot;blueLinks&quot;}\"><strong>La Coordinaci\u00f3n Estatal por la Defensa del Derechos Humanos de la Vivienda busca reunir 300 solicitudes en Guasave\u00a0<\/strong>de<strong>\u00a0familias que no cuentan con casa,<\/strong>\u00a0pues solo a partir de esa cifra comenzar\u00e1n con las gestiones ante el Ayuntamiento para buscar un terreno donde se pueda establecer una nueva colonia. El problema es que las reservas territoriales son muy pocas.<\/p>\n<p data-t=\"{&quot;n&quot;:&quot;blueLinks&quot;}\">\n<p data-t=\"{&quot;n&quot;:&quot;blueLinks&quot;}\">Con informaci\u00f3n de El Debate<\/p>\n","protected":false},"excerpt":{"rendered":"<p>El gobernador del estado,\u00a0Rub\u00e9n Rocha Moya, se plante\u00f3 un reto y un compromiso:\u00a0dijo que presentar\u00e1 una\u00a0iniciativa de ley ante el Congreso para quitarle el fuero a todos los funcionarios estatales. Esto sentar\u00eda las bases para que enfrentaran la acci\u00f3n de la justicia en cualquier momento que se requiera. Eso es tambi\u00e9n un reto, para que el Congreso lo haga. Van solitos Contrario a los acuerdos de la dirigencia nacional,\u00a0el presidente del PAN en Ahome, Jacob P\u00e9rez, est\u00e1 empecinado en ir solos en el municipio a la elecci\u00f3n de 2024. Nadie sabe a qu\u00e9 se atiene salvo que le haga el [&hellip;]<\/p>\n","protected":false},"author":3,"featured_media":68642,"comment_status":"open","ping_status":"open","sticky":false,"template":"","format":"standard","meta":{"_jetpack_newsletter_access":"","_jetpack_dont_email_post_to_subs":false,"_jetpack_newsletter_tier_id":0,"_jetpack_memberships_contains_paywalled_content":false,"_jetpack_feature_clip_id":0,"_jetpack_memberships_contains_paid_content":false,"footnotes":"","jetpack_publicize_message":"","jetpack_publicize_feature_enabled":true,"jetpack_social_post_already_shared":true,"jetpack_social_options":{"image_generator_settings":{"template":"highway","default_image_id":0,"font":"","enabled":false},"version":2},"jetpack_post_was_ever_published":false},"categories":[75,72],"tags":[],"class_list":["post-68641","post","type-post","status-publish","format-standard","has-post-thumbnail","hentry","category-nacional","category-portada","post--single"],"jetpack_publicize_connections":[],"jetpack_featured_media_url":"https:\/\/ovelanalista.com\/wp-content\/uploads\/2023\/02\/Rocha-Moya.jpeg","jetpack_sharing_enabled":true,"_links":{"self":[{"href":"https:\/\/ovelanalista.com\/index.php?rest_route=\/wp\/v2\/posts\/68641","targetHints":{"allow":["GET"]}}],"collection":[{"href":"https:\/\/ovelanalista.com\/index.php?rest_route=\/wp\/v2\/posts"}],"about":[{"href":"https:\/\/ovelanalista.com\/index.php?rest_route=\/wp\/v2\/types\/post"}],"author":[{"embeddable":true,"href":"https:\/\/ovelanalista.com\/index.php?rest_route=\/wp\/v2\/users\/3"}],"replies":[{"embeddable":true,"href":"https:\/\/ovelanalista.com\/index.php?rest_route=%2Fwp%2Fv2%2Fcomments&post=68641"}],"version-history":[{"count":1,"href":"https:\/\/ovelanalista.com\/index.php?rest_route=\/wp\/v2\/posts\/68641\/revisions"}],"predecessor-version":[{"id":68643,"href":"https:\/\/ovelanalista.com\/index.php?rest_route=\/wp\/v2\/posts\/68641\/revisions\/68643"}],"wp:featuredmedia":[{"embeddable":true,"href":"https:\/\/ovelanalista.com\/index.php?rest_route=\/wp\/v2\/media\/68642"}],"wp:attachment":[{"href":"https:\/\/ovelanalista.com\/index.php?rest_route=%2Fwp%2Fv2%2Fmedia&parent=68641"}],"wp:term":[{"taxonomy":"category","embeddable":true,"href":"https:\/\/ovelanalista.com\/index.php?rest_route=%2Fwp%2Fv2%2Fcategories&post=68641"},{"taxonomy":"post_tag","embeddable":true,"href":"https:\/\/ovelanalista.com\/index.php?rest_route=%2Fwp%2Fv2%2Ftags&post=68641"}],"curies":[{"name":"wp","href":"https:\/\/api.w.org\/{rel}","templated":true}]}}