{"id":68712,"date":"2023-02-15T13:10:35","date_gmt":"2023-02-15T20:10:35","guid":{"rendered":"https:\/\/ovelanalista.com\/?p=68712"},"modified":"2023-02-15T11:36:11","modified_gmt":"2023-02-15T18:36:11","slug":"avanza-caso-yasmin-en-la-unam-la-ministra-sigue-activa","status":"publish","type":"post","link":"https:\/\/ovelanalista.com\/?p=68712","title":{"rendered":"Avanza caso Yasm\u00edn en la UNAM; la ministra sigue activa"},"content":{"rendered":"<p>Avanza caso Yasm\u00edn en la UNAM; la ministra sigue activa La ministra<strong>\u00a0Yasm\u00edn Esquivel<\/strong>, acusada de haber plagiado su tesis de licenciatura, ya declar\u00f3 ante el Comit\u00e9 Universitario de \u00c9tica (CU\u00c9TICA) el pasado lunes, pero lo hizo a trav\u00e9s de un representante que present\u00f3 ante el organismo de la UNAM los argumentos de defensa de la juzgadora, quien decidi\u00f3 no acudir personalmente al citatorio que hizo su universidad. La otra parte en este proceso, el abogado \u00c9dgar Ulises B\u00e1ez, fue a citado tambi\u00e9n el mismo lunes para que declarara en su defensa, pero no se present\u00f3 a la cita con los integrantes del Comit\u00e9, que aun as\u00ed le otorg\u00f3 a ambos un plazo adicional para que presenten documentos, pruebas o escritos que complementen su defensa.<\/p>\n<p class=\"continue-read-break\" data-t=\"{&quot;n&quot;:&quot;blueLinks&quot;}\">Mientras el Comit\u00e9 Universitario est\u00e1 en sesi\u00f3n permanente y se espera que una vez que desahogue las pruebas y documentos que presenten los dos exalumnos de la Facultad de Derecho involucrados en este caso de plagio en sus tesis de licenciatura presentadas hace 35 a\u00f1os, emita un fallo sobre este caso que ha golpeado a la imagen de la UNAM, el rector de esa casa de estudios,\u00a0<strong>Enrique Graue<\/strong>, declar\u00f3 ayer en la C\u00e1mara de Diputados que el prestigio de la Universidad Nacional no ser\u00e1 afectado por ning\u00fan caso y eso es lo que cuidar\u00e1 el proceso iniciado por el Consejo Universitario. \u201cPor ning\u00fan caso (debe perderse el prestigio de la Universidad), el\u00a0prestigio de la UNAM\u00a0debe seguir intacto y as\u00ed esperamos que sea&#8221;, dijo ayer el rector en el Palacio Legislativo de San L\u00e1zaro a donde acudi\u00f3 a firmar un convenio de capacitaci\u00f3n.<\/p>\n<p class=\"\" data-t=\"{&quot;n&quot;:&quot;blueLinks&quot;}\">Sobre la ausencia del abogado \u00c9dgar Ulises B\u00e1ez, que no acudi\u00f3 al citatorio del Comit\u00e9 de Etica, fuentes universitarias se\u00f1alan que su derecho de audiencia \u201cse da por solventado\u201d ya que se le avis\u00f3 con suficiente anticipaci\u00f3n del lugar, fecha y hora en que se le escuchar\u00eda en su derecho a defenderse, adem\u00e1s de que a\u00fan tiene varios d\u00edas que le otorg\u00f3 el Comit\u00e9 para complementar su defensa. En sus \u00faltimas y \u00fanicas declaraciones p\u00fablicas sobre el tema del plagio de su tesis, el abogado B\u00e1ez le dijo en su domicilio de Iztapalapa al reportero Juan Carlos Rodr\u00edguez, de Eje Central, que estaba dispuesto a testificar ante las autoridades, siempre que su salud se lo permitiera. \u201cActualmente estoy en reposo por prescripci\u00f3n m\u00e9dica. Estoy convaleciendo de una neumon\u00eda que me atac\u00f3 y estoy operado del ojo izquierdo, por lo que no estoy en condiciones de acudir a ninguna parte\u201d, dijo el abogado el pasado 1 de enero, cuando se public\u00f3 la entrevista.<\/p>\n<p data-t=\"{&quot;n&quot;:&quot;blueLinks&quot;}\">\n<p class=\"\" data-t=\"{&quot;n&quot;:&quot;blueLinks&quot;}\">Los tiempos del Comit\u00e9 Universitario de \u00c9tica los manejan de manera independiente sus integrantes, pero hay estimaciones de que en dos o tres semanas podr\u00edan emitir su fallo sobre qui\u00e9n de los dos alumnos cometi\u00f3 el plagio que ya reconoci\u00f3 y document\u00f3 el Comit\u00e9 de Integridad Acad\u00e9mica y Cient\u00edfica de la\u00a0<strong>FES Arag\u00f3n<\/strong>\u00a0en su dictamen del pasado 11 de enero. \u201cUna vez que concluyan dichos plazos y haya finalizado el an\u00e1lisis de la informaci\u00f3n, CU\u00c9TICA har\u00e1 entrega al rector de un dictamen \u00e9tico y acad\u00e9mico sobre el asunto que le encomend\u00f3 para su estudio\u201d, dijo ayer el Comit\u00e9 en un comunicado.<\/p>\n<p class=\"\" data-t=\"{&quot;n&quot;:&quot;blueLinks&quot;}\">A partir de lo que decidan los integrantes del CU\u00c9TICA se decidir\u00e1n las acciones o sanciones que emitir\u00e1 la Universidad ante un caso que, por su impacto medi\u00e1tico y pol\u00edtico, ha puesto en entredicho la legalidad y el prestigio de la\u00a0<strong>UNAM<\/strong>.<\/p>\n<p data-t=\"{&quot;n&quot;:&quot;blueLinks&quot;}\">\n<p class=\"\" data-t=\"{&quot;n&quot;:&quot;blueLinks&quot;}\">Y mientras mand\u00f3 a su representante a defenderla en el proceso universitario, la ministra Yasm\u00edn Esquivel sigue con su actividad normal en la Suprema Corte. Ayer mismo el pleno de la Corte aprob\u00f3 un proyecto presentado por Esquivel Mossa para declarar la validez del art\u00edculo 63, fracci\u00f3n XI, de la Ley de Acceso a las Mujeres a una Vida Libre de Violencia en la CDMX, con lo cual se ordenar\u00e1 a personas agresoras de mujeres entregar el pasaporte de sus hijos menores de 18 a\u00f1os para que quede bajo resguardo y evitar as\u00ed que los menores sean sacados del pa\u00eds por las partes agresoras.<\/p>\n<p data-t=\"{&quot;n&quot;:&quot;blueLinks&quot;}\">\n<p class=\"\" data-t=\"{&quot;n&quot;:&quot;blueLinks&quot;}\">Con mayor\u00eda de seis votos, se aprob\u00f3 la propuesta que establece que el resguardo obligatorio de los pasaportes de menores se dar\u00e1 por el tiempo que el Juez de lo familiar determina la custodia o el r\u00e9gimen de visitas entre la pareja conyugal. En la aprobaci\u00f3n mayoritaria los ministros reconocieron que el proyecto aprobado se apega a la obligaci\u00f3n de juzgar con perspectiva de g\u00e9nero y velar por el inter\u00e9s superior de la ni\u00f1ez como principio orientador para los juzgadores familiares.<\/p>\n<p data-t=\"{&quot;n&quot;:&quot;blueLinks&quot;}\">\n<p class=\"\" data-t=\"{&quot;n&quot;:&quot;blueLinks&quot;}\">En fin, que mientras la UNAM se propone a toda costa salvar su prestigio y garantizar el respeto a la \u00e9tica y a las normas universitarias, la ministra Yasm\u00edn Esquivel est\u00e1 decidida, seg\u00fan dicen sus cercanos, a \u201cno dejarse\u201d y a litigar en donde tenga que hacerlo para defender su presunta inocencia en el plagio ya documentado. Es decir, que si el CU\u00c9TICA diera un fallo en su contra y la rector\u00eda determinara sancionarla de alguna manera, la juzgadora, apoyada siempre por la 4T y por el presidente\u00a0<strong>L\u00f3pez Obrador,<\/strong>\u00a0no se quedar\u00e1 de brazos cruzados y actuar\u00e1 jur\u00eddica y pol\u00edticamente. Veremos en qu\u00e9 termina todo este asunto vergonzoso para dos instituciones vitales para el pa\u00eds: la UNAM y la Suprema Corte de Justicia de la Naci\u00f3n.<\/p>\n<p data-t=\"{&quot;n&quot;:&quot;blueLinks&quot;}\">\n<p class=\"\" data-t=\"{&quot;n&quot;:&quot;blueLinks&quot;}\">NOTAS INDISCRETAS\u2026 Tratando de defender a su contralor,\u00a0<strong>Juan Jos\u00e9 Serrano,<\/strong> ayer la jefa de Gobierno, Claudia Sheinbaum trastabill\u00f3 en sus comentarios sobre el tema y, al darse cuenta del error, prefiri\u00f3 dejar que el que fuera abogado de las v\u00edctimas del Colegio R\u00e9bsamen se defendiera solo. Y es que ante las fuertes cr\u00edticas que recibi\u00f3 Serrano por su asistencia al Super Bowl del pasado domingo en Arizona, por contradecir la austeridad republicana que predica el gobierno capitalino, el abogado asegur\u00f3 que todos los gastos de su viaje se los pag\u00f3 un primo, como regalo por sus 50 a\u00f1os. Pero ayer Sheinbaum les dijo a los reporteros que \u00e9l hab\u00eda pagado con sus propios recursos. \u201cNo se lo regalaron, la informaci\u00f3n que yo tengo es que \u00e9l pago absolutamente todo\u201d, dijo la mandataria. Y cuando los reporteros la empezaron a cuestionar sobre las diferencias en sus versiones y le recordaron el caso de Paola F\u00e9lix D\u00edaz, su exsecretaria de Turismo a la que corri\u00f3 de inmediato por viajar a Guatemala en un jet privado, la jefa de Gobierno prefiri\u00f3 dejar por su cuenta al abogado Serrano:\u00a0\u201c\u00c9l tiene que dar su explicaci\u00f3n. \u00c9l fue nombrado por el Congreso. \u00c9l tiene que dar su explicaci\u00f3n\u201d.\u00a0Lo que no dijo Sheinbaum es que ella fue quien propuso al Congreso el nombre de Juan Jos\u00e9 Serrano, quien curiosamente hab\u00eda sido el abogado defensor de los padres y v\u00edctimas del Colegio R\u00e9bsamen. En fin, que se le hizo bolas el engrudo a la doctora\u2026 Los dados mandan Serpiente Doble. Ca\u00edda Libre.<\/p>\n<p data-t=\"{&quot;n&quot;:&quot;blueLinks&quot;}\">\n<p data-t=\"{&quot;n&quot;:&quot;blueLinks&quot;}\">Con informaci\u00f3n de El Universal<\/p>\n","protected":false},"excerpt":{"rendered":"<p>Avanza caso Yasm\u00edn en la UNAM; la ministra sigue activa La ministra\u00a0Yasm\u00edn Esquivel, acusada de haber plagiado su tesis de licenciatura, ya declar\u00f3 ante el Comit\u00e9 Universitario de \u00c9tica (CU\u00c9TICA) el pasado lunes, pero lo hizo a trav\u00e9s de un representante que present\u00f3 ante el organismo de la UNAM los argumentos de defensa de la juzgadora, quien decidi\u00f3 no acudir personalmente al citatorio que hizo su universidad. La otra parte en este proceso, el abogado \u00c9dgar Ulises B\u00e1ez, fue a citado tambi\u00e9n el mismo lunes para que declarara en su defensa, pero no se present\u00f3 a la cita con los [&hellip;]<\/p>\n","protected":false},"author":3,"featured_media":68713,"comment_status":"open","ping_status":"open","sticky":false,"template":"","format":"standard","meta":{"_jetpack_newsletter_access":"","_jetpack_dont_email_post_to_subs":false,"_jetpack_newsletter_tier_id":0,"_jetpack_memberships_contains_paywalled_content":false,"_jetpack_feature_clip_id":0,"_jetpack_memberships_contains_paid_content":false,"footnotes":"","jetpack_publicize_message":"","jetpack_publicize_feature_enabled":true,"jetpack_social_post_already_shared":true,"jetpack_social_options":{"image_generator_settings":{"template":"highway","default_image_id":0,"font":"","enabled":false},"version":2},"jetpack_post_was_ever_published":false},"categories":[75,72],"tags":[],"class_list":["post-68712","post","type-post","status-publish","format-standard","has-post-thumbnail","hentry","category-nacional","category-portada","post--single"],"jetpack_publicize_connections":[],"jetpack_featured_media_url":"https:\/\/ovelanalista.com\/wp-content\/uploads\/2023\/02\/Yasmi\u0301n-en-la-UNAM.jpeg","jetpack_sharing_enabled":true,"_links":{"self":[{"href":"https:\/\/ovelanalista.com\/index.php?rest_route=\/wp\/v2\/posts\/68712","targetHints":{"allow":["GET"]}}],"collection":[{"href":"https:\/\/ovelanalista.com\/index.php?rest_route=\/wp\/v2\/posts"}],"about":[{"href":"https:\/\/ovelanalista.com\/index.php?rest_route=\/wp\/v2\/types\/post"}],"author":[{"embeddable":true,"href":"https:\/\/ovelanalista.com\/index.php?rest_route=\/wp\/v2\/users\/3"}],"replies":[{"embeddable":true,"href":"https:\/\/ovelanalista.com\/index.php?rest_route=%2Fwp%2Fv2%2Fcomments&post=68712"}],"version-history":[{"count":1,"href":"https:\/\/ovelanalista.com\/index.php?rest_route=\/wp\/v2\/posts\/68712\/revisions"}],"predecessor-version":[{"id":68714,"href":"https:\/\/ovelanalista.com\/index.php?rest_route=\/wp\/v2\/posts\/68712\/revisions\/68714"}],"wp:featuredmedia":[{"embeddable":true,"href":"https:\/\/ovelanalista.com\/index.php?rest_route=\/wp\/v2\/media\/68713"}],"wp:attachment":[{"href":"https:\/\/ovelanalista.com\/index.php?rest_route=%2Fwp%2Fv2%2Fmedia&parent=68712"}],"wp:term":[{"taxonomy":"category","embeddable":true,"href":"https:\/\/ovelanalista.com\/index.php?rest_route=%2Fwp%2Fv2%2Fcategories&post=68712"},{"taxonomy":"post_tag","embeddable":true,"href":"https:\/\/ovelanalista.com\/index.php?rest_route=%2Fwp%2Fv2%2Ftags&post=68712"}],"curies":[{"name":"wp","href":"https:\/\/api.w.org\/{rel}","templated":true}]}}