{"id":68724,"date":"2023-02-15T16:02:58","date_gmt":"2023-02-15T23:02:58","guid":{"rendered":"https:\/\/ovelanalista.com\/?p=68724"},"modified":"2023-02-15T16:02:58","modified_gmt":"2023-02-15T23:02:58","slug":"donde-deposito-la-multa-lilly-tellez-insulta-a-amlo-por-propuesta-de-morena-contra-injurias","status":"publish","type":"post","link":"https:\/\/ovelanalista.com\/?p=68724","title":{"rendered":"\u00bfD\u00f3nde deposito la multa?: Lilly T\u00e9llez insulta a AMLO por propuesta de Morena contra injurias"},"content":{"rendered":"<p data-t=\"{&quot;n&quot;:&quot;blueLinks&quot;}\">M\u00e9xico.- La senadora de Morena,\u00a0<strong>Lilly T\u00e9llez, insult\u00f3 al presidente Andr\u00e9s Manuel L\u00f3pez Obrador\u00a0<\/strong>(AMLO) por la\u00a0<strong>iniciativa de Morena\u00a0<\/strong>en la C\u00e1mara de Diputados para\u00a0<strong>aumentar las multas por injurias<\/strong>\u00a0al jefe del Ejecutivo y otros funcionarios de alto nivel.<\/p>\n<div class=\"article-image-container   \" data-t=\"{&quot;n&quot;:&quot;OpenModal&quot;,&quot;t&quot;:13}\">\n<p data-t=\"{&quot;n&quot;:&quot;blueLinks&quot;}\">Desde su cuenta de Twitter,\u00a0<a tabindex=\"0\" href=\"https:\/\/www.debate.com.mx\/lilly-tellez-p312\" target=\"_blank\" rel=\"noopener\" data-t=\"{&quot;n&quot;:&quot;destination&quot;,&quot;t&quot;:13,&quot;b&quot;:1,&quot;c.t&quot;:7}\">Lilly T\u00e9llez<\/a>\u00a0comparti\u00f3 una imagen de la portada del diario\u00a0<em>Reforma\u00a0<\/em>donde se da a conocer la propuesta de Morena, y\u00a0<strong>aprovech\u00f3 para arremeter contra AMLO llam\u00e1ndolo &#8220;inepto&#8221; y &#8220;mentiroso&#8221;<\/strong>.<\/p>\n<p data-t=\"{&quot;n&quot;:&quot;blueLinks&quot;}\">La panista inclus<strong>o ret\u00f3 a Morena a avisarle d\u00f3nde depositar<\/strong>\u00a0el dinero de la multa por sus insultos contra el presidente L\u00f3pez Obrador, al tiempo que acus\u00f3 al partido de la 4T de buscar cobrarle a los mexicanos &#8220;hasta la libertad para hablar&#8221;.<\/p>\n<p data-t=\"{&quot;n&quot;:&quot;blueLinks&quot;}\">&#8220;<strong>El presidente es un inepto y un mentiroso. \u00bfD\u00f3nde deposito la multa por decir eso?\u00a0<\/strong>Morena nos va a cobrar hasta la libertad para hablar, mientras al presidente le sale gratis insultar a los ciudadanos desde el poder&#8221;, sentenci\u00f3 Lilly T\u00e9llez.<\/p>\n<div class=\"article-clear-div\"><\/div>\n<h2 class=\"article-sub-heading\">\u00bfEn qu\u00e9 consiste la propuesta de Morena?<\/h2>\n<p data-t=\"{&quot;n&quot;:&quot;blueLinks&quot;}\">La iniciativa fue presentada por la diputada de Morena,\u00a0<strong>Benelly Jocabeth Hern\u00e1ndez Ruedas<\/strong>, quien plantea aumentar las\u00a0<strong>sanciones por &#8220;injuriar&#8221; al presidente de la Rep\u00fablica<\/strong>\u00a0y otros funcionarios p\u00fablicos de alto nivel, como secretarios del gabinete, ministros de la Corte, legisladores y el fiscal General de la Rep\u00fablica.<\/p>\n<div class=\"article-clear-div\"><\/div>\n<div class=\"article-image-slot\" data-image-href=\"https:\/\/www.msn.com\/es-mx\/noticias\/mexico\/d%C3%B3nde-deposito-la-multa-lilly-t%C3%A9llez-insulta-a-amlo-por-propuesta-de-morena-contra-injurias\/ar-AA17wQtR?cvid=b423e9f5b3504f60a6785491e7dd5125&amp;fullscreen=true#image=2\" data-doc-id=\"cms\/api\/amp\/image\/AA17wLUJ\" data-rendered=\"true\">\n<div class=\"article-image-container   \" data-t=\"{&quot;n&quot;:&quot;OpenModal&quot;,&quot;t&quot;:13}\">\n<div style=\"width: 738px\" class=\"wp-caption alignnone\"><a class=\"article-image-height-wrapper\" href=\"https:\/\/www.msn.com\/es-mx\/noticias\/mexico\/d%C3%B3nde-deposito-la-multa-lilly-t%C3%A9llez-insulta-a-amlo-por-propuesta-de-morena-contra-injurias\/ar-AA17wQtR?cvid=b423e9f5b3504f60a6785491e7dd5125&amp;fullscreen=true#image=2\" data-t=\"{&quot;n&quot;:&quot;destination&quot;,&quot;t&quot;:14,&quot;b&quot;:1,&quot;c.t&quot;:14}\"><img loading=\"lazy\" decoding=\"async\" class=\"article-image \" tabindex=\"0\" title=\"Lilly T\u00e9llez estall\u00f3 contra AMLO por la iniciativa de Morena para aumentar las multas por injurias al presidente. Imagen: Twitter\" src=\"https:\/\/img-s-msn-com.akamaized.net\/tenant\/amp\/entityid\/AA17wLUJ.img?w=728&amp;h=1050&amp;m=6&amp;x=622&amp;y=945&amp;s=29&amp;d=29\" alt=\"Lilly T\u00e9llez estall\u00f3 contra AMLO por la iniciativa de Morena para aumentar las multas por injurias al presidente. Imagen: Twitter\" width=\"728\" height=\"1050\" \/><\/a><p class=\"wp-caption-text\">Lilly T\u00e9llez estall\u00f3 contra AMLO por la iniciativa de Morena para aumentar las multas por injurias al presidente. Imagen: Twitter\u00a9\u00a0Proporcionado por Debate.com.mx<\/p><\/div>\n<div class=\"image-caption-container   content-small-text \"><\/div>\n<\/div>\n<\/div>\n<p class=\"continue-read-break\" data-t=\"{&quot;n&quot;:&quot;blueLinks&quot;}\">Retomando una ley de 1917, la morenista busca endurecer las sanciones con<strong>\u00a0multas de hasta 4 mil 149.6 pesos\u00a0<\/strong>por injuriar al jefe del Ejecutivo, cuando actualmente la sanci\u00f3n prevista es de 100 a mil pesos.<\/p>\n<p data-t=\"{&quot;n&quot;:&quot;blueLinks&quot;}\">Mientras que propone incrementar casi 14 veces la multa en casos de injurias a magistrados de la Corte, jueces de distrito, generales, coroneles y miembros del Poder Legislativo federal y estatal.<\/p>\n<p data-t=\"{&quot;n&quot;:&quot;blueLinks&quot;}\">\n<p data-t=\"{&quot;n&quot;:&quot;blueLinks&quot;}\">En respuesta, el presidente Andr\u00e9s Manuel L\u00f3pez Obrador anunci\u00f3 que vetar\u00e1 la propuesta de Morena, ya que no la necesita ni la pidi\u00f3, por lo que se dijo sorprendido de que fuera aprobada por la Comisi\u00f3n de Gobernaci\u00f3n y Poblaci\u00f3n de la C\u00e1mara de Diputados.<\/p>\n<p data-t=\"{&quot;n&quot;:&quot;blueLinks&quot;}\">&#8220;Me sorprendi\u00f3 ayer que autorizaran en la C\u00e1mara que el que insulte al presidente le van a aumentar el castigo, va a tener que pagar dos, tres veces m\u00e1s. Yo no s\u00e9 qui\u00e9n hizo eso&#8230; Yo no lo necesito, yo no lo promov\u00ed, lo voy a vetar, lo voy a vetar, eso para qu\u00e9. No, libertad de expresi\u00f3n&#8221;, sentenci\u00f3 AMLO en La Ma\u00f1anera.<\/p>\n<\/div>\n<p data-t=\"{&quot;n&quot;:&quot;blueLinks&quot;}\">\n<p data-t=\"{&quot;n&quot;:&quot;blueLinks&quot;}\">Con informaci\u00f3n de El Debate<\/p>\n","protected":false},"excerpt":{"rendered":"<p>M\u00e9xico.- La senadora de Morena,\u00a0Lilly T\u00e9llez, insult\u00f3 al presidente Andr\u00e9s Manuel L\u00f3pez Obrador\u00a0(AMLO) por la\u00a0iniciativa de Morena\u00a0en la C\u00e1mara de Diputados para\u00a0aumentar las multas por injurias\u00a0al jefe del Ejecutivo y otros funcionarios de alto nivel. Desde su cuenta de Twitter,\u00a0Lilly T\u00e9llez\u00a0comparti\u00f3 una imagen de la portada del diario\u00a0Reforma\u00a0donde se da a conocer la propuesta de Morena, y\u00a0aprovech\u00f3 para arremeter contra AMLO llam\u00e1ndolo &#8220;inepto&#8221; y &#8220;mentiroso&#8221;. La panista incluso ret\u00f3 a Morena a avisarle d\u00f3nde depositar\u00a0el dinero de la multa por sus insultos contra el presidente L\u00f3pez Obrador, al tiempo que acus\u00f3 al partido de la 4T de buscar cobrarle a [&hellip;]<\/p>\n","protected":false},"author":3,"featured_media":68725,"comment_status":"open","ping_status":"open","sticky":false,"template":"","format":"standard","meta":{"_jetpack_newsletter_access":"","_jetpack_dont_email_post_to_subs":false,"_jetpack_newsletter_tier_id":0,"_jetpack_memberships_contains_paywalled_content":false,"_jetpack_feature_clip_id":0,"_jetpack_memberships_contains_paid_content":false,"footnotes":"","jetpack_publicize_message":"","jetpack_publicize_feature_enabled":true,"jetpack_social_post_already_shared":true,"jetpack_social_options":{"image_generator_settings":{"template":"highway","default_image_id":0,"font":"","enabled":false},"version":2},"jetpack_post_was_ever_published":false},"categories":[75,72],"tags":[],"class_list":["post-68724","post","type-post","status-publish","format-standard","has-post-thumbnail","hentry","category-nacional","category-portada","post--single"],"jetpack_publicize_connections":[],"jetpack_featured_media_url":"https:\/\/ovelanalista.com\/wp-content\/uploads\/2023\/02\/Lilly-Te\u0301llez.jpeg","jetpack_sharing_enabled":true,"_links":{"self":[{"href":"https:\/\/ovelanalista.com\/index.php?rest_route=\/wp\/v2\/posts\/68724","targetHints":{"allow":["GET"]}}],"collection":[{"href":"https:\/\/ovelanalista.com\/index.php?rest_route=\/wp\/v2\/posts"}],"about":[{"href":"https:\/\/ovelanalista.com\/index.php?rest_route=\/wp\/v2\/types\/post"}],"author":[{"embeddable":true,"href":"https:\/\/ovelanalista.com\/index.php?rest_route=\/wp\/v2\/users\/3"}],"replies":[{"embeddable":true,"href":"https:\/\/ovelanalista.com\/index.php?rest_route=%2Fwp%2Fv2%2Fcomments&post=68724"}],"version-history":[{"count":1,"href":"https:\/\/ovelanalista.com\/index.php?rest_route=\/wp\/v2\/posts\/68724\/revisions"}],"predecessor-version":[{"id":68726,"href":"https:\/\/ovelanalista.com\/index.php?rest_route=\/wp\/v2\/posts\/68724\/revisions\/68726"}],"wp:featuredmedia":[{"embeddable":true,"href":"https:\/\/ovelanalista.com\/index.php?rest_route=\/wp\/v2\/media\/68725"}],"wp:attachment":[{"href":"https:\/\/ovelanalista.com\/index.php?rest_route=%2Fwp%2Fv2%2Fmedia&parent=68724"}],"wp:term":[{"taxonomy":"category","embeddable":true,"href":"https:\/\/ovelanalista.com\/index.php?rest_route=%2Fwp%2Fv2%2Fcategories&post=68724"},{"taxonomy":"post_tag","embeddable":true,"href":"https:\/\/ovelanalista.com\/index.php?rest_route=%2Fwp%2Fv2%2Ftags&post=68724"}],"curies":[{"name":"wp","href":"https:\/\/api.w.org\/{rel}","templated":true}]}}