{"id":68727,"date":"2023-02-15T16:10:14","date_gmt":"2023-02-15T23:10:14","guid":{"rendered":"https:\/\/ovelanalista.com\/?p=68727"},"modified":"2023-02-15T16:04:59","modified_gmt":"2023-02-15T23:04:59","slug":"zambada-resulto-mas-derecho-que-abogado-de-garcia-luna-amlo","status":"publish","type":"post","link":"https:\/\/ovelanalista.com\/?p=68727","title":{"rendered":"Zambada result\u00f3 m\u00e1s derecho que abogado de Garc\u00eda Luna: AMLO"},"content":{"rendered":"<p data-t=\"{&quot;n&quot;:&quot;blueLinks&quot;}\">El\u00a0<strong>presidente Andr\u00e9s Manuel L\u00f3pez Obrador<\/strong>\u00a0acus\u00f3 al abogado del exsecretario de Seguridad P\u00fablica,\u00a0<strong>Genaro Garc\u00eda Luna,<\/strong>\u00a0de \u201cfalsario\u201d por buscar ligarlo a la red de\u00a0<strong>sobornos<\/strong>\u00a0con narcotraficantes y asegur\u00f3 que\u00a0<strong>Jes\u00fas Zambada<\/strong>\u00a0result\u00f3 m\u00e1s derecho.<\/p>\n<p data-t=\"{&quot;n&quot;:&quot;blueLinks&quot;}\">\u201cEste abogado es parte de la misma mafia de Garc\u00eda Luna, de los jefes de Garc\u00eda Luna y toda la red de\u00a0<strong>delincuencia<\/strong>\u00a0pol\u00edtica, financiera, de cuello blanco, que imper\u00f3 en el pa\u00eds\u201d, declar\u00f3 este mi\u00e9rcoles durante la conferencia de prensa matutina en\u00a0<strong>Palacio Nacional.<\/strong><\/p>\n<p data-t=\"{&quot;n&quot;:&quot;blueLinks&quot;}\">\u201cLo de ayer es una muestra clara: el quererme involucrar este abogado falsario, calumniador, chueco. Result\u00f3 m\u00e1s derecho Zambada\u201d, acus\u00f3.<\/p>\n<p data-t=\"{&quot;n&quot;:&quot;blueLinks&quot;}\">Este martes, en el juicio que se realiza en\u00a0<strong>Nueva York,<\/strong>\u00a0Zambada neg\u00f3 haber pagado alrededor de<strong>\u00a07 millones de d\u00f3lares para la campa\u00f1a presidencial<\/strong>\u00a0de L\u00f3pez Obrador en\u00a0<strong>2006.<\/strong><\/p>\n<p data-t=\"{&quot;n&quot;:&quot;blueLinks&quot;}\">Sin embargo, el abogado de Garc\u00eda Luna insisti\u00f3 en preguntar al capo sobre supuestos sobornos al ahora presidente de M\u00e9xico.<\/p>\n<p data-t=\"{&quot;n&quot;:&quot;blueLinks&quot;}\">Ante esto, AMLO asegur\u00f3 que si administraci\u00f3n no es \u201cigual\u201d porque no son \u201c<strong>mafiosos\u201d ni \u201ccorrupto<\/strong>s\u201d.<\/p>\n<p data-t=\"{&quot;n&quot;:&quot;blueLinks&quot;}\">\u201cSe equivoc\u00f3 el abogado, porque supuestamente el dinero que me dieron, 7 millones de d\u00f3lares, era para enfrentar a Fox\u201d, reiter\u00f3.<\/p>\n<p class=\"continue-read-break\" data-t=\"{&quot;n&quot;:&quot;blueLinks&quot;}\">Asimismo, se\u00f1al\u00f3 que el exsecrtario tuvo una carrera ascendente hasta llegar a ser el brazo derecho del expresidente\u00a0<strong>Felipe Calder\u00f3n.<\/strong><\/p>\n<p class=\"\" data-t=\"{&quot;n&quot;:&quot;blueLinks&quot;}\">\u201cEs una verg\u00fcenza que en los dos sexenios de\u00a0<strong>Fox<\/strong>\u00a0y Calder\u00f3n, este se\u00f1or Garc\u00eda Luna adquiri\u00f3 un poder omn\u00edmodo. Se convirti\u00f3 en un hombre muy poderoso\u201d<\/p>\n<p class=\"\" data-t=\"{&quot;n&quot;:&quot;blueLinks&quot;}\">El mandatario tambi\u00e9n dijo que ser\u00e1 \u201cinteresante\u201d el veredicto, ya que el juicio \u201cda a conocer el papel del gobierno sometido a una fracci\u00f3n, sometido a una oligarqu\u00eda\u201d, as\u00ed como a una red de complicidades, incluidos medios de comunicaci\u00f3n.<\/p>\n<div class=\"article-clear-div\"><\/div>\n<div class=\"article-image-slot\" data-image-href=\"https:\/\/www.msn.com\/es-mx\/noticias\/mundo\/zambada-result%C3%B3-m%C3%A1s-derecho-que-abogado-de-garc%C3%ADa-luna-amlo\/ar-AA17wosh?cvid=b423e9f5b3504f60a6785491e7dd5125&amp;fullscreen=true#image=2\" data-doc-id=\"cms\/api\/amp\/image\/AA17wgh0\" data-rendered=\"true\">\n<div class=\"article-image-container   \" data-t=\"{&quot;n&quot;:&quot;OpenModal&quot;,&quot;t&quot;:13}\">\n<div style=\"width: 710px\" class=\"wp-caption alignnone\"><a class=\"article-image-height-wrapper\" href=\"https:\/\/www.msn.com\/es-mx\/noticias\/mundo\/zambada-result%C3%B3-m%C3%A1s-derecho-que-abogado-de-garc%C3%ADa-luna-amlo\/ar-AA17wosh?cvid=b423e9f5b3504f60a6785491e7dd5125&amp;fullscreen=true&amp;crc=true#image=2\" data-t=\"{&quot;n&quot;:&quot;destination&quot;,&quot;t&quot;:14,&quot;b&quot;:1,&quot;c.t&quot;:14}\"><img loading=\"lazy\" decoding=\"async\" class=\"article-image \" tabindex=\"0\" title=\"Zambada result\u00f3 m\u00e1s derecho que abogado de Garc\u00eda Luna: AMLO\" src=\"https:\/\/img-s-msn-com.akamaized.net\/tenant\/amp\/entityid\/AA17wgh0.img?w=700&amp;h=438&amp;m=6&amp;x=229&amp;y=112&amp;s=188&amp;d=188\" alt=\"Zambada result\u00f3 m\u00e1s derecho que abogado de Garc\u00eda Luna: AMLO\" width=\"700\" height=\"438\" \/><\/a><p class=\"wp-caption-text\">Zambada result\u00f3 m\u00e1s derecho que abogado de Garc\u00eda Luna: AMLO\u00a9\u00a0Proporcionado por Aristegui Noticias<\/p><\/div>\n<div class=\"image-caption-container   content-small-text \"><\/div>\n<\/div>\n<\/div>\n<p class=\"\" data-t=\"{&quot;n&quot;:&quot;blueLinks&quot;}\">Asimismo, cuestion\u00f3 nuevamente el actuar de las<strong>\u00a0agencias de seguridad estadounidenses<\/strong>\u00a0al no hacer presencia ni revelar informaci\u00f3n en el litigio.<\/p>\n<p class=\"\" data-t=\"{&quot;n&quot;:&quot;blueLinks&quot;}\">\u201c\u00bfQu\u00e9 no sab\u00edan los de las agencias que tienen a su cargo el combate al narcotr\u00e1fico (en Estados Unidos) lo que hac\u00eda Garc\u00eda Luna? \u00bfPor qu\u00e9 no declararon ellos? \u00bfPor qu\u00e9 no se trat\u00f3 lo del (operativo) \u2018<strong>R\u00e1pido y Furioso<\/strong>\u2018, la introducci\u00f3n de armas en ese tiempo?\u201d, expres\u00f3.<\/p>\n<p class=\"\" data-t=\"{&quot;n&quot;:&quot;blueLinks&quot;}\">L\u00f3pez Obrador dijo tambi\u00e9n que le \u201cllam\u00f3 la atenci\u00f3n\u201d que no se permitiera revelar los bienes inmuebles que supuestamente tiene el exfuncionario en\u00a0<strong>Miami, Florida,<\/strong>\u00a0pues asegur\u00f3 que para conocer el delito \u201ces elemental\u201d seguir la pista del dinero.<\/p>\n<p class=\"\" data-t=\"{&quot;n&quot;:&quot;blueLinks&quot;}\">Your browser doesn\u2019t support iframes<\/p>\n<p class=\"\" data-t=\"{&quot;n&quot;:&quot;blueLinks&quot;}\">El juicio a Garc\u00eda Luna, funcionario del expresidente Felipe Calder\u00f3n (2006-2012), encara sus \u00faltimas horas tras el testimonio de su esposa,\u00a0<strong>Linda Cristina Pereyra,<\/strong>\u00a0quien este martes justific\u00f3 los bienes y los ingresos adquiridos por ella y su esposo, desde que se conocieron en 1989.<\/p>\n<p class=\"\" data-t=\"{&quot;n&quot;:&quot;blueLinks&quot;}\">El exsecretario de Seguridad, conocido por liderar la \u201c<strong>guerra contra el narco<\/strong>\u201c, afronta cuatro cargos de narcotr\u00e1fico y connivencia con los narcos y un quinto de mentir en su solicitud de naturalizaci\u00f3n en Estados Unidos.<\/p>\n<p data-t=\"{&quot;n&quot;:&quot;blueLinks&quot;}\">\n<p data-t=\"{&quot;n&quot;:&quot;blueLinks&quot;}\">Con informaci\u00f3n de Aristegui Noticias<\/p>\n","protected":false},"excerpt":{"rendered":"<p>El\u00a0presidente Andr\u00e9s Manuel L\u00f3pez Obrador\u00a0acus\u00f3 al abogado del exsecretario de Seguridad P\u00fablica,\u00a0Genaro Garc\u00eda Luna,\u00a0de \u201cfalsario\u201d por buscar ligarlo a la red de\u00a0sobornos\u00a0con narcotraficantes y asegur\u00f3 que\u00a0Jes\u00fas Zambada\u00a0result\u00f3 m\u00e1s derecho. \u201cEste abogado es parte de la misma mafia de Garc\u00eda Luna, de los jefes de Garc\u00eda Luna y toda la red de\u00a0delincuencia\u00a0pol\u00edtica, financiera, de cuello blanco, que imper\u00f3 en el pa\u00eds\u201d, declar\u00f3 este mi\u00e9rcoles durante la conferencia de prensa matutina en\u00a0Palacio Nacional. \u201cLo de ayer es una muestra clara: el quererme involucrar este abogado falsario, calumniador, chueco. Result\u00f3 m\u00e1s derecho Zambada\u201d, acus\u00f3. Este martes, en el juicio que se realiza en\u00a0Nueva [&hellip;]<\/p>\n","protected":false},"author":3,"featured_media":68728,"comment_status":"open","ping_status":"open","sticky":false,"template":"","format":"standard","meta":{"_jetpack_newsletter_access":"","_jetpack_dont_email_post_to_subs":false,"_jetpack_newsletter_tier_id":0,"_jetpack_memberships_contains_paywalled_content":false,"_jetpack_feature_clip_id":0,"_jetpack_memberships_contains_paid_content":false,"footnotes":"","jetpack_publicize_message":"","jetpack_publicize_feature_enabled":true,"jetpack_social_post_already_shared":true,"jetpack_social_options":{"image_generator_settings":{"template":"highway","default_image_id":0,"font":"","enabled":false},"version":2},"jetpack_post_was_ever_published":false},"categories":[75,72],"tags":[],"class_list":["post-68727","post","type-post","status-publish","format-standard","has-post-thumbnail","hentry","category-nacional","category-portada","post--single"],"jetpack_publicize_connections":[],"jetpack_featured_media_url":"https:\/\/ovelanalista.com\/wp-content\/uploads\/2023\/02\/Garci\u0301a-Luna-7.jpeg","jetpack_sharing_enabled":true,"_links":{"self":[{"href":"https:\/\/ovelanalista.com\/index.php?rest_route=\/wp\/v2\/posts\/68727","targetHints":{"allow":["GET"]}}],"collection":[{"href":"https:\/\/ovelanalista.com\/index.php?rest_route=\/wp\/v2\/posts"}],"about":[{"href":"https:\/\/ovelanalista.com\/index.php?rest_route=\/wp\/v2\/types\/post"}],"author":[{"embeddable":true,"href":"https:\/\/ovelanalista.com\/index.php?rest_route=\/wp\/v2\/users\/3"}],"replies":[{"embeddable":true,"href":"https:\/\/ovelanalista.com\/index.php?rest_route=%2Fwp%2Fv2%2Fcomments&post=68727"}],"version-history":[{"count":1,"href":"https:\/\/ovelanalista.com\/index.php?rest_route=\/wp\/v2\/posts\/68727\/revisions"}],"predecessor-version":[{"id":68729,"href":"https:\/\/ovelanalista.com\/index.php?rest_route=\/wp\/v2\/posts\/68727\/revisions\/68729"}],"wp:featuredmedia":[{"embeddable":true,"href":"https:\/\/ovelanalista.com\/index.php?rest_route=\/wp\/v2\/media\/68728"}],"wp:attachment":[{"href":"https:\/\/ovelanalista.com\/index.php?rest_route=%2Fwp%2Fv2%2Fmedia&parent=68727"}],"wp:term":[{"taxonomy":"category","embeddable":true,"href":"https:\/\/ovelanalista.com\/index.php?rest_route=%2Fwp%2Fv2%2Fcategories&post=68727"},{"taxonomy":"post_tag","embeddable":true,"href":"https:\/\/ovelanalista.com\/index.php?rest_route=%2Fwp%2Fv2%2Ftags&post=68727"}],"curies":[{"name":"wp","href":"https:\/\/api.w.org\/{rel}","templated":true}]}}