{"id":68730,"date":"2023-02-15T16:20:16","date_gmt":"2023-02-15T23:20:16","guid":{"rendered":"https:\/\/ovelanalista.com\/?p=68730"},"modified":"2023-02-15T16:06:54","modified_gmt":"2023-02-15T23:06:54","slug":"no-hay-ruptura-con-eu-por-maiz-transgenico-es-por-salud-amlo","status":"publish","type":"post","link":"https:\/\/ovelanalista.com\/?p=68730","title":{"rendered":"No hay ruptura con EU por ma\u00edz transg\u00e9nico; es por salud: AMLO"},"content":{"rendered":"<p data-t=\"{&quot;n&quot;:&quot;blueLinks&quot;}\">El presidente\u00a0<strong>Andr\u00e9s Manuel L\u00f3pez Obrador<\/strong>\u00a0defendi\u00f3 la decisi\u00f3n de su gobierno de\u00a0<strong>prohibir el ma\u00edz transg\u00e9nico y el glifosato<\/strong>, al tiempo que ofreci\u00f3 a\u00a0<strong>Estados Unidos<\/strong>\u00a0analizar dichos productos para determinar si producen da\u00f1os, tras las cr\u00edticas de dicho pa\u00eds por la medida.<\/p>\n<p data-t=\"{&quot;n&quot;:&quot;blueLinks&quot;}\">\u201cTenemos primero que cuidar la\u00a0<strong>salud<\/strong>\u00a0y tambi\u00e9n proteger las\u00a0<strong>variedades nativas<\/strong>\u00a0de ma\u00edz\u201d, declar\u00f3 este mi\u00e9rcoles durante la conferencia de prensa matutina en\u00a0<strong>Palacio Nacional.<\/strong><\/p>\n<p data-t=\"{&quot;n&quot;:&quot;blueLinks&quot;}\">El mandatario reiter\u00f3 que est\u00e1 conversando con Estados Unidos \u201c<strong>en muy buenos t\u00e9rminos<\/strong>\u201d para explicar la decisi\u00f3n. Asimismo, les ofreci\u00f3 que las agencias de salud realicen un\u00a0<strong>an\u00e1lisis<\/strong>\u00a0sobre dichos productos, con el fin de determinar si existen los\u00a0<strong>da\u00f1os.<\/strong><\/p>\n<p data-t=\"{&quot;n&quot;:&quot;blueLinks&quot;}\">\u201cNo hay ruptura, es fijar nada m\u00e1s con claridad que no se admite\u201d, aclar\u00f3.<\/p>\n<p data-t=\"{&quot;n&quot;:&quot;blueLinks&quot;}\">Subray\u00f3 que\u00a0<strong>por encima de lo mercantil<\/strong>\u00a0\u201cdebe de estar la salud\u201d y asever\u00f3 que \u201cno se deben de permitir en ninguna parte alimentos que puedan resultar da\u00f1inos\u201d para ella.<\/p>\n<div class=\"article-clear-div\"><\/div>\n<div class=\"video-clear-div\">De acuerdo con el mandatario, el pa\u00eds cuenta con\u00a0<strong>producci\u00f3n suficiente de ma\u00edz blanco<\/strong>\u00a0para el consumo humano, por lo que no necesita importarlo. Apunt\u00f3 que lo que se busca es que los granos gen\u00e9ticamente modificados no se utilicen ni mezclen para crear\u00a0<strong>harina.<\/strong><\/div>\n<div><\/div>\n<div>\n<p class=\"continue-read-break\" data-t=\"{&quot;n&quot;:&quot;blueLinks&quot;}\">\u201cDe M\u00e9xico es originario el ma\u00edz. No es posible que tengamos 60, 80 variedades de ma\u00edz nativo y se est\u00e9 permitiendo que se use ma\u00edz transg\u00e9nico para la alimentaci\u00f3n humana\u201d, asever\u00f3.<\/p>\n<p class=\"\" data-t=\"{&quot;n&quot;:&quot;blueLinks&quot;}\">L\u00f3pez Obrador sostuvo que se est\u00e1n realizando estudios sobre este \u00faltimo producto. A\u00f1adi\u00f3 que ning\u00fan inter\u00e9s particular o de grupo puede estar \u201cpor encima\u201d de la \u201csalud del pueblo\u201d.<\/p>\n<p class=\"\" data-t=\"{&quot;n&quot;:&quot;blueLinks&quot;}\">El pasado lunes, se public\u00f3 un decreto con el que se orden\u00f3 revocar y no dar m\u00e1s autorizaciones para el uso de ma\u00edz gen\u00e9ticamente modificado para\u00a0<strong>alimentaci\u00f3n humana<\/strong>\u00a0en la elaboraci\u00f3n de\u00a0<strong>masa y la tortilla.<\/strong>\u00a0Asimismo, se prohibi\u00f3 el uso del glifosato, con un periodo de implementaci\u00f3n en marzo de 2024.<\/p>\n<p class=\"\" data-t=\"{&quot;n&quot;:&quot;blueLinks&quot;}\">El grano gen\u00e9ticamente modificado a\u00fan se podr\u00e1 usar para\u00a0<strong>alimentaci\u00f3n animal y \u201cde uso industrial<\/strong>\u00a0para alimentaci\u00f3n humana\u201d, pero solo mientras se encuentran alternativas para sustituirlo.<\/p>\n<p class=\"\" data-t=\"{&quot;n&quot;:&quot;blueLinks&quot;}\">Seg\u00fan el decreto, no se afectar\u00e1 el comercio por M\u00e9xico \u201ces de sobra autosuficiente en la producci\u00f3n\u201d de este alimento. Adem\u00e1s, reiter\u00f3 que existen 12 alternativas en el mercado para sustituir al herbicida.<\/p>\n<p class=\"\" data-t=\"{&quot;n&quot;:&quot;blueLinks&quot;}\">Tras el anuncio, el\u00a0<strong>secretario de Agricultura estadounidense, Tom Vilsack<\/strong>, calific\u00f3 la decisi\u00f3n como decepcionante.<\/p>\n<p class=\"\" data-t=\"{&quot;n&quot;:&quot;blueLinks&quot;}\">M\u00e9xico compra anualmente a Estados Unidos unas\u00a017 millones de toneladas del grano gen\u00e9ticamente modificado, principalmente para consumo animal.<\/p>\n<\/div>\n<p data-t=\"{&quot;n&quot;:&quot;blueLinks&quot;}\">\n<p data-t=\"{&quot;n&quot;:&quot;blueLinks&quot;}\">Con informaci\u00f3n de Aristegui Noticias<\/p>\n","protected":false},"excerpt":{"rendered":"<p>El presidente\u00a0Andr\u00e9s Manuel L\u00f3pez Obrador\u00a0defendi\u00f3 la decisi\u00f3n de su gobierno de\u00a0prohibir el ma\u00edz transg\u00e9nico y el glifosato, al tiempo que ofreci\u00f3 a\u00a0Estados Unidos\u00a0analizar dichos productos para determinar si producen da\u00f1os, tras las cr\u00edticas de dicho pa\u00eds por la medida. \u201cTenemos primero que cuidar la\u00a0salud\u00a0y tambi\u00e9n proteger las\u00a0variedades nativas\u00a0de ma\u00edz\u201d, declar\u00f3 este mi\u00e9rcoles durante la conferencia de prensa matutina en\u00a0Palacio Nacional. El mandatario reiter\u00f3 que est\u00e1 conversando con Estados Unidos \u201cen muy buenos t\u00e9rminos\u201d para explicar la decisi\u00f3n. Asimismo, les ofreci\u00f3 que las agencias de salud realicen un\u00a0an\u00e1lisis\u00a0sobre dichos productos, con el fin de determinar si existen los\u00a0da\u00f1os. \u201cNo hay ruptura, [&hellip;]<\/p>\n","protected":false},"author":3,"featured_media":68731,"comment_status":"open","ping_status":"open","sticky":false,"template":"","format":"standard","meta":{"_jetpack_newsletter_access":"","_jetpack_dont_email_post_to_subs":false,"_jetpack_newsletter_tier_id":0,"_jetpack_memberships_contains_paywalled_content":false,"_jetpack_feature_clip_id":0,"_jetpack_memberships_contains_paid_content":false,"footnotes":"","jetpack_publicize_message":"","jetpack_publicize_feature_enabled":true,"jetpack_social_post_already_shared":true,"jetpack_social_options":{"image_generator_settings":{"template":"highway","default_image_id":0,"font":"","enabled":false},"version":2},"jetpack_post_was_ever_published":false},"categories":[75,72],"tags":[],"class_list":["post-68730","post","type-post","status-publish","format-standard","has-post-thumbnail","hentry","category-nacional","category-portada","post--single"],"jetpack_publicize_connections":[],"jetpack_featured_media_url":"https:\/\/ovelanalista.com\/wp-content\/uploads\/2023\/02\/MAZORCA.jpeg","jetpack_sharing_enabled":true,"_links":{"self":[{"href":"https:\/\/ovelanalista.com\/index.php?rest_route=\/wp\/v2\/posts\/68730","targetHints":{"allow":["GET"]}}],"collection":[{"href":"https:\/\/ovelanalista.com\/index.php?rest_route=\/wp\/v2\/posts"}],"about":[{"href":"https:\/\/ovelanalista.com\/index.php?rest_route=\/wp\/v2\/types\/post"}],"author":[{"embeddable":true,"href":"https:\/\/ovelanalista.com\/index.php?rest_route=\/wp\/v2\/users\/3"}],"replies":[{"embeddable":true,"href":"https:\/\/ovelanalista.com\/index.php?rest_route=%2Fwp%2Fv2%2Fcomments&post=68730"}],"version-history":[{"count":1,"href":"https:\/\/ovelanalista.com\/index.php?rest_route=\/wp\/v2\/posts\/68730\/revisions"}],"predecessor-version":[{"id":68732,"href":"https:\/\/ovelanalista.com\/index.php?rest_route=\/wp\/v2\/posts\/68730\/revisions\/68732"}],"wp:featuredmedia":[{"embeddable":true,"href":"https:\/\/ovelanalista.com\/index.php?rest_route=\/wp\/v2\/media\/68731"}],"wp:attachment":[{"href":"https:\/\/ovelanalista.com\/index.php?rest_route=%2Fwp%2Fv2%2Fmedia&parent=68730"}],"wp:term":[{"taxonomy":"category","embeddable":true,"href":"https:\/\/ovelanalista.com\/index.php?rest_route=%2Fwp%2Fv2%2Fcategories&post=68730"},{"taxonomy":"post_tag","embeddable":true,"href":"https:\/\/ovelanalista.com\/index.php?rest_route=%2Fwp%2Fv2%2Ftags&post=68730"}],"curies":[{"name":"wp","href":"https:\/\/api.w.org\/{rel}","templated":true}]}}