{"id":68733,"date":"2023-02-15T16:40:07","date_gmt":"2023-02-15T23:40:07","guid":{"rendered":"https:\/\/ovelanalista.com\/?p=68733"},"modified":"2023-02-15T16:15:10","modified_gmt":"2023-02-15T23:15:10","slug":"estiman-que-mexico-logre-mayor-crecimiento-este-ano","status":"publish","type":"post","link":"https:\/\/ovelanalista.com\/?p=68733","title":{"rendered":"Estiman que M\u00e9xico logre mayor crecimiento este a\u00f1o"},"content":{"rendered":"<p data-t=\"{&quot;n&quot;:&quot;blueLinks&quot;}\">Este a\u00f1o, M\u00e9xico podr\u00eda alcanzar un\u00a0<strong>crecimiento econ\u00f3mico<\/strong>\u00a0de 1.5 por ciento, superior al 1 por ciento estimado previamente, gracias a un mejor comportamiento econ\u00f3mico global y condiciones internas favorables, estima Franklin Templeton.<\/p>\n<div class=\"article-image-container   \" data-t=\"{&quot;n&quot;:&quot;OpenModal&quot;,&quot;t&quot;:13}\">\n<p data-t=\"{&quot;n&quot;:&quot;blueLinks&quot;}\">La mejora en la previsi\u00f3n obedece a que las estimaciones para Estados Unidos y China son m\u00e1s favorables, explic\u00f3\u00a0<strong>Jorge Marmolejo<\/strong>, vicepresidente y manager de portafolio de Franklin Templeton M\u00e9xico.<\/p>\n<p data-t=\"{&quot;n&quot;:&quot;blueLinks&quot;}\">En el caso de China, la expectativa es que tras el encierro por la pandemia de Covid-19 -que se vivi\u00f3 hasta finales del a\u00f1o pasado-, se reactive una demanda de bienes y servicios, como ocurri\u00f3 antes en otros pa\u00edses, incluido M\u00e9xico, dijo.<\/p>\n<p data-t=\"{&quot;n&quot;:&quot;blueLinks&quot;}\">Adem\u00e1s, el consumo ya se ha recuperado y est\u00e1 en niveles superiores a los registrados previo a la pandemia de Covid-19.<\/p>\n<p data-t=\"{&quot;n&quot;:&quot;blueLinks&quot;}\">Asimismo, destac\u00f3 que M\u00e9xico sigue favorecido entre emergentes y una de las razones es que su \u00edndice de\u00a0<strong>incertidumbre de pol\u00edtica<\/strong>\u00a0es menor que en Estados Unidos.<\/p>\n<p data-t=\"{&quot;n&quot;:&quot;blueLinks&quot;}\">&#8220;S\u00ed hay muchos temas importantes de mediano y largo plazo, pero en temas puntuales, el compromiso de esta Administraci\u00f3n es bastante fuerte, lo vemos en el tipo de cambio, en muchas otras magnitudes.<\/p>\n<p data-t=\"{&quot;n&quot;:&quot;blueLinks&quot;}\">&#8220;S\u00ed estamos mermando el crecimiento potencial a largo plazo, pero no es algo que se vea inmediatamente, por eso M\u00e9xico est\u00e1 tan favorecido&#8221;, se\u00f1al\u00f3 en el webinar &#8220;Wishing and Hoping. Perspectiva de febrero&#8221;, organizado por Franklin Templeton.<\/p>\n<div role=\"main\">\n<section class=\"articlePage_section-DS-EntryPoint1-1 articlePageBodySection articlePage_section_continueReading-DS-EntryPoint1-1 articlePage_enableNewRR-DS-EntryPoint1-1\" data-col=\"c4\">\n<article>\n<div class=\"views-article-body articlePage_body-DS-EntryPoint1-1 articlePage_body_segoeui-DS-EntryPoint1-1\" data-test-id=\"test-article\">\n<p class=\"\" data-t=\"{&quot;n&quot;:&quot;blueLinks&quot;}\">Adem\u00e1s, es uno de los dos pa\u00edses a nivel global con una tasa real atractiva para la inversi\u00f3n en renta fija, destac\u00f3. Respecto a la inflaci\u00f3n del Pa\u00eds, Marmolejo mencion\u00f3 que se espera que baje este a\u00f1o, pero m\u00e1s lento de lo esperado.<\/p>\n<p class=\"\" data-t=\"{&quot;n&quot;:&quot;blueLinks&quot;}\">Sin embargo, aclar\u00f3, no ser\u00e1 una ca\u00edda libre, sino que baja con bastante volatilidad, como ha ocurrido antes.<\/p>\n<p class=\"\" data-t=\"{&quot;n&quot;:&quot;blueLinks&quot;}\">&#8220;La verdad es que esta idea de que simplemente baja la inflaci\u00f3n en ca\u00edda libre nunca ha pasado, siempre ha bajado con bastante volatilidad&#8221;, declar\u00f3.<\/p>\n<p class=\"\" data-t=\"{&quot;n&quot;:&quot;blueLinks&quot;}\">De acuerdo con Franklin Templeton, la inflaci\u00f3n al cierre de este a\u00f1o ser\u00e1 de 6 por ciento. Destac\u00f3 que en el primer mes de este a\u00f1o, los incrementos salariales presionaron a la inflaci\u00f3n, explic\u00f3.<\/p>\n<p class=\"\" data-t=\"{&quot;n&quot;:&quot;blueLinks&quot;}\">Ante este panorama, el\u00a0<strong>Banco de M\u00e9xico (Banxico)<\/strong>\u00a0tom\u00f3 la decisi\u00f3n de subir 50 puntos base su tasa de referencia y no 25 puntos base como estaba el mercado.<\/p>\n<p class=\"\" data-t=\"{&quot;n&quot;:&quot;blueLinks&quot;}\">Aunque la experiencia de los integrantes de la Junta de Gobierno del banco central se ha reducido, las decisiones que se han tomado son adecuadas, destac\u00f3.<\/p>\n<p class=\"\" data-t=\"{&quot;n&quot;:&quot;blueLinks&quot;}\">&#8220;Las decisiones han sido adecuadas y no han cedido a los temas pol\u00edticos, esto (la reducci\u00f3n en la experiencia) cre\u00edamos que iba a ser m\u00e1s relevante, pero hasta ahora parece no ser tan levante&#8221;, dijo.<\/p>\n<p class=\"\" data-t=\"{&quot;n&quot;:&quot;blueLinks&quot;}\">Agreg\u00f3 que la estimaci\u00f3n de Franklin Templeton es que Banxico pueda elevar su tasa de inter\u00e9s a 11 por ciento en el primer semestre de este a\u00f1o.<\/p>\n<\/div>\n<div class=\"subscriptionPaywall\"><\/div>\n<\/article>\n<\/section>\n<\/div>\n<\/div>\n<div class=\"articlePage_eoabNativeAd-DS-EntryPoint1-1\"><\/div>\n<div>Con informaci\u00f3n de Reforma<\/div>\n","protected":false},"excerpt":{"rendered":"<p>Este a\u00f1o, M\u00e9xico podr\u00eda alcanzar un\u00a0crecimiento econ\u00f3mico\u00a0de 1.5 por ciento, superior al 1 por ciento estimado previamente, gracias a un mejor comportamiento econ\u00f3mico global y condiciones internas favorables, estima Franklin Templeton. La mejora en la previsi\u00f3n obedece a que las estimaciones para Estados Unidos y China son m\u00e1s favorables, explic\u00f3\u00a0Jorge Marmolejo, vicepresidente y manager de portafolio de Franklin Templeton M\u00e9xico. En el caso de China, la expectativa es que tras el encierro por la pandemia de Covid-19 -que se vivi\u00f3 hasta finales del a\u00f1o pasado-, se reactive una demanda de bienes y servicios, como ocurri\u00f3 antes en otros pa\u00edses, incluido [&hellip;]<\/p>\n","protected":false},"author":3,"featured_media":68734,"comment_status":"open","ping_status":"open","sticky":false,"template":"","format":"standard","meta":{"_jetpack_newsletter_access":"","_jetpack_dont_email_post_to_subs":false,"_jetpack_newsletter_tier_id":0,"_jetpack_memberships_contains_paywalled_content":false,"_jetpack_feature_clip_id":0,"_jetpack_memberships_contains_paid_content":false,"footnotes":"","jetpack_publicize_message":"","jetpack_publicize_feature_enabled":true,"jetpack_social_post_already_shared":true,"jetpack_social_options":{"image_generator_settings":{"template":"highway","default_image_id":0,"font":"","enabled":false},"version":2},"jetpack_post_was_ever_published":false},"categories":[75,72],"tags":[],"class_list":["post-68733","post","type-post","status-publish","format-standard","has-post-thumbnail","hentry","category-nacional","category-portada","post--single"],"jetpack_publicize_connections":[],"jetpack_featured_media_url":"https:\/\/ovelanalista.com\/wp-content\/uploads\/2023\/02\/crecimiento.jpeg","jetpack_sharing_enabled":true,"_links":{"self":[{"href":"https:\/\/ovelanalista.com\/index.php?rest_route=\/wp\/v2\/posts\/68733","targetHints":{"allow":["GET"]}}],"collection":[{"href":"https:\/\/ovelanalista.com\/index.php?rest_route=\/wp\/v2\/posts"}],"about":[{"href":"https:\/\/ovelanalista.com\/index.php?rest_route=\/wp\/v2\/types\/post"}],"author":[{"embeddable":true,"href":"https:\/\/ovelanalista.com\/index.php?rest_route=\/wp\/v2\/users\/3"}],"replies":[{"embeddable":true,"href":"https:\/\/ovelanalista.com\/index.php?rest_route=%2Fwp%2Fv2%2Fcomments&post=68733"}],"version-history":[{"count":1,"href":"https:\/\/ovelanalista.com\/index.php?rest_route=\/wp\/v2\/posts\/68733\/revisions"}],"predecessor-version":[{"id":68735,"href":"https:\/\/ovelanalista.com\/index.php?rest_route=\/wp\/v2\/posts\/68733\/revisions\/68735"}],"wp:featuredmedia":[{"embeddable":true,"href":"https:\/\/ovelanalista.com\/index.php?rest_route=\/wp\/v2\/media\/68734"}],"wp:attachment":[{"href":"https:\/\/ovelanalista.com\/index.php?rest_route=%2Fwp%2Fv2%2Fmedia&parent=68733"}],"wp:term":[{"taxonomy":"category","embeddable":true,"href":"https:\/\/ovelanalista.com\/index.php?rest_route=%2Fwp%2Fv2%2Fcategories&post=68733"},{"taxonomy":"post_tag","embeddable":true,"href":"https:\/\/ovelanalista.com\/index.php?rest_route=%2Fwp%2Fv2%2Ftags&post=68733"}],"curies":[{"name":"wp","href":"https:\/\/api.w.org\/{rel}","templated":true}]}}