{"id":69054,"date":"2023-02-20T14:00:54","date_gmt":"2023-02-20T21:00:54","guid":{"rendered":"https:\/\/ovelanalista.com\/?p=69054"},"modified":"2023-02-20T13:49:35","modified_gmt":"2023-02-20T20:49:35","slug":"donde-instalara-tesla-su-planta-en-mexico-amlo-da-una-pista-y-tiene-que-ver-con-el-agua","status":"publish","type":"post","link":"https:\/\/ovelanalista.com\/?p=69054","title":{"rendered":"\u00bfD\u00f3nde instalar\u00e1 Tesla su planta en M\u00e9xico? AMLO da una pista y tiene que ver con el agua"},"content":{"rendered":"<p>El presidente de M\u00e9xico,\u00a0<strong>Andr\u00e9s Manuel L\u00f3pez Obrador<\/strong>, destaco el lunes que Tesla, la empresa de autom\u00f3viles el\u00e9ctricos, construir\u00e1 una planta en el pa\u00eds, y advirti\u00f3 que\u00a0en\u00a0Nuevo Le\u00f3n\u00a0no hay agua para que se instale, pero\u00a0en el\u00a0sureste\u00a0del pa\u00eds s\u00ed.<\/p>\n<p data-t=\"{&quot;n&quot;:&quot;blueLinks&quot;}\">Sin embargo, a\u00fan no se ha decidido la ubicaci\u00f3n exacta, y el mandatario, en su conferencia de prensa ma\u00f1anera,\u00a0declar\u00f3 que hablar\u00e1 con el fundador de la compa\u00f1\u00eda,\u00a0<strong>Elon Musk<\/strong>, para definirlo.<\/p>\n<p data-t=\"{&quot;n&quot;:&quot;blueLinks&quot;}\">La instalaci\u00f3n de la planta en el pa\u00eds es una noticia muy bien recibida por el Gobierno, que destaca que\u00a0<a tabindex=\"0\" href=\"https:\/\/www.debate.com.mx\/\" target=\"_blank\" rel=\"noopener\" data-t=\"{&quot;n&quot;:&quot;destination&quot;,&quot;t&quot;:13,&quot;b&quot;:1,&quot;c.t&quot;:7}\">M\u00e9xico\u00a0<\/a>es uno de los pa\u00edses m\u00e1s atractivos para la inversi\u00f3n extranjera.<\/p>\n<p data-t=\"{&quot;n&quot;:&quot;blueLinks&quot;}\"><strong>La posible ubicaci\u00f3n de la f\u00e1brica de Tesla se ha convertido en un tema pol\u00e9mico\u00a0<\/strong>en los \u00faltimos d\u00edas, con el gobierno federal a favor de que se ubique cerca del\u00a0<a tabindex=\"0\" href=\"https:\/\/www.debate.com.mx\/aeropuerto-internacional-de-ciudad-de-mexico-t646716\" target=\"_blank\" rel=\"noopener\" data-t=\"{&quot;n&quot;:&quot;destination&quot;,&quot;t&quot;:13,&quot;b&quot;:1,&quot;c.t&quot;:7}\">Aeropuerto Internacional Felipe \u00c1ngeles<\/a>\u00a0(AIFA), que es una obra prioritaria de la administraci\u00f3n actual.<\/p>\n<p data-t=\"{&quot;n&quot;:&quot;blueLinks&quot;}\">Sin embargo, el Gobierno del estado de Nuevo Le\u00f3n, en el norte del pa\u00eds, tambi\u00e9n pretende ser el destino de la f\u00e1brica.<\/p>\n<div class=\"article-clear-div\"><\/div>\n<div>\n<p class=\"continue-read-break\" data-t=\"{&quot;n&quot;:&quot;blueLinks&quot;}\">El presidente\u00a0<strong>L\u00f3pez Obrador explic\u00f3 que el Gobierno federal quiere &#8220;ordenar el crecimiento&#8221; para evitar la escasez de servicios b\u00e1sicos<\/strong>, como el agua y la luz el\u00e9ctrica. Por lo tanto, est\u00e1 evaluando cuidadosamente la decisi\u00f3n de la ubicaci\u00f3n de la planta.<\/p>\n<p data-t=\"{&quot;n&quot;:&quot;blueLinks&quot;}\">L\u00f3pez Obrador se\u00f1al\u00f3 que hay lugares en el pa\u00eds donde la escasez de agua es un problema y que el estado de Nuevo Le\u00f3n es uno de ellos.<\/p>\n<p data-t=\"{&quot;n&quot;:&quot;blueLinks&quot;}\">Por esta raz\u00f3n, una de las opciones para instalar la planta de Tesla es en el estado de Hidalgo, cerca del\u00a0<strong>AIFA<\/strong>.<\/p>\n<p data-t=\"{&quot;n&quot;:&quot;blueLinks&quot;}\">Otra posible ubicaci\u00f3n de la planta es en el sureste del pa\u00eds, una regi\u00f3n prioritaria para la Administraci\u00f3n actual. L\u00f3pez Obrador enfatiz\u00f3 que siempre se ha propuesto orientar el crecimiento poblacional hacia las costas, sobre todo del Golfo, porque se tiene el agua.<\/p>\n<p data-t=\"{&quot;n&quot;:&quot;blueLinks&quot;}\">El gobernador de Nuevo Le\u00f3n, Samuel Garc\u00eda, hab\u00eda afirmado que Tesla anunciar\u00eda su llegada al estado en los pr\u00f3ximos d\u00edas, pero el presidente L\u00f3pez Obrador declar\u00f3 que todav\u00eda no se ha decidido nada y que hablar\u00e1 con los directivos de Tesla para evaluar todas las opciones.<\/p>\n<p data-t=\"{&quot;n&quot;:&quot;blueLinks&quot;}\">En \u00faltima instancia, la decisi\u00f3n de la ubicaci\u00f3n de la f\u00e1brica de Tesla depender\u00e1 de la disponibilidad de servicios b\u00e1sicos y la necesidad de mantener el equilibrio entre el crecimiento econ\u00f3mico y la preservaci\u00f3n del medio ambiente.<\/p>\n<\/div>\n<div><\/div>\n<div>Con informaci\u00f3n de El Debate<\/div>\n","protected":false},"excerpt":{"rendered":"<p>El presidente de M\u00e9xico,\u00a0Andr\u00e9s Manuel L\u00f3pez Obrador, destaco el lunes que Tesla, la empresa de autom\u00f3viles el\u00e9ctricos, construir\u00e1 una planta en el pa\u00eds, y advirti\u00f3 que\u00a0en\u00a0Nuevo Le\u00f3n\u00a0no hay agua para que se instale, pero\u00a0en el\u00a0sureste\u00a0del pa\u00eds s\u00ed. Sin embargo, a\u00fan no se ha decidido la ubicaci\u00f3n exacta, y el mandatario, en su conferencia de prensa ma\u00f1anera,\u00a0declar\u00f3 que hablar\u00e1 con el fundador de la compa\u00f1\u00eda,\u00a0Elon Musk, para definirlo. La instalaci\u00f3n de la planta en el pa\u00eds es una noticia muy bien recibida por el Gobierno, que destaca que\u00a0M\u00e9xico\u00a0es uno de los pa\u00edses m\u00e1s atractivos para la inversi\u00f3n extranjera. La posible ubicaci\u00f3n [&hellip;]<\/p>\n","protected":false},"author":3,"featured_media":0,"comment_status":"open","ping_status":"open","sticky":false,"template":"","format":"standard","meta":{"_jetpack_newsletter_access":"","_jetpack_dont_email_post_to_subs":false,"_jetpack_newsletter_tier_id":0,"_jetpack_memberships_contains_paywalled_content":false,"_jetpack_feature_clip_id":0,"_jetpack_memberships_contains_paid_content":false,"footnotes":"","jetpack_publicize_message":"","jetpack_publicize_feature_enabled":true,"jetpack_social_post_already_shared":true,"jetpack_social_options":{"image_generator_settings":{"template":"highway","default_image_id":0,"font":"","enabled":false},"version":2},"jetpack_post_was_ever_published":false},"categories":[75,72],"tags":[],"class_list":["post-69054","post","type-post","status-publish","format-standard","hentry","category-nacional","category-portada","post--single"],"jetpack_publicize_connections":[],"jetpack_featured_media_url":"","jetpack_sharing_enabled":true,"_links":{"self":[{"href":"https:\/\/ovelanalista.com\/index.php?rest_route=\/wp\/v2\/posts\/69054","targetHints":{"allow":["GET"]}}],"collection":[{"href":"https:\/\/ovelanalista.com\/index.php?rest_route=\/wp\/v2\/posts"}],"about":[{"href":"https:\/\/ovelanalista.com\/index.php?rest_route=\/wp\/v2\/types\/post"}],"author":[{"embeddable":true,"href":"https:\/\/ovelanalista.com\/index.php?rest_route=\/wp\/v2\/users\/3"}],"replies":[{"embeddable":true,"href":"https:\/\/ovelanalista.com\/index.php?rest_route=%2Fwp%2Fv2%2Fcomments&post=69054"}],"version-history":[{"count":1,"href":"https:\/\/ovelanalista.com\/index.php?rest_route=\/wp\/v2\/posts\/69054\/revisions"}],"predecessor-version":[{"id":69058,"href":"https:\/\/ovelanalista.com\/index.php?rest_route=\/wp\/v2\/posts\/69054\/revisions\/69058"}],"wp:attachment":[{"href":"https:\/\/ovelanalista.com\/index.php?rest_route=%2Fwp%2Fv2%2Fmedia&parent=69054"}],"wp:term":[{"taxonomy":"category","embeddable":true,"href":"https:\/\/ovelanalista.com\/index.php?rest_route=%2Fwp%2Fv2%2Fcategories&post=69054"},{"taxonomy":"post_tag","embeddable":true,"href":"https:\/\/ovelanalista.com\/index.php?rest_route=%2Fwp%2Fv2%2Ftags&post=69054"}],"curies":[{"name":"wp","href":"https:\/\/api.w.org\/{rel}","templated":true}]}}