{"id":69057,"date":"2023-02-20T14:10:56","date_gmt":"2023-02-20T21:10:56","guid":{"rendered":"https:\/\/ovelanalista.com\/?p=69057"},"modified":"2023-02-20T13:50:36","modified_gmt":"2023-02-20T20:50:36","slug":"definen-ruta-para-ultima-parte-del-plan-b-electoral-sin-clausula-de-la-vida-eterna","status":"publish","type":"post","link":"https:\/\/ovelanalista.com\/?p=69057","title":{"rendered":"Definen ruta para \u00faltima parte del Plan B electoral sin cl\u00e1usula de la vida eterna"},"content":{"rendered":"<p data-t=\"{&quot;n&quot;:&quot;blueLinks&quot;}\">Comisiones del Senado de la Rep\u00fablica ya tienen un dictamen sobre la \u00faltima parte del llamado Plan B de la reforma electoral, que prev\u00e9 sacar la legislaci\u00f3n sin la llamada\u00a0<strong>cl\u00e1usula de la vida eterna<\/strong>\u00a0para partidos.<\/p>\n<p data-t=\"{&quot;n&quot;:&quot;blueLinks&quot;}\">El dictamen ser\u00e1 votado en comisiones este lunes y se prev\u00e9 que para martes y mi\u00e9rcoles sea procesado por el pleno.<\/p>\n<p data-t=\"{&quot;n&quot;:&quot;blueLinks&quot;}\">En caso de aprobarse ser\u00e1 enviado al presidente Andr\u00e9s Manuel L\u00f3pez Obrador, para su publicaci\u00f3n en el Diario Oficial de la Federaci\u00f3n.<\/p>\n<div class=\"article-clear-div\"><\/div>\n<h3 class=\"article-sub-heading\">Desacuerdo entre c\u00e1maras<\/h3>\n<p data-t=\"{&quot;n&quot;:&quot;blueLinks&quot;}\">La cl\u00e1usula de vida eterna quedar\u00eda fuera de la ley por no haber sido aprobada por ambas c\u00e1maras.<\/p>\n<p data-t=\"{&quot;n&quot;:&quot;blueLinks&quot;}\">La propuesta fue a\u00f1adida por el Senado, en el proceso de revisi\u00f3n de la propuesta.<\/p>\n<p data-t=\"{&quot;n&quot;:&quot;blueLinks&quot;}\">Sin embargo, fue eliminada por C\u00e1mara de Diputados cuando el asunto volvi\u00f3 para recibir el aval a los cambios hechos.<\/p>\n<p data-t=\"{&quot;n&quot;:&quot;blueLinks&quot;}\">Seg\u00fan el dictamen, este cambio no respet\u00f3 el una fracci\u00f3n del art\u00edculo 72 de la Constituci\u00f3n:<\/p>\n<p data-t=\"{&quot;n&quot;:&quot;blueLinks&quot;}\">\n<div class=\"article-clear-div\"><\/div>\n<div class=\"article-image-slot\" data-image-href=\"https:\/\/www.msn.com\/es-mx\/noticias\/mexico\/definen-ruta-para-%C3%BAltima-parte-del-plan-b-electoral-sin-cl%C3%A1usula-de-la-vida-eterna\/ar-AA17GT4v?ocid=hpmsn&amp;cvid=82d21eed20db44e68ff06a72c276c247&amp;fullscreen=true#image=1\" data-doc-id=\"cms\/api\/amp\/image\/AA17H2cK\" data-rendered=\"true\">\n<div class=\"article-image-container   \" data-t=\"{&quot;n&quot;:&quot;OpenModal&quot;,&quot;t&quot;:13}\">\n<div style=\"width: 639px\" class=\"wp-caption alignnone\"><a class=\"article-image-height-wrapper\" href=\"https:\/\/www.msn.com\/es-mx\/noticias\/mexico\/definen-ruta-para-%C3%BAltima-parte-del-plan-b-electoral-sin-cl%C3%A1usula-de-la-vida-eterna\/ar-AA17GT4v?ocid=hpmsn&amp;cvid=82d21eed20db44e68ff06a72c276c247&amp;fullscreen=true#image=1\" data-t=\"{&quot;n&quot;:&quot;destination&quot;,&quot;t&quot;:14,&quot;b&quot;:1,&quot;c.t&quot;:14}\"><img loading=\"lazy\" decoding=\"async\" class=\"article-image \" tabindex=\"0\" title=\"Definen ruta para \u00faltima parte del Plan B electoral sin cl\u00e1usula de la vida eterna\" src=\"https:\/\/img-s-msn-com.akamaized.net\/tenant\/amp\/entityid\/AA17H2cK.img?w=629&amp;h=694&amp;m=6\" alt=\"Definen ruta para \u00faltima parte del Plan B electoral sin cl\u00e1usula de la vida eterna\" width=\"629\" height=\"694\" \/><\/a><p class=\"wp-caption-text\">Definen ruta para \u00faltima parte del Plan B electoral sin cl\u00e1usula de la vida eterna\u00a9\u00a0Proporcionado por Aristegui Noticias<\/p><\/div>\n<div class=\"image-caption-container   content-small-text \"><\/div>\n<\/div>\n<\/div>\n<p data-t=\"{&quot;n&quot;:&quot;blueLinks&quot;}\">\n<h3 class=\"article-sub-heading\">Camino legislativo<\/h3>\n<p data-t=\"{&quot;n&quot;:&quot;blueLinks&quot;}\">El senador Ricardo Monreal adelant\u00f3 que la ruta legislativa servir\u00eda para aprobar las reformas sin el pol\u00e9mico art\u00edculo.<\/p>\n<p data-t=\"{&quot;n&quot;:&quot;blueLinks&quot;}\">As\u00ed explic\u00f3 el desacuerdo que prevalecer\u00eda con C\u00e1mara de Diputados:<\/p>\n<p data-t=\"{&quot;n&quot;:&quot;blueLinks&quot;}\"><em>Hoy las comisiones circularon un proyecto de dictamen que no aprueba la modificaci\u00f3n de la C\u00e1mara de Diputados al Art. 12 de la LGIPE por no apegarse a la Constituci\u00f3n.<\/em><\/p>\n<p data-t=\"{&quot;n&quot;:&quot;blueLinks&quot;}\"><em>Se consultar\u00eda al Pleno si el resto del proyecto se turna al Ejecutivo.<\/em><\/p>\n<p class=\"continue-read-break\" data-t=\"{&quot;n&quot;:&quot;blueLinks&quot;}\"><em>Ma\u00f1ana las comisiones discutir\u00e1n el proyecto, de aprobarlo, se remitir\u00e1 al Pleno para tr\u00e1mite.<\/em><\/p>\n<p data-t=\"{&quot;n&quot;:&quot;blueLinks&quot;}\"><em>El Pleno puede aprobar el dictamen y decidir si turna el resto del proyecto al Ejecutivo (429 art\u00edculos) o allanarse a lo remitido por la C\u00e1mara de Diputados y turnar el proyecto completo al Ejecutivo, con la modificaci\u00f3n al Art. 12 de la LGIPE (430 art\u00edculos). El Senado asumir\u00e1 sus funciones con responsabilidad y apego a los procedimientos reglamentarios y constitucionales.<\/em><\/p>\n","protected":false},"excerpt":{"rendered":"<p>Comisiones del Senado de la Rep\u00fablica ya tienen un dictamen sobre la \u00faltima parte del llamado Plan B de la reforma electoral, que prev\u00e9 sacar la legislaci\u00f3n sin la llamada\u00a0cl\u00e1usula de la vida eterna\u00a0para partidos. El dictamen ser\u00e1 votado en comisiones este lunes y se prev\u00e9 que para martes y mi\u00e9rcoles sea procesado por el pleno. En caso de aprobarse ser\u00e1 enviado al presidente Andr\u00e9s Manuel L\u00f3pez Obrador, para su publicaci\u00f3n en el Diario Oficial de la Federaci\u00f3n. Desacuerdo entre c\u00e1maras La cl\u00e1usula de vida eterna quedar\u00eda fuera de la ley por no haber sido aprobada por ambas c\u00e1maras. La [&hellip;]<\/p>\n","protected":false},"author":3,"featured_media":68978,"comment_status":"open","ping_status":"open","sticky":false,"template":"","format":"standard","meta":{"_jetpack_newsletter_access":"","_jetpack_dont_email_post_to_subs":false,"_jetpack_newsletter_tier_id":0,"_jetpack_memberships_contains_paywalled_content":false,"_jetpack_feature_clip_id":0,"_jetpack_memberships_contains_paid_content":false,"footnotes":"","jetpack_publicize_message":"","jetpack_publicize_feature_enabled":true,"jetpack_social_post_already_shared":true,"jetpack_social_options":{"image_generator_settings":{"template":"highway","default_image_id":0,"font":"","enabled":false},"version":2},"jetpack_post_was_ever_published":false},"categories":[75,72],"tags":[],"class_list":["post-69057","post","type-post","status-publish","format-standard","has-post-thumbnail","hentry","category-nacional","category-portada","post--single"],"jetpack_publicize_connections":[],"jetpack_featured_media_url":"https:\/\/ovelanalista.com\/wp-content\/uploads\/2023\/02\/plan-B-1.jpeg","jetpack_sharing_enabled":true,"_links":{"self":[{"href":"https:\/\/ovelanalista.com\/index.php?rest_route=\/wp\/v2\/posts\/69057","targetHints":{"allow":["GET"]}}],"collection":[{"href":"https:\/\/ovelanalista.com\/index.php?rest_route=\/wp\/v2\/posts"}],"about":[{"href":"https:\/\/ovelanalista.com\/index.php?rest_route=\/wp\/v2\/types\/post"}],"author":[{"embeddable":true,"href":"https:\/\/ovelanalista.com\/index.php?rest_route=\/wp\/v2\/users\/3"}],"replies":[{"embeddable":true,"href":"https:\/\/ovelanalista.com\/index.php?rest_route=%2Fwp%2Fv2%2Fcomments&post=69057"}],"version-history":[{"count":1,"href":"https:\/\/ovelanalista.com\/index.php?rest_route=\/wp\/v2\/posts\/69057\/revisions"}],"predecessor-version":[{"id":69060,"href":"https:\/\/ovelanalista.com\/index.php?rest_route=\/wp\/v2\/posts\/69057\/revisions\/69060"}],"wp:featuredmedia":[{"embeddable":true,"href":"https:\/\/ovelanalista.com\/index.php?rest_route=\/wp\/v2\/media\/68978"}],"wp:attachment":[{"href":"https:\/\/ovelanalista.com\/index.php?rest_route=%2Fwp%2Fv2%2Fmedia&parent=69057"}],"wp:term":[{"taxonomy":"category","embeddable":true,"href":"https:\/\/ovelanalista.com\/index.php?rest_route=%2Fwp%2Fv2%2Fcategories&post=69057"},{"taxonomy":"post_tag","embeddable":true,"href":"https:\/\/ovelanalista.com\/index.php?rest_route=%2Fwp%2Fv2%2Ftags&post=69057"}],"curies":[{"name":"wp","href":"https:\/\/api.w.org\/{rel}","templated":true}]}}