{"id":69059,"date":"2023-02-20T14:20:56","date_gmt":"2023-02-20T21:20:56","guid":{"rendered":"https:\/\/ovelanalista.com\/?p=69059"},"modified":"2023-02-20T13:52:00","modified_gmt":"2023-02-20T20:52:00","slug":"mansitos-quedaron-en-el-pri","status":"publish","type":"post","link":"https:\/\/ovelanalista.com\/?p=69059","title":{"rendered":"Mansitos quedaron en el PRI"},"content":{"rendered":"<p>Dentro y fuera del\u00a0<strong>Partido Revolucionario Institucional\u00a0<\/strong>ya no hay duda de que a los aspirantes a la presidencia estatal del partido les cay\u00f3 bien la reuni\u00f3n con el\u00a0<strong>presidente nacional Alejandro \u201cAlito\u201d<\/strong>\u00a0Moreno. Est\u00e1n puestos para dialogar y ponerse de acuerdo. Incluso, hay versiones que apuntan a que unos lo que buscan es que se les tome en cuenta en alguna cartera y otros que les sigan respetando los espacios de poder que tienen. Y es que saben que no tienen ninguna posibilidad de sacarse el premio mayor. Por esta condici\u00f3n, unos ven que hay posibilidades de ponerse de acuerdo al viejo estilo del tricolor: repartirse el pastel. El detalle es que uno o dos, hombres o mujeres, pueden resistirse a ser desplazados para la presidencia.<\/p>\n<p class=\"continue-read-break\" data-t=\"{&quot;n&quot;:&quot;blueLinks&quot;}\">y la primera se\u00f1al de que van en camino a sacar el proceso por unidad son las manifestaciones y conductas p\u00fablicas que han asumido tras la reuni\u00f3n en la\u00a0<a tabindex=\"0\" href=\"https:\/\/www.debate.com.mx\/cdmx\/Marchas-protestas-y-movilizaciones-en-la-CDMX-hoy-lunes-20-de-febrero-20230220-0012.html\" target=\"_blank\" rel=\"noopener\" data-t=\"{&quot;n&quot;:&quot;destination&quot;,&quot;t&quot;:13,&quot;b&quot;:1,&quot;c.t&quot;:7}\">Ciudad de M\u00e9xico\u00a0<\/a>con \u201c<strong>Alito<\/strong>\u201d. Por ejemplo, a los aspirantes\u00a0<strong>Marco Antonio Osuna Moreno\u00a0<\/strong>y\u00a0<strong>Nubia Ramos\u00a0<\/strong>ya no hablaron de que los nuevos dirigentes salgan de un proceso de consulta a la base. Ni tampoco a los integrantes del bloque que planteaban este m\u00e9todo de elecci\u00f3n. Es m\u00e1s, ya ni de bloque opositor a la imposici\u00f3n se habla. Ahorita andan muy contentos, pero a la hora de que el presidente interino del tricolor en Sinaloa, Ramiro Hern\u00e1ndez, reparta el queso se va a saber si lo dec\u00edan de los dientes para afuera o si realmente est\u00e1n por fortalecer al partido.<\/p>\n<div class=\"article-clear-div\"><\/div>\n<p class=\"\" data-t=\"{&quot;n&quot;:&quot;blueLinks&quot;}\">A muchos les extra\u00f1a que ya van cinco meses desde que se realiz\u00f3 la consulta ind\u00edgena y que obra en el expediente del juicio de amparo sin que en el\u00a0<strong>Juzgado Sexto de Distrito<\/strong>\u00a0se resuelva el expediente. Pero eso s\u00ed, da pie a nuevas actuaciones de los demandantes que se oponen a la construcci\u00f3n y operaci\u00f3n de la planta de fertilizantes en Topolobampo, lo que podr\u00eda retrasar el proyecto que tiene el aval de la mayor\u00eda de las comunidades ind\u00edgenas y de los diferentes sectores de la sociedad porque se pierde la oportunidad del repunte econ\u00f3mico. \u00bfHasta cu\u00e1ndo, pues?<\/p>\n<p data-t=\"{&quot;n&quot;:&quot;blueLinks&quot;}\"><strong>UN GRUP<\/strong>O de morenistas se concentr\u00f3 ayer en la Plazuela 27 de Septiembre para defender la Reforma Electoral. Es el programa que trae el partido para informar a la opini\u00f3n p\u00fablica de las bondades de dicha reforma. Esta actividad se realiz\u00f3 en todo el pa\u00eds como parte de la estrategia de contener el impacto que pudieran tener las movilizaciones que traen los actores pol\u00edticos que est\u00e1n en contra de esa reforma electoral. El enlace del Distrito 02 de Morena en Ahome, Francisco Javier Carrazco Echavarr\u00eda, dijo que el\u00a0<strong>Plan B de la Reforma Electoral<\/strong>\u00a0representa a las mayor\u00edas como a las minor\u00edas.<\/p>\n<p data-t=\"{&quot;n&quot;:&quot;blueLinks&quot;}\">La concentraci\u00f3n tuvo convocatoria, ya que estuvo e<strong>l alcalde de Ahome, Gerardo Vargas Landeros,<\/strong>\u00a0y los diputados locales Cecilia Covarrubias, Juana Minerva V\u00e1zquez y C\u00e9sar Ismael Guerrero. Adem\u00e1s, Juan Francisco Fierro, suplente del diputado federal Guillermo \u201cBilly\u201d Chapman, que ni sus luces en este tipo de eventos. Y vale m\u00e1s as\u00ed, dicen algunos. Pero se vieron a otros como al jefe de los Servicios Regionales de la\u00a0<strong>SEPyC\u00a0<\/strong>en Ahome, Alejandro Brito.<\/p>\n<p data-t=\"{&quot;n&quot;:&quot;blueLinks&quot;}\">\n<p data-t=\"{&quot;n&quot;:&quot;blueLinks&quot;}\">Con informaci\u00f3n de El Debate<\/p>\n","protected":false},"excerpt":{"rendered":"<p>Dentro y fuera del\u00a0Partido Revolucionario Institucional\u00a0ya no hay duda de que a los aspirantes a la presidencia estatal del partido les cay\u00f3 bien la reuni\u00f3n con el\u00a0presidente nacional Alejandro \u201cAlito\u201d\u00a0Moreno. Est\u00e1n puestos para dialogar y ponerse de acuerdo. Incluso, hay versiones que apuntan a que unos lo que buscan es que se les tome en cuenta en alguna cartera y otros que les sigan respetando los espacios de poder que tienen. Y es que saben que no tienen ninguna posibilidad de sacarse el premio mayor. Por esta condici\u00f3n, unos ven que hay posibilidades de ponerse de acuerdo al viejo estilo [&hellip;]<\/p>\n","protected":false},"author":3,"featured_media":69061,"comment_status":"open","ping_status":"open","sticky":false,"template":"","format":"standard","meta":{"_jetpack_newsletter_access":"","_jetpack_dont_email_post_to_subs":false,"_jetpack_newsletter_tier_id":0,"_jetpack_memberships_contains_paywalled_content":false,"_jetpack_feature_clip_id":0,"_jetpack_memberships_contains_paid_content":false,"footnotes":"","jetpack_publicize_message":"","jetpack_publicize_feature_enabled":true,"jetpack_social_post_already_shared":true,"jetpack_social_options":{"image_generator_settings":{"template":"highway","default_image_id":0,"font":"","enabled":false},"version":2},"jetpack_post_was_ever_published":false},"categories":[75,72],"tags":[],"class_list":["post-69059","post","type-post","status-publish","format-standard","has-post-thumbnail","hentry","category-nacional","category-portada","post--single"],"jetpack_publicize_connections":[],"jetpack_featured_media_url":"https:\/\/ovelanalista.com\/wp-content\/uploads\/2023\/02\/PRI-1.jpeg","jetpack_sharing_enabled":true,"_links":{"self":[{"href":"https:\/\/ovelanalista.com\/index.php?rest_route=\/wp\/v2\/posts\/69059","targetHints":{"allow":["GET"]}}],"collection":[{"href":"https:\/\/ovelanalista.com\/index.php?rest_route=\/wp\/v2\/posts"}],"about":[{"href":"https:\/\/ovelanalista.com\/index.php?rest_route=\/wp\/v2\/types\/post"}],"author":[{"embeddable":true,"href":"https:\/\/ovelanalista.com\/index.php?rest_route=\/wp\/v2\/users\/3"}],"replies":[{"embeddable":true,"href":"https:\/\/ovelanalista.com\/index.php?rest_route=%2Fwp%2Fv2%2Fcomments&post=69059"}],"version-history":[{"count":1,"href":"https:\/\/ovelanalista.com\/index.php?rest_route=\/wp\/v2\/posts\/69059\/revisions"}],"predecessor-version":[{"id":69062,"href":"https:\/\/ovelanalista.com\/index.php?rest_route=\/wp\/v2\/posts\/69059\/revisions\/69062"}],"wp:featuredmedia":[{"embeddable":true,"href":"https:\/\/ovelanalista.com\/index.php?rest_route=\/wp\/v2\/media\/69061"}],"wp:attachment":[{"href":"https:\/\/ovelanalista.com\/index.php?rest_route=%2Fwp%2Fv2%2Fmedia&parent=69059"}],"wp:term":[{"taxonomy":"category","embeddable":true,"href":"https:\/\/ovelanalista.com\/index.php?rest_route=%2Fwp%2Fv2%2Fcategories&post=69059"},{"taxonomy":"post_tag","embeddable":true,"href":"https:\/\/ovelanalista.com\/index.php?rest_route=%2Fwp%2Fv2%2Ftags&post=69059"}],"curies":[{"name":"wp","href":"https:\/\/api.w.org\/{rel}","templated":true}]}}