{"id":69063,"date":"2023-02-20T14:40:30","date_gmt":"2023-02-20T21:40:30","guid":{"rendered":"https:\/\/ovelanalista.com\/?p=69063"},"modified":"2023-02-20T13:54:22","modified_gmt":"2023-02-20T20:54:22","slug":"no-van-a-poder-amlo-responde-a-propuesta-de-calderon-sobre-reorganizar-oposicion-rumbo-al-2024","status":"publish","type":"post","link":"https:\/\/ovelanalista.com\/?p=69063","title":{"rendered":"\u2018No van a poder\u2019: AMLO responde a propuesta de Calder\u00f3n sobre reorganizar oposici\u00f3n rumbo al 2024"},"content":{"rendered":"<p data-t=\"{&quot;n&quot;:&quot;blueLinks&quot;}\">El presidente\u00a0<strong>Andr\u00e9s Manuel L\u00f3pez Obrador<\/strong>\u00a0pidi\u00f3 a la oposici\u00f3n escuchar la propuesta del exmandatario\u00a0<a tabindex=\"0\" href=\"https:\/\/www.animalpolitico.com\/politica\/juicio-de-genaro-garcia-luna-felipe-calderon-reorganizar-a-la-oposicion\" target=\"_blank\" rel=\"noopener\" data-t=\"{&quot;n&quot;:&quot;destination&quot;,&quot;t&quot;:13,&quot;b&quot;:1,&quot;c.t&quot;:7}\">Felipe Calder\u00f3n\u00a0<\/a>de reorganizarse para definir a su candidato presidencial rumbo a las elecciones del 2024; sin embargo, afirm\u00f3 que \u201cno van a poder\u201d.<\/p>\n<div class=\"article-image-container   \" data-t=\"{&quot;n&quot;:&quot;OpenModal&quot;,&quot;t&quot;:13}\">\n<p data-t=\"{&quot;n&quot;:&quot;blueLinks&quot;}\">Dijo que se pueden agruparse y fortalecerse porque siempre ha existido en M\u00e9xico el\u00a0<strong>partido conservador<\/strong>, pero que deben elegir a su candidato presidencial de entre 50 personas.<\/p>\n<p data-t=\"{&quot;n&quot;:&quot;blueLinks&quot;}\">\u201cLe hace bien al pa\u00eds, para que haya democracia plena\u201d, dijo.<\/p>\n<p data-t=\"{&quot;n&quot;:&quot;blueLinks&quot;}\">A\u00f1adi\u00f3 que, aunque se est\u00e9n agrupando, la gente no les cree porque ya tuvieron su oportunidad y se dedicaron a robar y saquear.<\/p>\n<p data-t=\"{&quot;n&quot;:&quot;blueLinks&quot;}\">\u201cNo van a poder, estoy absolutamente seguro de que el pueblo no va a permitir que regresen los rateros\u201d, mencion\u00f3.<\/p>\n<div class=\"article-clear-div\"><\/div>\n<p data-t=\"{&quot;n&quot;:&quot;blueLinks&quot;}\">El fin de semana, Calder\u00f3n Hinojosa public\u00f3 un art\u00edculo de opini\u00f3n en el diario\u00a0<em>Reforma<\/em>\u00a0en el que hace un llamado a reorganizar a la oposici\u00f3n y crear un nuevo partido pol\u00edtico.<\/p>\n<p data-t=\"{&quot;n&quot;:&quot;blueLinks&quot;}\">\u201cLo \u00fanico que puede salvar a M\u00e9xico es una ciudadan\u00eda organizada. Se trata de organizar a los ciudadanos para lograr una resurrecci\u00f3n de la oposici\u00f3n pol\u00edtica a fin de evitar la ca\u00edda de M\u00e9xico en una dictadura populista del siglo 21 corrupta, incompetente y autoritaria\u201d, escribi\u00f3 el expresidente.<\/p>\n<p class=\"continue-read-break\" data-t=\"{&quot;n&quot;:&quot;blueLinks&quot;}\">Esta ma\u00f1ana, L\u00f3pez Obrador critic\u00f3 que el expresidente no haya opinado sobre el caso del juicio contra su exsecretario de Seguridad, Genaro Garc\u00eda Luna.<\/p>\n<h2 class=\"article-sub-heading\">Marcha, solo pretexto para enfrentarnos AMLO<\/h2>\n<p data-t=\"{&quot;n&quot;:&quot;blueLinks&quot;}\">Sobre la marcha en defensa del Instituto Nacional Electoral (INE) que se realizar\u00e1 el pr\u00f3ximo 26 de febrero, el presidente L\u00f3pez Obrador afirm\u00f3 que solo son pretextos para \u201cenfrentarnos\u201d, porque no est\u00e1n de acuerdo con una ley que busca reducir los gastos excesivos de los funcionarios.<\/p>\n<p data-t=\"{&quot;n&quot;:&quot;blueLinks&quot;}\">Asegur\u00f3 que no es una manifestaci\u00f3n de ciudadanos, sino que son del PRI, PAN, PRD y de algunos potentados corruptos.<\/p>\n<p data-t=\"{&quot;n&quot;:&quot;blueLinks&quot;}\">\u201cEn el fondo es tener alguna excusa, alg\u00fan pretexto para enfrentarnos, es una manifestaci\u00f3n no de ciudadanos\u201d, dijo.<\/p>\n<blockquote class=\"twitter-tweet\" data-width=\"550\" data-dnt=\"true\">\n<p lang=\"es\" dir=\"ltr\">\ud83d\udde3\ufe0f\u201cEs una manifestaci\u00f3n del PRI, del PAN, del PRD y de algunos potentados corruptos&quot;, subraya L\u00f3pez Obrador respecto a la marcha que se llevar\u00e1 a cabo el domingo en defensa del INE. <a href=\"https:\/\/t.co\/dBFuRabsk0\">pic.twitter.com\/dBFuRabsk0<\/a><\/p>\n<p>&mdash; Animal Pol\u00edtico (@Pajaropolitico) <a href=\"https:\/\/twitter.com\/Pajaropolitico\/status\/1627695901891350528?ref_src=twsrc%5Etfw\">February 20, 2023<\/a><\/p><\/blockquote>\n<p><script async src=\"https:\/\/platform.twitter.com\/widgets.js\" charset=\"utf-8\"><\/script><\/p>\n<\/div>\n<p>Con informaci\u00f3n de El Universal<\/p>\n","protected":false},"excerpt":{"rendered":"<p>El presidente\u00a0Andr\u00e9s Manuel L\u00f3pez Obrador\u00a0pidi\u00f3 a la oposici\u00f3n escuchar la propuesta del exmandatario\u00a0Felipe Calder\u00f3n\u00a0de reorganizarse para definir a su candidato presidencial rumbo a las elecciones del 2024; sin embargo, afirm\u00f3 que \u201cno van a poder\u201d. Dijo que se pueden agruparse y fortalecerse porque siempre ha existido en M\u00e9xico el\u00a0partido conservador, pero que deben elegir a su candidato presidencial de entre 50 personas. \u201cLe hace bien al pa\u00eds, para que haya democracia plena\u201d, dijo. A\u00f1adi\u00f3 que, aunque se est\u00e9n agrupando, la gente no les cree porque ya tuvieron su oportunidad y se dedicaron a robar y saquear. \u201cNo van a poder, [&hellip;]<\/p>\n","protected":false},"author":3,"featured_media":69065,"comment_status":"open","ping_status":"open","sticky":false,"template":"","format":"standard","meta":{"_jetpack_newsletter_access":"","_jetpack_dont_email_post_to_subs":false,"_jetpack_newsletter_tier_id":0,"_jetpack_memberships_contains_paywalled_content":false,"_jetpack_feature_clip_id":0,"_jetpack_memberships_contains_paid_content":false,"footnotes":"","jetpack_publicize_message":"","jetpack_publicize_feature_enabled":true,"jetpack_social_post_already_shared":true,"jetpack_social_options":{"image_generator_settings":{"template":"highway","default_image_id":0,"font":"","enabled":false},"version":2},"jetpack_post_was_ever_published":false},"categories":[75,72],"tags":[],"class_list":["post-69063","post","type-post","status-publish","format-standard","has-post-thumbnail","hentry","category-nacional","category-portada","post--single"],"jetpack_publicize_connections":[],"jetpack_featured_media_url":"https:\/\/ovelanalista.com\/wp-content\/uploads\/2023\/02\/AMLO-17.jpeg","jetpack_sharing_enabled":true,"_links":{"self":[{"href":"https:\/\/ovelanalista.com\/index.php?rest_route=\/wp\/v2\/posts\/69063","targetHints":{"allow":["GET"]}}],"collection":[{"href":"https:\/\/ovelanalista.com\/index.php?rest_route=\/wp\/v2\/posts"}],"about":[{"href":"https:\/\/ovelanalista.com\/index.php?rest_route=\/wp\/v2\/types\/post"}],"author":[{"embeddable":true,"href":"https:\/\/ovelanalista.com\/index.php?rest_route=\/wp\/v2\/users\/3"}],"replies":[{"embeddable":true,"href":"https:\/\/ovelanalista.com\/index.php?rest_route=%2Fwp%2Fv2%2Fcomments&post=69063"}],"version-history":[{"count":1,"href":"https:\/\/ovelanalista.com\/index.php?rest_route=\/wp\/v2\/posts\/69063\/revisions"}],"predecessor-version":[{"id":69066,"href":"https:\/\/ovelanalista.com\/index.php?rest_route=\/wp\/v2\/posts\/69063\/revisions\/69066"}],"wp:featuredmedia":[{"embeddable":true,"href":"https:\/\/ovelanalista.com\/index.php?rest_route=\/wp\/v2\/media\/69065"}],"wp:attachment":[{"href":"https:\/\/ovelanalista.com\/index.php?rest_route=%2Fwp%2Fv2%2Fmedia&parent=69063"}],"wp:term":[{"taxonomy":"category","embeddable":true,"href":"https:\/\/ovelanalista.com\/index.php?rest_route=%2Fwp%2Fv2%2Fcategories&post=69063"},{"taxonomy":"post_tag","embeddable":true,"href":"https:\/\/ovelanalista.com\/index.php?rest_route=%2Fwp%2Fv2%2Ftags&post=69063"}],"curies":[{"name":"wp","href":"https:\/\/api.w.org\/{rel}","templated":true}]}}