{"id":69069,"date":"2023-02-20T15:00:38","date_gmt":"2023-02-20T22:00:38","guid":{"rendered":"https:\/\/ovelanalista.com\/?p=69069"},"modified":"2023-02-20T13:57:11","modified_gmt":"2023-02-20T20:57:11","slug":"asi-fue-como-la-ssc-cdmx-desarticulo-la-celula-de-lenin-canchola-en-ao","status":"publish","type":"post","link":"https:\/\/ovelanalista.com\/?p=69069","title":{"rendered":"As\u00ed fue como la SSC CDMX desarticul\u00f3 la c\u00e9lula de Lenin Canchola en AO"},"content":{"rendered":"<p data-t=\"{&quot;n&quot;:&quot;blueLinks&quot;}\">El secretario de Seguridad Ciudadana de la Ciudad de M\u00e9xico (SSC CDMX),\u00a0<a class=\"Link \" tabindex=\"0\" href=\"https:\/\/www.adn40.mx\/ciudad\/homicidios-dolosos-disminuido-omar-garcia-harfuch-app\" target=\"_blank\" rel=\"noopener\" data-t=\"{&quot;n&quot;:&quot;destination&quot;,&quot;t&quot;:13,&quot;b&quot;:1,&quot;c.t&quot;:7}\">Omar Garc\u00eda Harfuch<\/a>, inform\u00f3 que se desarticul\u00f3 una c\u00e9lula criminal vinculada a Lenin Canchola, mejor conocido como \u201cEl Carenal\u201d, en la\u00a0<b>alcald\u00eda \u00c1lvaro Obreg\u00f3n<\/b>\u00a0y se liberaron 4 v\u00edctimas que se encontraban privadas de la libertad, luego de 2 operativos durante el viernes.<\/p>\n<p data-t=\"{&quot;n&quot;:&quot;blueLinks&quot;}\">En conferencia de prensa, el\u00a0<b>titular de la SSC CDMX<\/b>\u00a0destac\u00f3 que estos resultados concluyeron en la detenci\u00f3n de presuntos integrantes de una c\u00e9lula criminal, la cual fue detectada gracias a la colaboraci\u00f3n de la SSC CDM y de la Fiscal\u00eda General de Justicia de la capital del pa\u00eds.<\/p>\n<p data-t=\"{&quot;n&quot;:&quot;blueLinks&quot;}\">Destac\u00f3 que esta organizaci\u00f3n se encuentra vinculada con un grupo delictivo establecido en las alcald\u00edas\u00a0<b>Cuajimalpa y \u00c1lvaro Obreg\u00f3n<\/b>\u00a0y cuyo l\u00edder fue detenido el a\u00f1o pasado, por elementos de la SSC CDMX. Dicho sujeto se encuentra actualmente recluido en el Centro Federal de Readaptaci\u00f3n Social No 1 del Altiplano, con sede de Almoloya de Ju\u00e1rez, Estado de M\u00e9xico. El traslado fue realizado el pasado 5 de diciembre de 2022.<\/p>\n<div class=\"Enhancement\">\n<div class=\"Enhancement-item\">\n<h2 class=\"article-sub-heading\">C\u00e9lula criminal violenta ligada a banda de Lenin Canchola<\/h2>\n<\/div>\n<\/div>\n<p class=\"continue-read-break\" data-t=\"{&quot;n&quot;:&quot;blueLinks&quot;}\">Seg\u00fan el funcionario, a esta c\u00e9lula criminal se le atribuyen la presunta comisi\u00f3n de secuestros, homicidios, extorsiones, robo de autom\u00f3viles, cobro de piso, as\u00ed como distribuci\u00f3n de droga. Asimismo, destac\u00f3 se le caracteriza por tener un alto grado de violencia contra sus v\u00edctimas.<\/p>\n<div class=\"Enhancement\">\n<div class=\"Enhancement-item\">\n<h2 class=\"article-sub-heading\">Liberan a personas privadas de la libertad<\/h2>\n<\/div>\n<\/div>\n<p data-t=\"{&quot;n&quot;:&quot;blueLinks&quot;}\">El funcionario mencion\u00f3 que de las 4 personas que hab\u00edan sido privadas de la libertad y luego liberadas tras el operativo, uno era un menor de edad. Los cateos se realizaron en 2 inmuebles localizados en 2 inmuebles localizados en la colonia Las \u00c1guilas, tercer Parque y Ampliaci\u00f3n las \u00c1guilas, en la demarcaci\u00f3n \u00c1lvaro Obreg\u00f3n.<\/p>\n<p data-t=\"{&quot;n&quot;:&quot;blueLinks&quot;}\">Con estas acciones se detuvo a 6 delincuentes, entre ellos 2 menores de edad, se aseguraron 2 armas de fuego cortas, 1 arma de fuego larga, una camioneta con reporte de robo con placas sobrepuestas, as\u00ed como droga.<\/p>\n<p data-t=\"{&quot;n&quot;:&quot;blueLinks&quot;}\">El segundo operativo deriv\u00f3 de denuncias ciudadanas, debido a un sujeto que realizaba fiestas a altas horas de la noche en un inmueble de la colonia Jardines del Pedregal. Los vecinos alertaron de personas armadas dentro de la vivienda<\/p>\n<p data-t=\"{&quot;n&quot;:&quot;blueLinks&quot;}\">\n<p data-t=\"{&quot;n&quot;:&quot;blueLinks&quot;}\">Con informaci\u00f3n de ADN 40<\/p>\n","protected":false},"excerpt":{"rendered":"<p>El secretario de Seguridad Ciudadana de la Ciudad de M\u00e9xico (SSC CDMX),\u00a0Omar Garc\u00eda Harfuch, inform\u00f3 que se desarticul\u00f3 una c\u00e9lula criminal vinculada a Lenin Canchola, mejor conocido como \u201cEl Carenal\u201d, en la\u00a0alcald\u00eda \u00c1lvaro Obreg\u00f3n\u00a0y se liberaron 4 v\u00edctimas que se encontraban privadas de la libertad, luego de 2 operativos durante el viernes. En conferencia de prensa, el\u00a0titular de la SSC CDMX\u00a0destac\u00f3 que estos resultados concluyeron en la detenci\u00f3n de presuntos integrantes de una c\u00e9lula criminal, la cual fue detectada gracias a la colaboraci\u00f3n de la SSC CDM y de la Fiscal\u00eda General de Justicia de la capital del pa\u00eds. Destac\u00f3 [&hellip;]<\/p>\n","protected":false},"author":3,"featured_media":69070,"comment_status":"open","ping_status":"open","sticky":false,"template":"","format":"standard","meta":{"_jetpack_newsletter_access":"","_jetpack_dont_email_post_to_subs":false,"_jetpack_newsletter_tier_id":0,"_jetpack_memberships_contains_paywalled_content":false,"_jetpack_feature_clip_id":0,"_jetpack_memberships_contains_paid_content":false,"footnotes":"","jetpack_publicize_message":"","jetpack_publicize_feature_enabled":true,"jetpack_social_post_already_shared":true,"jetpack_social_options":{"image_generator_settings":{"template":"highway","default_image_id":0,"font":"","enabled":false},"version":2},"jetpack_post_was_ever_published":false},"categories":[75,72],"tags":[],"class_list":["post-69069","post","type-post","status-publish","format-standard","has-post-thumbnail","hentry","category-nacional","category-portada","post--single"],"jetpack_publicize_connections":[],"jetpack_featured_media_url":"https:\/\/ovelanalista.com\/wp-content\/uploads\/2023\/02\/policia.jpeg","jetpack_sharing_enabled":true,"_links":{"self":[{"href":"https:\/\/ovelanalista.com\/index.php?rest_route=\/wp\/v2\/posts\/69069","targetHints":{"allow":["GET"]}}],"collection":[{"href":"https:\/\/ovelanalista.com\/index.php?rest_route=\/wp\/v2\/posts"}],"about":[{"href":"https:\/\/ovelanalista.com\/index.php?rest_route=\/wp\/v2\/types\/post"}],"author":[{"embeddable":true,"href":"https:\/\/ovelanalista.com\/index.php?rest_route=\/wp\/v2\/users\/3"}],"replies":[{"embeddable":true,"href":"https:\/\/ovelanalista.com\/index.php?rest_route=%2Fwp%2Fv2%2Fcomments&post=69069"}],"version-history":[{"count":1,"href":"https:\/\/ovelanalista.com\/index.php?rest_route=\/wp\/v2\/posts\/69069\/revisions"}],"predecessor-version":[{"id":69071,"href":"https:\/\/ovelanalista.com\/index.php?rest_route=\/wp\/v2\/posts\/69069\/revisions\/69071"}],"wp:featuredmedia":[{"embeddable":true,"href":"https:\/\/ovelanalista.com\/index.php?rest_route=\/wp\/v2\/media\/69070"}],"wp:attachment":[{"href":"https:\/\/ovelanalista.com\/index.php?rest_route=%2Fwp%2Fv2%2Fmedia&parent=69069"}],"wp:term":[{"taxonomy":"category","embeddable":true,"href":"https:\/\/ovelanalista.com\/index.php?rest_route=%2Fwp%2Fv2%2Fcategories&post=69069"},{"taxonomy":"post_tag","embeddable":true,"href":"https:\/\/ovelanalista.com\/index.php?rest_route=%2Fwp%2Fv2%2Ftags&post=69069"}],"curies":[{"name":"wp","href":"https:\/\/api.w.org\/{rel}","templated":true}]}}