{"id":69083,"date":"2023-02-21T09:10:24","date_gmt":"2023-02-21T16:10:24","guid":{"rendered":"https:\/\/ovelanalista.com\/?p=69083"},"modified":"2023-02-21T08:45:08","modified_gmt":"2023-02-21T15:45:08","slug":"las-penas-con-pan-son-buenas","status":"publish","type":"post","link":"https:\/\/ovelanalista.com\/?p=69083","title":{"rendered":"Las penas con pan son buenas"},"content":{"rendered":"<p><span style=\"font-weight: 100;\">Entre Veredas<\/span><\/p>\n<p style=\"font-weight: 100;\">Marco Antonio Liz\u00e1rraga<\/p>\n<p style=\"font-weight: 100;\">\u201cEstamos en la tierra para ayudar a otros: para qu\u00e9 est\u00e1n los otros en la tierra no lo s\u00e9\u201d, Wystan Hugh Auden<\/p>\n<p style=\"font-weight: 100;\">VISITA ESPERADA<\/p>\n<p style=\"font-weight: 100;\">Luego de lo ocurrido el 5 de enero en la capital de Sinaloa, con la captura de Ovidio \u201cG\u201d y que repercuti\u00f3 en todo el estado, muchos sinaloenses estuvieron a la expectativa si el presidente Andr\u00e9s Manuel L\u00f3pez Obrador vendr\u00eda de nuevo al estado.<\/p>\n<p style=\"font-weight: 100;\">Antes de este hecho hab\u00edan sido muy frecuentes las visitas del mandatario al estado, predominando Culiac\u00e1n y Mazatl\u00e1n los municipios m\u00e1s visitados en estas giras, la mayor parte en supervisi\u00f3n de obras y reuniones as\u00ed como encuentros privados.<\/p>\n<p style=\"font-weight: 100;\">Pero luego de lo ocurrido entre los usuarios de redes sociales como el Culiacanazo 2.0, muchos pensaron que una visita de nuevo de L\u00f3pez Obrador a Sinaloa, pues ya el gobernador del estado, en la conferencia Semanera dio a conocer que estar\u00e1 en marzo.<\/p>\n<p style=\"font-weight: 100;\">Rub\u00e9n Rocha Moya coment\u00f3 a los medios que acudieron a su conferencia que en el mandatario \u00a0tendr\u00e1 una gira de hasta dos d\u00edas en la que supervisar\u00e1 distintas obras en Sinaloa y s\u00ed, una de esas giras ser\u00e1 por el municipio de Badiraguato.<\/p>\n<p style=\"font-weight: 100;\">El gobernador enfatiz\u00f3 que la principal obra que se tendr\u00e1 en esto es inaugurar el puente de El Quelite que ya est\u00e1 en su proceso de conclusi\u00f3n y que devolver\u00e1 la vida al turismo rural de la zona aparte de reconectar de nuevo la M\u00e9xico 15, luego de m\u00e1s de un a\u00f1o de haberse derrumbado.<\/p>\n<p style=\"font-weight: 100;\">&#8220;Ya qued\u00f3 conmigo que cuando quede culminado el Puente El Quelite vendr\u00e1 a inaugurarlo. Viene a varias giras; el puente, la carretera Badiraguato- Guadalupe y Calvo, tambi\u00e9n la carretera Tayoltita y la supervisi\u00f3n de las presas e hidroel\u00e9ctricas&#8221;.<\/p>\n<p style=\"font-weight: 100;\">Luego del derrumbe ocurrido el a\u00f1o pasado con los soportes en la construcci\u00f3n del puente, la fecha de entrega se retras\u00f3 pues se esperaba que fuera a finales del 2022 o en los primeros d\u00edas del 2023 que se inaugurara la obra.<\/p>\n<p style=\"font-weight: 100;\">Pero ahora, el mandatario inform\u00f3 que con esos retrasos y la supervisi\u00f3n de la obra que se realiza as\u00ed como los trabajos de las empresas que est\u00e1n en la obra, se estima que la obra concluya para finales de este mes.<\/p>\n<p style=\"font-weight: 100;\">De no ser as\u00ed tendr\u00e1 que quedar en la primer semana de marzo y es as\u00ed cuando en teor\u00eda se defina la fecha para que el primer mandatario programe su visita al estado.<\/p>\n<p style=\"font-weight: 100;\">Se vienen cosas interesantes en este tema.<\/p>\n<p style=\"font-weight: 100;\">Pendientes con eso.<\/p>\n<p style=\"font-weight: 100;\">SALIDA<\/p>\n<p style=\"font-weight: 100;\">Tanto el gobernador de Sinaloa, Rub\u00e9n Rocha Moya como el alcalde de Culiac\u00e1n, Juan de Dios G\u00e1mez, celebraron en sus redes sociales que Culiac\u00e1n logr\u00f3 salir del ranking de las ciudades m\u00e1s violentas del mundo de este 2023 en un informe presentado este lunes por el Consejo Ciudadano para la Seguridad P\u00fablica y la Justicia Penal.<\/p>\n<p style=\"font-weight: 100;\">Este es un hecho importante ya que, de acuerdo con el informe, la violencia en M\u00e9xico sigue imparable pues de las 50 ciudades m\u00e1s violentas en el mundo en 2022, 17 se encuentran dentro de este ranking y siete de ellas mexicanas, acaparan del primero al octavo lugar.<\/p>\n<p style=\"font-weight: 100;\">En la lista que dio a conocer el Consejo Ciudadano para la Seguridad P\u00fablica y la Justicia Penal revela que la Rep\u00fablica mexicana se mantiene como el epicentro mundial de la violencia urbana, de acuerdo con el \u201cRanking 2022 de las 50 ciudades m\u00e1s violentas del mundo\u201d.<\/p>\n<p style=\"font-weight: 100;\">Ante este hecho, el gobernador del estado de Sinaloa, declar\u00f3 en su cuenta de Twitter, que la capital del estado ya no figuraba en esta lista de ciudades violentas a nivel mundial, lo cual calific\u00f3 como un sin\u00f3nimo de progreso, bienestar y turismo de negocios, d\u00e1ndole cr\u00e9dito a la coordinaci\u00f3n en el tema de seguridad.<\/p>\n<p style=\"font-weight: 100;\">A este respecto, el alcalde de Culiac\u00e1n calific\u00f3 esta salida de la &#8220;lista negra&#8221; como el resultado del trabajo coordinado entre los tres niveles de gobierno, y se comprometi\u00f3 a seguir trabajando pues la meta de su gobierno es convertir a Culiac\u00e1n en la capital del Bienestar.<\/p>\n<p style=\"font-weight: 100;\">De acuerdo con datos de la Fiscal\u00eda General del Estado de Sinaloa, la entidad cerr\u00f3 el a\u00f1o 2022 con un total de 498 cr\u00edmenes que acabaron con la vida de las personas. En esta cifra est\u00e1n incluidos los casos de homicidio doloso y de feminicidio.<\/p>\n<p style=\"font-weight: 100;\">Esto quiere decir que el promedio diario de estos delitos fue de 1,36 y represent\u00f3 una disminuci\u00f3n del 23,16% respecto a la estad\u00edstica de 2021. Adem\u00e1s, seg\u00fan la dependencia, la tasa de estos il\u00edcitos fue de 16,79 por cada 100 mil habitantes en Sinaloa.<\/p>\n<p style=\"font-weight: 100;\">Culiac\u00e1n, se encontraba en lugar n\u00famero 43 de este ranking publicado en el a\u00f1o 2021, con una tendencia a la baja que pronosticaba su salida.<\/p>\n<p style=\"font-weight: 100;\">SIN DEBERLA<\/p>\n<p style=\"font-weight: 100;\">El Ayuntamiento de Ahome har\u00e1 frente con formalidad y responsabilidad a la revisi\u00f3n que realiza la Auditor\u00eda Superior del EstadO, a la aplicaci\u00f3n de los recursos p\u00fablicos respecto al ejercicio 2022, manifest\u00f3 Gerardo Octavio Vargas Landeros.<\/p>\n<p style=\"font-weight: 100;\">El presidente municipal se\u00f1al\u00f3 que para ello solicit\u00f3 al secretario del Ayuntamiento Genaro Garc\u00eda Castro dar el seguimiento puntual para entregar en tiempo y forma la informaci\u00f3n que la auditor\u00eda solicite para su revisi\u00f3n.<\/p>\n<p style=\"font-weight: 100;\">En aras de la transparencia, Vargas Landeros enfatiz\u00f3 que tambi\u00e9n los funcionarios tendr\u00e1n que atender los requerimientos del organismo fiscalizador y en caso de no hacerlo tendr\u00e1n que salir de la administraci\u00f3n y enfrentar las responsabilidades que le atribuya la ASE.<\/p>\n<p style=\"font-weight: 100;\">Vargas Landeros se\u00f1al\u00f3 que este ejercicio de transparencia y rendici\u00f3n de cuentas es un proceso de los m\u00e1s normal en la administraci\u00f3n p\u00fablica del cual se encuentra tranquilo porque desde el d\u00eda uno de su administraci\u00f3n dej\u00f3 en claro que los recursos que la administraci\u00f3n a su cargo realice ser\u00e1 con total transparencia.<\/p>\n<p style=\"font-weight: 100;\">El 14 de febrero inici\u00f3 de manera formal la auditor\u00eda al a\u00f1o fiscal 2022 con la presentaci\u00f3n de los procesos y de los funcionarios de la ASE de forma virtual y que ser\u00e1 en esta misma semana cuando se d\u00e9 a conocer la fecha en la que acudir\u00e1n al Ayuntamiento de Ahome a realizar la revisi\u00f3n de manera presencial.<\/p>\n<p style=\"font-weight: 100;\">CUENTAS ALEGRES<\/p>\n<p style=\"font-weight: 100;\">Para el alcalde de Mazatl\u00e1n, \u00c9dgar Gonz\u00e1lez Zatarain el desarrollo del Carnaval Mazatl\u00e1n 2023 ha sido uno de los mejores en cuesti\u00f3n de Seguridad P\u00fablica ya que hasta el momento los eventos se han desarrollado con tranquilidad, registrando un saldo blanco.<\/p>\n<p style=\"font-weight: 100;\">El presidente, agradeci\u00f3 tanto a locales como turistas el buen comportamiento registrado hasta este lunes en todas las zonas de fiesta carnestolendas como Olas Altas, Avenida del Mar, Plazuela Machado y el estadio Teodoro Mariscal.<\/p>\n<p style=\"font-weight: 100;\">Resalt\u00f3 que este domingo fueron m\u00e1s de 400 mil personas las que acudieron a la avenida Del Mar a disfrutar del primer desfile de manera ordenada en su mayor\u00eda lo que promueve la buena imagen del puerto y fomenta la participaci\u00f3n de locales y turistas en la m\u00e1xima fiesta del puerto.<\/p>\n<p style=\"font-weight: 100;\">Gonz\u00e1lez Zatarain destac\u00f3 el arduo labor de los elementos de seguridad p\u00fablica municipal, estatal, y los diferentes corporaciones policiacas y cuerpos de auxilio que est\u00e1n colaborando en mantener el orden de las fiestas.<\/p>\n<p style=\"font-weight: 100;\">Ayer se celebr\u00f3 la coronaci\u00f3n de la reina infantil donde tambi\u00e9n se report\u00f3 sin incidentes el hecho, hoy el \u00faltimo desfile de Carnaval y cierra la fiesta en Olas Altas.<\/p>\n<p style=\"font-weight: 100;\">Ya estar\u00e1 pendiente el saldo que arroj\u00f3 el Carnaval en los pr\u00f3ximos d\u00edas.<\/p>\n<p style=\"font-weight: 100;\">LAS DEL ESTRIBO<\/p>\n<p style=\"font-weight: 100;\">CULIAC\u00c1N<\/p>\n<p style=\"font-weight: 100;\">El Parlamento Ling\u00fc\u00edstico que realizar\u00e1 el Congreso del Estado de Sinaloa este martes no solo es para escuchar todas las lenguas ind\u00edgenas que se hablan en Sinaloa, sino para promover la participaci\u00f3n de las comunidades y pueblos ind\u00edgenas en la soluci\u00f3n de sus problem\u00e1ticas, se\u00f1al\u00f3 el diputado Feliciano Castro Mel\u00e9ndrez.<\/p>\n<p style=\"font-weight: 100;\">El presidente de la Junta de Coordinaci\u00f3n Pol\u00edtica del Congreso agreg\u00f3 que adem\u00e1s de 20 lenguas que podr\u00e1n escucharse en este Parlamento Ling\u00fc\u00edstico, tambi\u00e9n se tendr\u00e1n exposiciones de vestuarios y danza, y la parte inicial ser\u00e1 la entonaci\u00f3n del Himno Nacional en la lengua mayo-yoreme por ni\u00f1os de la comunidad ind\u00edgena Playitas de Casillas, del municipio de Sinaloa.<\/p>\n<p style=\"font-weight: 100;\">El parlamento se da en el marco del D\u00eda Internacional de la Lengua Materna, que se celebra el 21 de febrero de cada a\u00f1o.<\/p>\n<p style=\"font-weight: 100;\">SALVADOR ALVARADO<\/p>\n<p style=\"font-weight: 100;\">El presidente municipal de Salvador Alvarado, Armando Camacho Aguilar, en su reciente visita a Ontario California, gestion\u00f3 un donativo de 3 mil 300 d\u00f3lares para restaurar los murales de la calle Ferrocarril, el cual fue entregado esta tarde al Instituto Municipal de Cultura para que puedan iniciar con los trabajos.<\/p>\n<p style=\"font-weight: 100;\">Fue en las instalaciones de la Casa de la Cultura, donde se hizo entrega de este recurso por parte de Fernando Hern\u00e1ndez, representante del asamble\u00edsta Juan Carrillo del sector 39 del estado de California y por Avelina Camacho, delegada del estado de California Sector 39.<\/p>\n<p style=\"font-weight: 100;\">EL FUERTE<\/p>\n<p style=\"font-weight: 100;\">La Asociaci\u00f3n Evoluciona-T, en coordinaci\u00f3n con Gobierno del Estado y Municipal, realiz\u00f3, este domingo 19 de febrero, la Segunda Edici\u00f3n de La Feria Evoluciona-T, la cual tiene como prop\u00f3sito, orientar vocacionalmente a la juventud y elijan de forma correcta su profesi\u00f3n. En representaci\u00f3n del alcalde Gildardo Leyva Ortega, acudi\u00f3 Dora Manzanares, Oficial Mayor del Ayuntamiento, tambi\u00e9n se cont\u00f3 con la presencia de Sa\u00fal Meza de ISJU y Amariles Flores, Titular de IMJU.<\/p>\n<p style=\"font-weight: 100;\">Expositores y universidades se dieron cita en este evento, para ampliar la perspectiva de los j\u00f3venes asistentes, mostrarles las posibilidades con las que cuentan para su desarrollo profesional y tomen la decisi\u00f3n correcta al momento de elegir su carrera universitaria.<\/p>\n<p style=\"font-weight: 100;\">CULIAC\u00c1N<\/p>\n<p style=\"font-weight: 100;\">Con el prop\u00f3sito de incentivar la participaci\u00f3n de las y los alumnos de sus planteles en la expresi\u00f3n de sus conocimientos, saberes, habilidades y destrezas formativas a trav\u00e9s de la sana competencia acad\u00e9mica, el Colegio de Estudios Cient\u00edficos y Tecnol\u00f3gicos de Sinaloa lanza la convocatoria para participar en el Festival Acad\u00e9mico Nacional 2023, el cual se conforma por etapas, Local, Estatal y Nacional, inform\u00f3 Emma Karina Mill\u00e1n Bueno, directora general de CECyTE Sinaloa.<\/p>\n<p style=\"font-weight: 100;\">Agreg\u00f3 que dicha convocatoria establece que podr\u00e1n participar las alumnas y alumnos de los planteles en las \u00e1reas del componente disciplinar en el nivel que corresponda en matem\u00e1ticas, ciencias experimentales, ciencias sociales, humanidades y comunicaci\u00f3n.<\/p>\n<p style=\"font-weight: 100;\"><a href=\"mailto:mlizarraga1@entreveredas.com.mx\">mlizarraga1@entreveredas.com.mx<\/a><\/p>\n<p style=\"font-weight: 100;\">Facebook, Instagram y Twitter:PeriodistaMarco<\/p>\n<p>&nbsp;<\/p>\n","protected":false},"excerpt":{"rendered":"<p>Entre Veredas Marco Antonio Liz\u00e1rraga \u201cEstamos en la tierra para ayudar a otros: para qu\u00e9 est\u00e1n los otros en la tierra no lo s\u00e9\u201d, Wystan Hugh Auden VISITA ESPERADA Luego de lo ocurrido el 5 de enero en la capital de Sinaloa, con la captura de Ovidio \u201cG\u201d y que repercuti\u00f3 en todo el estado, muchos sinaloenses estuvieron a la expectativa si el presidente Andr\u00e9s Manuel L\u00f3pez Obrador vendr\u00eda de nuevo al estado. Antes de este hecho hab\u00edan sido muy frecuentes las visitas del mandatario al estado, predominando Culiac\u00e1n y Mazatl\u00e1n los municipios m\u00e1s visitados en estas giras, la mayor [&hellip;]<\/p>\n","protected":false},"author":3,"featured_media":34927,"comment_status":"open","ping_status":"open","sticky":false,"template":"","format":"standard","meta":{"_jetpack_newsletter_access":"","_jetpack_dont_email_post_to_subs":false,"_jetpack_newsletter_tier_id":0,"_jetpack_memberships_contains_paywalled_content":false,"_jetpack_feature_clip_id":0,"_jetpack_memberships_contains_paid_content":false,"footnotes":"","jetpack_publicize_message":"","jetpack_publicize_feature_enabled":true,"jetpack_social_post_already_shared":true,"jetpack_social_options":{"image_generator_settings":{"template":"highway","default_image_id":0,"font":"","enabled":false},"version":2},"jetpack_post_was_ever_published":false},"categories":[79],"tags":[],"class_list":["post-69083","post","type-post","status-publish","format-standard","has-post-thumbnail","hentry","category-columnistas-nacionales","post--single"],"jetpack_publicize_connections":[],"jetpack_featured_media_url":"https:\/\/ovelanalista.com\/wp-content\/uploads\/2022\/05\/ENTRE-VEREDASpng.png","jetpack_sharing_enabled":true,"_links":{"self":[{"href":"https:\/\/ovelanalista.com\/index.php?rest_route=\/wp\/v2\/posts\/69083","targetHints":{"allow":["GET"]}}],"collection":[{"href":"https:\/\/ovelanalista.com\/index.php?rest_route=\/wp\/v2\/posts"}],"about":[{"href":"https:\/\/ovelanalista.com\/index.php?rest_route=\/wp\/v2\/types\/post"}],"author":[{"embeddable":true,"href":"https:\/\/ovelanalista.com\/index.php?rest_route=\/wp\/v2\/users\/3"}],"replies":[{"embeddable":true,"href":"https:\/\/ovelanalista.com\/index.php?rest_route=%2Fwp%2Fv2%2Fcomments&post=69083"}],"version-history":[{"count":1,"href":"https:\/\/ovelanalista.com\/index.php?rest_route=\/wp\/v2\/posts\/69083\/revisions"}],"predecessor-version":[{"id":69084,"href":"https:\/\/ovelanalista.com\/index.php?rest_route=\/wp\/v2\/posts\/69083\/revisions\/69084"}],"wp:featuredmedia":[{"embeddable":true,"href":"https:\/\/ovelanalista.com\/index.php?rest_route=\/wp\/v2\/media\/34927"}],"wp:attachment":[{"href":"https:\/\/ovelanalista.com\/index.php?rest_route=%2Fwp%2Fv2%2Fmedia&parent=69083"}],"wp:term":[{"taxonomy":"category","embeddable":true,"href":"https:\/\/ovelanalista.com\/index.php?rest_route=%2Fwp%2Fv2%2Fcategories&post=69083"},{"taxonomy":"post_tag","embeddable":true,"href":"https:\/\/ovelanalista.com\/index.php?rest_route=%2Fwp%2Fv2%2Ftags&post=69083"}],"curies":[{"name":"wp","href":"https:\/\/api.w.org\/{rel}","templated":true}]}}