{"id":69085,"date":"2023-02-21T09:20:20","date_gmt":"2023-02-21T16:20:20","guid":{"rendered":"https:\/\/ovelanalista.com\/?p=69085"},"modified":"2023-02-21T08:46:30","modified_gmt":"2023-02-21T15:46:30","slug":"si-lo-dije-desde-2017-amlo-matara-al-ine","status":"publish","type":"post","link":"https:\/\/ovelanalista.com\/?p=69085","title":{"rendered":"\u00a1S\u00ed, lo dije desde 2017: AMLO matar\u00e1 al INE!"},"content":{"rendered":"<p data-t=\"{&quot;n&quot;:&quot;blueLinks&quot;}\">La entrega del Itinerario Pol\u00edtico de ayer enojo a no pocos ciudadanos \u2013de distintas disciplinas&#8211;, quienes insistieron en que antes, durante y despu\u00e9s de la victoria de L\u00f3pez Obrador \u2013en julio de 2018&#8211;, era imposible saber que acabar\u00eda con el INE y con la democracia.<\/p>\n<div class=\"article-image-container   \" data-t=\"{&quot;n&quot;:&quot;OpenModal&quot;,&quot;t&quot;:13}\">\n<p data-t=\"{&quot;n&quot;:&quot;blueLinks&quot;}\">\u201c\u00a1Nadie lo dijo, es falso que se pudiera saber que Obrador matar\u00eda al INE y acabar\u00eda como dictador!\u201d, escribi\u00f3 un lector a manera de reproche.<\/p>\n<div class=\"intra-article-module intra-article-ad-half\" data-t=\"{&quot;n&quot;:&quot;intraArticle&quot;,&quot;t&quot;:13}\">\n<div class=\"native-ad-container native-ad-half \">\n<div id=\"adnxs-32d99e6be9cd42f28f64\" class=\"\">\n<div class=\"content\">\n<p data-t=\"{&quot;n&quot;:&quot;blueLinks&quot;}\">Lo cierto es que s\u00f3lo era necesario ver con ojo cr\u00edtico el desempe\u00f1o de AMLO durante su gesti\u00f3n como jefe de gobierno del DF; analizar los v\u00ednculos criminales que lo rodearon desde aquel tiempo pero, sobre todo, entender el origen del autoritarismo mostrado en la construcci\u00f3n de Morena, para saber que terminar\u00eda convertido en dictador.<\/p>\n<p data-t=\"{&quot;n&quot;:&quot;blueLinks&quot;}\">Y es que el L\u00f3pez Obrador de hoy \u2013que destruye al INE para robar la elecci\u00f3n del 2024&#8211;, es el mismo de siempre: farsante, mentiroso, pendenciero, impostor, vengativo, criminal y, sobre todo, un pol\u00edtico carente de la m\u00e1s elemental cultura democr\u00e1tica.<\/p>\n<p class=\"continue-read-break\" data-t=\"{&quot;n&quot;:&quot;blueLinks&quot;}\">S\u00ed, el L\u00f3pez que traicion\u00f3 a C\u00e1rdenas para ser l\u00edder del PRD; el mismo que pact\u00f3 con Zedillo a espaldas del PRD; el que traicion\u00f3 a Rosario Robles y a \u201cLos Chuchos\u201d; el que negoci\u00f3 con el crimen organizado desde el gobierno del DF; el que financi\u00f3 con dinero del \u201cnarco\u201d a su partido, Morena; el mismo que engatus\u00f3 a millones de ciudadanos y el impostor que traicion\u00f3 todo lo que prometi\u00f3 y a todos quienes confiaron en \u00e9l.<\/p>\n<p class=\"\" data-t=\"{&quot;n&quot;:&quot;blueLinks&quot;}\">Por eso resulta rid\u00edculo y ofende la sabidur\u00eda popular que a\u00fan hoy existan mexicanos que se llamen a sorpresa frente a los dislates, desprop\u00f3sitos y mentiras que han convertido al mandatario mexicano en el mayor peligro para M\u00e9xico y para los mexicanos.<\/p>\n<p class=\"\" data-t=\"{&quot;n&quot;:&quot;blueLinks&quot;}\">Lo cierto es que no se enteraron quien era L\u00f3pez, s\u00f3lo aquellos que cerraron los ojos y que cancelaron la capacidad elemental de ver.<\/p>\n<p class=\"\" data-t=\"{&quot;n&quot;:&quot;blueLinks&quot;}\">Por eso aqu\u00ed un breve esbozo del Obrador que dibuj\u00e9 desde el 31 de julio, en el Itinerario Pol\u00edtico titulado: \u201c\u00a1Gracias dictador Maduro!\u201d.<\/p>\n<p class=\"\" data-t=\"{&quot;n&quot;:&quot;blueLinks&quot;}\">En esa ocasi\u00f3n dije que el fraudulento proceso electoral que orquest\u00f3 en Venezuela el dictador Nicol\u00e1s Maduro, era una advertencia de lo que pod\u00eda ocurrir en M\u00e9xico durante un potencial gobierno de AMLO.<\/p>\n<p class=\"\" data-t=\"{&quot;n&quot;:&quot;blueLinks&quot;}\">Es decir, que en un gobierno de AMLO ser\u00eda muy grande la tentaci\u00f3n de controlar por completo las elecciones y, con ello, acabar con la democracia.<\/p>\n<p class=\"\" data-t=\"{&quot;n&quot;:&quot;blueLinks&quot;}\">Volv\u00ed al tema el 26 de noviembre del mismo 2017, con el Itinerario Pol\u00edtico titulado: \u201cConfesiones de un dictador\u201d, en donde detall\u00e9 el programa de gobierno de AMLO y llegue a la siguiente conclusi\u00f3n: \u201cSe trata de una propuesta imposible de cumplir, sobre todo en materia pol\u00edtica, de seguridad, econ\u00f3mica y de salud\u201d. (Fin de la cita)<\/p>\n<p class=\"\" data-t=\"{&quot;n&quot;:&quot;blueLinks&quot;}\">Pero explique que \u201cno parec\u00eda realista\u201d ver a un eventual presidente Obrador, sometido a los contrapesos y, sobre todo, respetando la Divisi\u00f3n de Poderes y \u00f3rganos aut\u00f3nomos como el INE y el Tribunal Electoral.<\/p>\n<p class=\"\" data-t=\"{&quot;n&quot;:&quot;blueLinks&quot;}\">Meses despu\u00e9s, el 9 de marzo de 2018 volv\u00ed al tema para cuestionar los afanes reeleccionistas \u201cdel candidato Obrador\u201d, en el Itinerario Pol\u00edtico titulado: \u201c\u00bfEs cre\u00edble la no reelecci\u00f3n de AMLO?\u201d.<\/p>\n<p class=\"\" data-t=\"{&quot;n&quot;:&quot;blueLinks&quot;}\">Document\u00e9 que en las \u00faltimas tres d\u00e9cadas, todos los s\u00e1trapas del centro y sur del continente prometieron que no se reelegir\u00edan y, en todos los caso, todos mintieron y se reeligieron<\/p>\n<p class=\"\" data-t=\"{&quot;n&quot;:&quot;blueLinks&quot;}\">Y por eso pregunt\u00e9: \u201c\u00bfPor qu\u00e9 ser\u00eda distinto AMLO, una vez en el poder presidencial?\u201d.<\/p>\n<p class=\"\" data-t=\"{&quot;n&quot;:&quot;blueLinks&quot;}\">El 4 de mayo de 2018, en el Itinerario Pol\u00edtico titulado: \u201c\u00a1La dictadura ya est\u00e1 aqu\u00ed!\u201d, dije que uno de los objetivos del entonces candidato AMLO, una vez convertido en presidente, ser\u00eda destruir al INE.<\/p>\n<p class=\"\" data-t=\"{&quot;n&quot;:&quot;blueLinks&quot;}\">\u201c\u00bfPor qu\u00e9?\u201d, pregunt\u00e9 en aquella ocasi\u00f3n: \u201cPorque su talante pol\u00edtico es profundamente antidemocr\u00e1tico\u201d, respond\u00ed.<\/p>\n<p class=\"\" data-t=\"{&quot;n&quot;:&quot;blueLinks&quot;}\">Ya convertido en presidente electo, el Itinerario Pol\u00edtico del 29 de octubre llev\u00f3 el siguiente t\u00edtulo: \u201cGolpe motal: \u00bfY los 30 millones?\u201d.<\/p>\n<p class=\"\" data-t=\"{&quot;n&quot;:&quot;blueLinks&quot;}\">En esa ocasi\u00f3n dije que el verdadero mensaje de la cancelaci\u00f3n del NAIM \u201ces que el gobierno de L\u00f3pez va derecho y no se para; va con todo contra todos aquellos que se pongan en su camino, sin importar el pa\u00eds, sin importar la econom\u00eda, sin importar la democracia, sin importar los ciudadanos; lo que le importa al nuevo presidente es pasar a la historia, as\u00ed sea mediante decisiones demenciales, propias de un aspirante a dictador\u201d. (Fin de la cita)<\/p>\n<p class=\"\" data-t=\"{&quot;n&quot;:&quot;blueLinks&quot;}\">Meses despu\u00e9s, el 13 de abril de 2019, ya convertido en presidente constitucuonal, Obrador dijo que concluido el proceso electoral de abril de 2019, enviar\u00eda reformas para modificar al INE como hoy lo conocemos.<\/p>\n<p class=\"\" data-t=\"{&quot;n&quot;:&quot;blueLinks&quot;}\">Por eso volv\u00ed al tema el 19 de junio de 2019, con el Itinerario Pol\u00edtico titulado: \u201cAMLO busca matar al INE y matar la democracia\u201d. As\u00ed lo expliqu\u00e9: \u201cDurante meses, en este y otros espacios lo advertimos; La intenci\u00f3n del candidato y luego presidente Obrador es instaurar una dictadura que empezar\u00e1 con el regreso de la reelecci\u00f3n presidencial.<\/p>\n<p class=\"\" data-t=\"{&quot;n&quot;:&quot;blueLinks&quot;}\">\u201cY para lograr ese objetivo, Morena y L\u00f3pez planean la destrucci\u00f3n de todo el sistema electoral que se construy\u00f3 entre 1996 y 1997 y que hizo posible la alternancia en elecciones como las de1997 y del a\u00f1o 2000.<\/p>\n<p class=\"\" data-t=\"{&quot;n&quot;:&quot;blueLinks&quot;}\">Luego pregunt\u00e9: \u201c\u00bfY por qu\u00e9 Obrador atenta contra la democracia toda; contra el INE, contra la certeza, la equidad, la transparencia y certidumbre de los procesos electorales?<\/p>\n<p class=\"\" data-t=\"{&quot;n&quot;:&quot;blueLinks&quot;}\">\u201cPorque el primer paso de L\u00f3pez Obrador para matar la democracia mexicana ser\u00e1 precisamente matar todo el sistema electoral \u2013como hoy lo conocemos\u2013, para luego regresar a los viejos tiempos en donde el PRI era capaz de mangonear las elecciones; tiempos en los que no se mov\u00eda la hoja del \u00e1rbol del Estado sin la voluntad presidencial.<\/p>\n<p class=\"\" data-t=\"{&quot;n&quot;:&quot;blueLinks&quot;}\">\u201cEn pocas palabras, Obrador y su claque preparan el mayor magnicidio que se haya conocido en M\u00e9xico; la muerte de la democracia toda. (Fin de la cita)<\/p>\n<p class=\"\" data-t=\"{&quot;n&quot;:&quot;blueLinks&quot;}\">\u00bfEstaba o no a la vista de todos la pulsi\u00f3n autoritaria y dictatorial de AMLO?<\/p>\n<p class=\"\" data-t=\"{&quot;n&quot;:&quot;blueLinks&quot;}\">S\u00ed, una tara ideol\u00f3gica que lo llevar\u00e1 a la historia como el dictador que fue capaz de acabar con la democracia mexicana.<\/p>\n<\/div>\n<p data-t=\"{&quot;n&quot;:&quot;blueLinks&quot;}\">Con informaci\u00f3n de El Debate<\/p>\n<div><\/div>\n<\/div>\n<\/div>\n<\/div>\n<\/div>\n","protected":false},"excerpt":{"rendered":"<p>La entrega del Itinerario Pol\u00edtico de ayer enojo a no pocos ciudadanos \u2013de distintas disciplinas&#8211;, quienes insistieron en que antes, durante y despu\u00e9s de la victoria de L\u00f3pez Obrador \u2013en julio de 2018&#8211;, era imposible saber que acabar\u00eda con el INE y con la democracia. \u201c\u00a1Nadie lo dijo, es falso que se pudiera saber que Obrador matar\u00eda al INE y acabar\u00eda como dictador!\u201d, escribi\u00f3 un lector a manera de reproche. Lo cierto es que s\u00f3lo era necesario ver con ojo cr\u00edtico el desempe\u00f1o de AMLO durante su gesti\u00f3n como jefe de gobierno del DF; analizar los v\u00ednculos criminales que lo [&hellip;]<\/p>\n","protected":false},"author":3,"featured_media":69067,"comment_status":"open","ping_status":"open","sticky":false,"template":"","format":"standard","meta":{"_jetpack_newsletter_access":"","_jetpack_dont_email_post_to_subs":false,"_jetpack_newsletter_tier_id":0,"_jetpack_memberships_contains_paywalled_content":false,"_jetpack_feature_clip_id":0,"_jetpack_memberships_contains_paid_content":false,"footnotes":"","jetpack_publicize_message":"","jetpack_publicize_feature_enabled":true,"jetpack_social_post_already_shared":true,"jetpack_social_options":{"image_generator_settings":{"template":"highway","default_image_id":0,"font":"","enabled":false},"version":2},"jetpack_post_was_ever_published":false},"categories":[75,72],"tags":[],"class_list":["post-69085","post","type-post","status-publish","format-standard","has-post-thumbnail","hentry","category-nacional","category-portada","post--single"],"jetpack_publicize_connections":[],"jetpack_featured_media_url":"https:\/\/ovelanalista.com\/wp-content\/uploads\/2023\/02\/AMLO-18.jpeg","jetpack_sharing_enabled":true,"_links":{"self":[{"href":"https:\/\/ovelanalista.com\/index.php?rest_route=\/wp\/v2\/posts\/69085","targetHints":{"allow":["GET"]}}],"collection":[{"href":"https:\/\/ovelanalista.com\/index.php?rest_route=\/wp\/v2\/posts"}],"about":[{"href":"https:\/\/ovelanalista.com\/index.php?rest_route=\/wp\/v2\/types\/post"}],"author":[{"embeddable":true,"href":"https:\/\/ovelanalista.com\/index.php?rest_route=\/wp\/v2\/users\/3"}],"replies":[{"embeddable":true,"href":"https:\/\/ovelanalista.com\/index.php?rest_route=%2Fwp%2Fv2%2Fcomments&post=69085"}],"version-history":[{"count":1,"href":"https:\/\/ovelanalista.com\/index.php?rest_route=\/wp\/v2\/posts\/69085\/revisions"}],"predecessor-version":[{"id":69086,"href":"https:\/\/ovelanalista.com\/index.php?rest_route=\/wp\/v2\/posts\/69085\/revisions\/69086"}],"wp:featuredmedia":[{"embeddable":true,"href":"https:\/\/ovelanalista.com\/index.php?rest_route=\/wp\/v2\/media\/69067"}],"wp:attachment":[{"href":"https:\/\/ovelanalista.com\/index.php?rest_route=%2Fwp%2Fv2%2Fmedia&parent=69085"}],"wp:term":[{"taxonomy":"category","embeddable":true,"href":"https:\/\/ovelanalista.com\/index.php?rest_route=%2Fwp%2Fv2%2Fcategories&post=69085"},{"taxonomy":"post_tag","embeddable":true,"href":"https:\/\/ovelanalista.com\/index.php?rest_route=%2Fwp%2Fv2%2Ftags&post=69085"}],"curies":[{"name":"wp","href":"https:\/\/api.w.org\/{rel}","templated":true}]}}