{"id":69087,"date":"2023-02-21T09:30:55","date_gmt":"2023-02-21T16:30:55","guid":{"rendered":"https:\/\/ovelanalista.com\/?p=69087"},"modified":"2023-02-21T08:49:56","modified_gmt":"2023-02-21T15:49:56","slug":"le-fallo-photoshop-alcaldesa-de-morena-sube-foto-mal-editada-y-desata-memes","status":"publish","type":"post","link":"https:\/\/ovelanalista.com\/?p=69087","title":{"rendered":"\u00bfLe fall\u00f3 Photoshop? Alcaldesa de Morena sube FOTO mal editada y desata MEMES"},"content":{"rendered":"<p data-t=\"{&quot;n&quot;:&quot;blueLinks&quot;}\">Adobe Photoshop es uno de los editores de fotograf\u00edas desarrollado por Adobe Systems Incorporated m\u00e1s populares, por los retoques y gr\u00e1ficos que se pueden usar, queque crea hermosas ilustraciones, pero, internautas creen que a una mujer pol\u00edtica de\u00a0<strong>Morena\u00a0<\/strong>le fall\u00f3 su edici\u00f3n, puesto que la\u00a0<strong>alcaldesa de Minatitl\u00e1n, Veracruz<\/strong>, en una\u00a0<strong>fotograf\u00eda aparec\u00eda con sus pies flotando<\/strong>, lo cual gener\u00f3 lluvia de\u00a0<strong>memes<\/strong>.<\/p>\n<div class=\"article-image-slot\" data-image-href=\"https:\/\/www.msn.com\/es-mx\/noticias\/mundo\/le-fall%C3%B3-photoshop-alcaldesa-de-morena-sube-foto-mal-editada-y-desata-memes\/ar-AA17J1I8?ocid=hpmsn&amp;cvid=2d5b2e93216a41da94270c7f8cd5f420&amp;fullscreen=true#image=1\" data-doc-id=\"cms\/api\/amp\/image\/AA17JwIt\" data-rendered=\"true\">\n<div class=\"article-image-container   \" data-t=\"{&quot;n&quot;:&quot;OpenModal&quot;,&quot;t&quot;:13}\">\n<p data-t=\"{&quot;n&quot;:&quot;blueLinks&quot;}\">Ante el presunto montaje en el que se vio a la alcaldesa del partido pol\u00edtico Movimiento Regeneraci\u00f3n Nacional, (Morena), empezaron usuarios de internet, a asegurar de que no estaba presente en la obra, como aparec\u00eda de fondo, sin embargo, la\u00a0<strong>funcionaria mexicana<\/strong>,<strong>\u00a0Carmen Medel Palma,<\/strong>\u00a0en im\u00e1genes comprob\u00f3 que asisti\u00f3 a la obra.<\/p>\n<p data-t=\"{&quot;n&quot;:&quot;blueLinks&quot;}\"><strong>Las cr\u00edticas, pol\u00e9mica y los mejores memes<\/strong>, se desataron a partir en una fotograf\u00eda la alcaldesa de Minatitl\u00e1n, de 62 a\u00f1os, apareci\u00f3 supervisando una obra, pero se volvi\u00f3 viral porque sus tenis color blancos, no lograron tocar la tierra, por lo cual empezaron a decir que<strong>\u00a0editaron mal la imagen.<\/strong><\/p>\n<p data-t=\"{&quot;n&quot;:&quot;blueLinks&quot;}\">La\u00a0<a tabindex=\"0\" href=\"https:\/\/www.debate.com.mx\/viral\/Ya-caducaron-Predicciones-del-Apocalipsis-que-NO-se-han-cumplido-20230220-0300.html\" target=\"_blank\" rel=\"noopener\" data-t=\"{&quot;n&quot;:&quot;destination&quot;,&quot;t&quot;:13,&quot;b&quot;:1,&quot;c.t&quot;:7}\">fotograf\u00eda<\/a>\u00a0que en un principio fue publicada en Facebook del Ayuntamiento, al empezar a recibir los memes, decidieron borrar el post, pero posteriormente lo subieron de nuevo, ante ello,\u00a0<strong>te presentamos las reacciones de internautas.<\/strong><\/p>\n<div class=\"article-clear-div\"><\/div>\n<div class=\"article-image-slot\" data-image-href=\"https:\/\/www.msn.com\/es-mx\/noticias\/mundo\/le-fall%C3%B3-photoshop-alcaldesa-de-morena-sube-foto-mal-editada-y-desata-memes\/ar-AA17J1I8?ocid=hpmsn&amp;cvid=2d5b2e93216a41da94270c7f8cd5f420&amp;fullscreen=true#image=2\" data-doc-id=\"cms\/api\/amp\/image\/AA17JwIw\" data-rendered=\"true\">\n<div class=\"article-image-container   \" data-t=\"{&quot;n&quot;:&quot;OpenModal&quot;,&quot;t&quot;:13}\">\n<div style=\"width: 656px\" class=\"wp-caption aligncenter\"><a class=\"article-image-height-wrapper\" href=\"https:\/\/www.msn.com\/es-mx\/noticias\/mundo\/le-fall%C3%B3-photoshop-alcaldesa-de-morena-sube-foto-mal-editada-y-desata-memes\/ar-AA17J1I8?ocid=hpmsn&amp;cvid=2d5b2e93216a41da94270c7f8cd5f420&amp;fullscreen=true#image=2\" data-t=\"{&quot;n&quot;:&quot;destination&quot;,&quot;t&quot;:14,&quot;b&quot;:1,&quot;c.t&quot;:14}\"><img loading=\"lazy\" decoding=\"async\" class=\"article-image \" tabindex=\"0\" title=\"\u00bfLe fall\u00f3 Photoshop? Alcaldesa de Morena sube FOTO mal editada y desata MEMES\" src=\"https:\/\/img-s-msn-com.akamaized.net\/tenant\/amp\/entityid\/AA17JwIw.img?w=451&amp;h=371&amp;m=6\" alt=\"\u00bfLe fall\u00f3 Photoshop? Alcaldesa de Morena sube FOTO mal editada y desata MEMES\" width=\"646\" height=\"531\" \/><\/a><p class=\"wp-caption-text\">\u00bfLe fall\u00f3 Photoshop? Alcaldesa de Morena sube FOTO mal editada y desata MEMES\u00a9\u00a0Proporcionado por Debate.com.mx<\/p><\/div>\n<div class=\"image-caption-container   content-small-text \">\n<div class=\"article-image-slot\" data-image-href=\"https:\/\/www.msn.com\/es-mx\/noticias\/mundo\/le-fall%C3%B3-photoshop-alcaldesa-de-morena-sube-foto-mal-editada-y-desata-memes\/ar-AA17J1I8?ocid=hpmsn&amp;cvid=2d5b2e93216a41da94270c7f8cd5f420&amp;fullscreen=true#image=3\" data-doc-id=\"cms\/api\/amp\/image\/AA17JlIV\" data-rendered=\"true\">\n<div class=\"article-image-container   \" data-t=\"{&quot;n&quot;:&quot;OpenModal&quot;,&quot;t&quot;:13}\"><a class=\"article-image-height-wrapper\" href=\"https:\/\/www.msn.com\/es-mx\/noticias\/mundo\/le-fall%C3%B3-photoshop-alcaldesa-de-morena-sube-foto-mal-editada-y-desata-memes\/ar-AA17J1I8?ocid=hpmsn&amp;cvid=2d5b2e93216a41da94270c7f8cd5f420&amp;fullscreen=true#image=3\" target=\"_self\" data-t=\"{&quot;n&quot;:&quot;destination&quot;,&quot;t&quot;:14,&quot;b&quot;:1,&quot;c.t&quot;:14}\" rel=\"noopener\"><img decoding=\"async\" class=\"article-image \" tabindex=\"0\" title=\"\u00bfLe fall\u00f3 Photoshop? Alcaldesa de Morena sube FOTO mal editada y desata MEMES\" src=\"https:\/\/img-s-msn-com.akamaized.net\/tenant\/amp\/entityid\/AA17JlIV.img?w=436&amp;h=523&amp;m=6\" alt=\"\u00bfLe fall\u00f3 Photoshop? Alcaldesa de Morena sube FOTO mal editada y desata MEMES\" \/><\/a><\/p>\n<div class=\"image-caption-container   content-small-text \"><span class=\"image-caption\">\u00bfLe fall\u00f3 Photoshop? Alcaldesa de Morena sube FOTO mal editada y desata MEMES<\/span><span class=\"image-attribution \">\u00a9\u00a0Proporcionado por Debate.com.mx<\/span><\/div>\n<\/div>\n<\/div>\n<div class=\"article-image-slot\" data-image-href=\"https:\/\/www.msn.com\/es-mx\/noticias\/mundo\/le-fall%C3%B3-photoshop-alcaldesa-de-morena-sube-foto-mal-editada-y-desata-memes\/ar-AA17J1I8?ocid=hpmsn&amp;cvid=2d5b2e93216a41da94270c7f8cd5f420&amp;fullscreen=true#image=4\" data-doc-id=\"cms\/api\/amp\/image\/AA17JyZ6\" data-rendered=\"true\">\n<div class=\"article-image-container   \" data-t=\"{&quot;n&quot;:&quot;OpenModal&quot;,&quot;t&quot;:13}\">\n<div style=\"width: 651px\" class=\"wp-caption aligncenter\"><a class=\"article-image-height-wrapper\" href=\"https:\/\/www.msn.com\/es-mx\/noticias\/mundo\/le-fall%C3%B3-photoshop-alcaldesa-de-morena-sube-foto-mal-editada-y-desata-memes\/ar-AA17J1I8?ocid=hpmsn&amp;cvid=2d5b2e93216a41da94270c7f8cd5f420&amp;fullscreen=true#image=4\" data-t=\"{&quot;n&quot;:&quot;destination&quot;,&quot;t&quot;:14,&quot;b&quot;:1,&quot;c.t&quot;:14}\"><img loading=\"lazy\" decoding=\"async\" class=\"article-image \" tabindex=\"0\" title=\"\u00bfLe fall\u00f3 Photoshop? Alcaldesa de Morena sube FOTO mal editada y desata MEMES\" src=\"https:\/\/img-s-msn-com.akamaized.net\/tenant\/amp\/entityid\/AA17JyZ6.img?w=454&amp;h=356&amp;m=6\" alt=\"\u00bfLe fall\u00f3 Photoshop? Alcaldesa de Morena sube FOTO mal editada y desata MEMES\" width=\"641\" height=\"503\" \/><\/a><p class=\"wp-caption-text\">\u00bfLe fall\u00f3 Photoshop? Alcaldesa de Morena sube FOTO mal editada y desata MEMES\u00a9\u00a0Proporcionado por Debate.com.mx<\/p><\/div>\n<div class=\"image-caption-container   content-small-text \"><\/div>\n<\/div>\n<\/div>\n<div class=\"article-image-slot\" data-image-href=\"https:\/\/www.msn.com\/es-mx\/noticias\/mundo\/le-fall%C3%B3-photoshop-alcaldesa-de-morena-sube-foto-mal-editada-y-desata-memes\/ar-AA17J1I8?ocid=hpmsn&amp;cvid=2d5b2e93216a41da94270c7f8cd5f420&amp;fullscreen=true#image=5\" data-doc-id=\"cms\/api\/amp\/image\/AA17JlIX\" data-rendered=\"true\">\n<div class=\"article-image-container   \" data-t=\"{&quot;n&quot;:&quot;OpenModal&quot;,&quot;t&quot;:13}\">\n<div style=\"width: 658px\" class=\"wp-caption aligncenter\"><a class=\"article-image-height-wrapper\" href=\"https:\/\/www.msn.com\/es-mx\/noticias\/mundo\/le-fall%C3%B3-photoshop-alcaldesa-de-morena-sube-foto-mal-editada-y-desata-memes\/ar-AA17J1I8?ocid=hpmsn&amp;cvid=2d5b2e93216a41da94270c7f8cd5f420&amp;fullscreen=true#image=5\" data-t=\"{&quot;n&quot;:&quot;destination&quot;,&quot;t&quot;:14,&quot;b&quot;:1,&quot;c.t&quot;:14}\"><img loading=\"lazy\" decoding=\"async\" class=\"article-image \" tabindex=\"0\" title=\"\u00bfLe fall\u00f3 Photoshop? Alcaldesa de Morena sube FOTO mal editada y desata MEMES\" src=\"https:\/\/img-s-msn-com.akamaized.net\/tenant\/amp\/entityid\/AA17JlIX.img?w=527&amp;h=650&amp;m=6\" alt=\"\u00bfLe fall\u00f3 Photoshop? Alcaldesa de Morena sube FOTO mal editada y desata MEMES\" width=\"648\" height=\"799\" \/><\/a><p class=\"wp-caption-text\">\u00bfLe fall\u00f3 Photoshop? Alcaldesa de Morena sube FOTO mal editada y desata MEMES\u00a9\u00a0Proporcionado por Debate.com.mx<\/p><\/div>\n<div class=\"image-caption-container   content-small-text \"><\/div>\n<\/div>\n<\/div>\n<div class=\"article-image-slot\" data-image-href=\"https:\/\/www.msn.com\/es-mx\/noticias\/mundo\/le-fall%C3%B3-photoshop-alcaldesa-de-morena-sube-foto-mal-editada-y-desata-memes\/ar-AA17J1I8?ocid=hpmsn&amp;cvid=2d5b2e93216a41da94270c7f8cd5f420&amp;fullscreen=true#image=6\" data-doc-id=\"cms\/api\/amp\/image\/AA17JDcZ\" data-rendered=\"true\">\n<div class=\"article-image-container   \" data-t=\"{&quot;n&quot;:&quot;OpenModal&quot;,&quot;t&quot;:13}\">\n<div style=\"width: 591px\" class=\"wp-caption aligncenter\"><a class=\"article-image-height-wrapper\" href=\"https:\/\/www.msn.com\/es-mx\/noticias\/mundo\/le-fall%C3%B3-photoshop-alcaldesa-de-morena-sube-foto-mal-editada-y-desata-memes\/ar-AA17J1I8?ocid=hpmsn&amp;cvid=2d5b2e93216a41da94270c7f8cd5f420&amp;fullscreen=true#image=6\" data-t=\"{&quot;n&quot;:&quot;destination&quot;,&quot;t&quot;:14,&quot;b&quot;:1,&quot;c.t&quot;:14}\"><img loading=\"lazy\" decoding=\"async\" class=\"article-image \" tabindex=\"0\" title=\"\u00bfLe fall\u00f3 Photoshop? Alcaldesa de Morena sube FOTO mal editada y desata MEMES\" src=\"https:\/\/img-s-msn-com.akamaized.net\/tenant\/amp\/entityid\/AA17JDcZ.img?w=399&amp;h=620&amp;m=6\" alt=\"\u00bfLe fall\u00f3 Photoshop? Alcaldesa de Morena sube FOTO mal editada y desata MEMES\" width=\"581\" height=\"903\" \/><\/a><p class=\"wp-caption-text\">\u00bfLe fall\u00f3 Photoshop? Alcaldesa de Morena sube FOTO mal editada y desata MEMES\u00a9\u00a0Proporcionado por Debate.com.mx<\/p><\/div>\n<div class=\"image-caption-container   content-small-text \"><\/div>\n<\/div>\n<\/div>\n<div class=\"article-image-slot\" data-image-href=\"https:\/\/www.msn.com\/es-mx\/noticias\/mundo\/le-fall%C3%B3-photoshop-alcaldesa-de-morena-sube-foto-mal-editada-y-desata-memes\/ar-AA17J1I8?ocid=hpmsn&amp;cvid=2d5b2e93216a41da94270c7f8cd5f420&amp;fullscreen=true#image=7\" data-doc-id=\"cms\/api\/amp\/image\/AA17JwIC\" data-rendered=\"true\">\n<div class=\"article-image-container   \" data-t=\"{&quot;n&quot;:&quot;OpenModal&quot;,&quot;t&quot;:13}\">\n<div style=\"width: 616px\" class=\"wp-caption aligncenter\"><a class=\"article-image-height-wrapper\" href=\"https:\/\/www.msn.com\/es-mx\/noticias\/mundo\/le-fall%C3%B3-photoshop-alcaldesa-de-morena-sube-foto-mal-editada-y-desata-memes\/ar-AA17J1I8?ocid=hpmsn&amp;cvid=2d5b2e93216a41da94270c7f8cd5f420&amp;fullscreen=true#image=7\" data-t=\"{&quot;n&quot;:&quot;destination&quot;,&quot;t&quot;:14,&quot;b&quot;:1,&quot;c.t&quot;:14}\"><img loading=\"lazy\" decoding=\"async\" class=\"article-image \" tabindex=\"0\" title=\"\u00bfLe fall\u00f3 Photoshop? Alcaldesa de Morena sube FOTO mal editada y desata MEMES\" src=\"https:\/\/img-s-msn-com.akamaized.net\/tenant\/amp\/entityid\/AA17JwIC.img?w=415&amp;h=612&amp;m=6\" alt=\"\u00bfLe fall\u00f3 Photoshop? Alcaldesa de Morena sube FOTO mal editada y desata MEMES\" width=\"606\" height=\"894\" \/><\/a><p class=\"wp-caption-text\">\u00bfLe fall\u00f3 Photoshop? Alcaldesa de Morena sube FOTO mal editada y desata MEMES\u00a9\u00a0Proporcionado por Debate.com.mx<\/p><\/div>\n<div class=\"image-caption-container   content-small-text \"><span style=\"font-size: 1.21429rem;\">La alcaldes, m\u00e9dica y pol\u00edtica mexicana, nacida el 26 de septiembre de 1960, sali\u00f3 a afirmar que era una foto real, no usaron alg\u00fan tiempo de efecto o edici\u00f3n, por lo cual <\/span><strong style=\"font-size: 1.21429rem;\">expertos en fotograf\u00eda dicen que podr\u00eda ser la luz<\/strong><span style=\"font-size: 1.21429rem;\">, quien provoc\u00f3 que pareciera que estaba flotando, aun as\u00ed, dijo que mandar\u00eda a enmarcar su meme favorito, pues los internautas\u00a0<\/span><a style=\"font-size: 1.21429rem;\" tabindex=\"0\" href=\"https:\/\/www.debate.com.mx\/viral\/Mucha-fuerza-guerrera-llora-porque-le-cancelaron-cita-para-las-unas-y-recibe-burlas.-VIDEO-20230220-0333.html\" target=\"_blank\" rel=\"noopener\" data-t=\"{&quot;n&quot;:&quot;destination&quot;,&quot;t&quot;:13,&quot;b&quot;:1,&quot;c.t&quot;:7}\">usaron su gran creatividad<\/a><span style=\"font-size: 1.21429rem;\">.<\/span><\/div>\n<\/div>\n<\/div>\n<div class=\"article-clear-div\"><\/div>\n<div class=\"article-image-slot\" data-image-href=\"https:\/\/www.msn.com\/es-mx\/noticias\/mundo\/le-fall%C3%B3-photoshop-alcaldesa-de-morena-sube-foto-mal-editada-y-desata-memes\/ar-AA17J1I8?ocid=hpmsn&amp;cvid=2d5b2e93216a41da94270c7f8cd5f420&amp;fullscreen=true#image=8\" data-doc-id=\"cms\/api\/amp\/image\/AA17JDd1\" data-rendered=\"true\">\n<div class=\"article-image-container   \" data-t=\"{&quot;n&quot;:&quot;OpenModal&quot;,&quot;t&quot;:13}\">\n<div style=\"width: 525px\" class=\"wp-caption alignnone\"><a class=\"article-image-height-wrapper\" href=\"https:\/\/www.msn.com\/es-mx\/noticias\/mundo\/le-fall%C3%B3-photoshop-alcaldesa-de-morena-sube-foto-mal-editada-y-desata-memes\/ar-AA17J1I8?ocid=hpmsn&amp;cvid=2d5b2e93216a41da94270c7f8cd5f420&amp;fullscreen=true#image=8\" data-t=\"{&quot;n&quot;:&quot;destination&quot;,&quot;t&quot;:14,&quot;b&quot;:1,&quot;c.t&quot;:14}\"><img loading=\"lazy\" decoding=\"async\" class=\"article-image \" tabindex=\"0\" title=\"\u00bfLe fall\u00f3 Photoshop? Alcaldesa de Morena sube FOTO mal editada y desata MEMES\" src=\"https:\/\/img-s-msn-com.akamaized.net\/tenant\/amp\/entityid\/AA17JDd1.img?w=515&amp;h=595&amp;m=6\" alt=\"\u00bfLe fall\u00f3 Photoshop? Alcaldesa de Morena sube FOTO mal editada y desata MEMES\" width=\"515\" height=\"595\" \/><\/a><p class=\"wp-caption-text\">\u00bfLe fall\u00f3 Photoshop? Alcaldesa de Morena sube FOTO mal editada y desata MEMES\u00a9\u00a0Proporcionado por Debate.com.mx<\/p><\/div>\n<div class=\"image-caption-container   content-small-text \">Con informaci\u00f3n de El Debate<\/div>\n<\/div>\n<\/div>\n<\/div>\n<\/div>\n<\/div>\n<\/div>\n<\/div>\n","protected":false},"excerpt":{"rendered":"<p>Adobe Photoshop es uno de los editores de fotograf\u00edas desarrollado por Adobe Systems Incorporated m\u00e1s populares, por los retoques y gr\u00e1ficos que se pueden usar, queque crea hermosas ilustraciones, pero, internautas creen que a una mujer pol\u00edtica de\u00a0Morena\u00a0le fall\u00f3 su edici\u00f3n, puesto que la\u00a0alcaldesa de Minatitl\u00e1n, Veracruz, en una\u00a0fotograf\u00eda aparec\u00eda con sus pies flotando, lo cual gener\u00f3 lluvia de\u00a0memes. Ante el presunto montaje en el que se vio a la alcaldesa del partido pol\u00edtico Movimiento Regeneraci\u00f3n Nacional, (Morena), empezaron usuarios de internet, a asegurar de que no estaba presente en la obra, como aparec\u00eda de fondo, sin embargo, la\u00a0funcionaria mexicana,\u00a0Carmen [&hellip;]<\/p>\n","protected":false},"author":3,"featured_media":69089,"comment_status":"open","ping_status":"open","sticky":false,"template":"","format":"standard","meta":{"_jetpack_newsletter_access":"","_jetpack_dont_email_post_to_subs":false,"_jetpack_newsletter_tier_id":0,"_jetpack_memberships_contains_paywalled_content":false,"_jetpack_feature_clip_id":0,"_jetpack_memberships_contains_paid_content":false,"footnotes":"","jetpack_publicize_message":"","jetpack_publicize_feature_enabled":true,"jetpack_social_post_already_shared":true,"jetpack_social_options":{"image_generator_settings":{"template":"highway","default_image_id":0,"font":"","enabled":false},"version":2},"jetpack_post_was_ever_published":false},"categories":[75,72],"tags":[],"class_list":["post-69087","post","type-post","status-publish","format-standard","has-post-thumbnail","hentry","category-nacional","category-portada","post--single"],"jetpack_publicize_connections":[],"jetpack_featured_media_url":"https:\/\/ovelanalista.com\/wp-content\/uploads\/2023\/02\/morena-2.jpeg","jetpack_sharing_enabled":true,"_links":{"self":[{"href":"https:\/\/ovelanalista.com\/index.php?rest_route=\/wp\/v2\/posts\/69087","targetHints":{"allow":["GET"]}}],"collection":[{"href":"https:\/\/ovelanalista.com\/index.php?rest_route=\/wp\/v2\/posts"}],"about":[{"href":"https:\/\/ovelanalista.com\/index.php?rest_route=\/wp\/v2\/types\/post"}],"author":[{"embeddable":true,"href":"https:\/\/ovelanalista.com\/index.php?rest_route=\/wp\/v2\/users\/3"}],"replies":[{"embeddable":true,"href":"https:\/\/ovelanalista.com\/index.php?rest_route=%2Fwp%2Fv2%2Fcomments&post=69087"}],"version-history":[{"count":1,"href":"https:\/\/ovelanalista.com\/index.php?rest_route=\/wp\/v2\/posts\/69087\/revisions"}],"predecessor-version":[{"id":69090,"href":"https:\/\/ovelanalista.com\/index.php?rest_route=\/wp\/v2\/posts\/69087\/revisions\/69090"}],"wp:featuredmedia":[{"embeddable":true,"href":"https:\/\/ovelanalista.com\/index.php?rest_route=\/wp\/v2\/media\/69089"}],"wp:attachment":[{"href":"https:\/\/ovelanalista.com\/index.php?rest_route=%2Fwp%2Fv2%2Fmedia&parent=69087"}],"wp:term":[{"taxonomy":"category","embeddable":true,"href":"https:\/\/ovelanalista.com\/index.php?rest_route=%2Fwp%2Fv2%2Fcategories&post=69087"},{"taxonomy":"post_tag","embeddable":true,"href":"https:\/\/ovelanalista.com\/index.php?rest_route=%2Fwp%2Fv2%2Ftags&post=69087"}],"curies":[{"name":"wp","href":"https:\/\/api.w.org\/{rel}","templated":true}]}}