{"id":69091,"date":"2023-02-21T09:50:14","date_gmt":"2023-02-21T16:50:14","guid":{"rendered":"https:\/\/ovelanalista.com\/?p=69091"},"modified":"2023-02-21T08:52:11","modified_gmt":"2023-02-21T15:52:11","slug":"marina-asegura-bodega-de-armas-a-banda-de-ovidio-guzman-informa-rafael-ojeda","status":"publish","type":"post","link":"https:\/\/ovelanalista.com\/?p=69091","title":{"rendered":"Marina asegura bodega de armas a banda de Ovidio Guzm\u00e1n, informa Rafael Ojeda"},"content":{"rendered":"<p data-t=\"{&quot;n&quot;:&quot;blueLinks&quot;}\">Fuerzas Federales desmantelaron el pasado 9 de febrero una bodega de armamento del grupo delictivo Los Menores, la cual e<strong>staba siendo abastecida<\/strong>\u00a0tras la detenci\u00f3n de su l\u00edder\u00a0<a tabindex=\"0\" title=\"Ovidio Guzm\u00e1n\" href=\"https:\/\/www.milenio.com\/search?q=Ovidio+Guzm%C3%A1n\" target=\"_blank\" rel=\"noopener\" data-t=\"{&quot;n&quot;:&quot;destination&quot;,&quot;t&quot;:13,&quot;b&quot;:1,&quot;c.t&quot;:7}\">Ovidio Guzm\u00e1n<\/a>\u00a0L\u00f3pez\u00a0<em>El Rat\u00f3n<\/em>.<\/p>\n<div class=\"article-image-container   \" data-t=\"{&quot;n&quot;:&quot;OpenModal&quot;,&quot;t&quot;:13}\">\n<p data-t=\"{&quot;n&quot;:&quot;blueLinks&quot;}\">En\u00a0<a tabindex=\"0\" title=\"La Ma\u00f1anera\" href=\"https:\/\/www.milenio.com\/politica\/amlo-temas-conferencia-mananera-2-febrero-2023_2\" target=\"_blank\" rel=\"noopener\" data-t=\"{&quot;n&quot;:&quot;destination&quot;,&quot;t&quot;:13,&quot;b&quot;:1,&quot;c.t&quot;:7}\">La Ma\u00f1anera desde Palacio Nacional<\/a>, el secretario de Marina, Rafael Ojeda, explic\u00f3 que con las labores de inteligencia naval se logr\u00f3 detectar que esta banda estaba adquiriendo y<strong>\u00a0almacenando armamento de alto calibre<\/strong>\u00a0en una casa de seguridad ubicada en Culiac\u00e1n, Sinaloa.<\/p>\n<div class=\"article-clear-div\"><\/div>\n<blockquote><p>&#8220;En lo que se refiere al uso de inteligencia, despu\u00e9s de la captura de Ovidio Guzm\u00e1n se obtuvo informaci\u00f3n de inteligencia que hab\u00eda una casa en donde se estaban agrupando armamento, se llev\u00f3 a cabo trabajo de inteligencia, ubicaci\u00f3n y se coordin\u00f3 para entrar a esa casa&#8221;, expres\u00f3 en el reporte quincenal de seguridad de la conferencia ma\u00f1anera.<\/p><\/blockquote>\n<p data-t=\"{&quot;n&quot;:&quot;blueLinks&quot;}\">En el lugar\u00a0<strong>fueron aseguradas 35 armas largas,\u00a0<\/strong>33 cargadores y 3 mil 999 cartuchos.<\/p>\n<div class=\"article-clear-div\"><\/div>\n<p data-t=\"{&quot;n&quot;:&quot;blueLinks&quot;}\">En la casa fue ubicado\u00a0<em>Bambam<\/em>\u00a0<strong>quien funge como encargado<\/strong>\u00a0de la recepci\u00f3n y resguardo de dichas armas, efectu\u00e1ndose cateo y resguardo del inmueble.<\/p>\n<p data-t=\"{&quot;n&quot;:&quot;blueLinks&quot;}\">A principios de enero de este 2023, Ovidio Guzm\u00e1n L\u00f3pez,\u00a0<em>El Rat\u00f3n<\/em>, hijo del capo Joaqu\u00edn\u00a0<em>El Chapo<\/em>\u00a0Guzm\u00e1n fue detenido en Sinaloa durante un operativo que realizaron las fuerzas federales, informaron funcionarios del gobierno federal,\u00a0<strong>acci\u00f3n que desat\u00f3 balaceras y narcobloqueos<\/strong>\u00a0en diversas zonas de Culiac\u00e1n y localidades aleda\u00f1as.<\/p>\n<p data-t=\"{&quot;n&quot;:&quot;blueLinks&quot;}\">En el periodo reportado entre el 7 al 20 de febrero,\u00a0<strong>la Secretar\u00eda de Marina realiz\u00f3 24 operativos relevantes\u00a0<\/strong>en Colima, Guerrero, Sinaloa, CdMx, Puebla, Veracruz, Michoac\u00e1n y Baja California.<\/p>\n<p data-t=\"{&quot;n&quot;:&quot;blueLinks&quot;}\">En total\u00a0<strong>se logr\u00f3 detener a 42 personas<\/strong>\u00a0con armas, cartuchos y drogas.<\/p>\n<\/div>\n<p data-t=\"{&quot;n&quot;:&quot;blueLinks&quot;}\">Con informaci\u00f3n de Milenio<\/p>\n","protected":false},"excerpt":{"rendered":"<p>Fuerzas Federales desmantelaron el pasado 9 de febrero una bodega de armamento del grupo delictivo Los Menores, la cual estaba siendo abastecida\u00a0tras la detenci\u00f3n de su l\u00edder\u00a0Ovidio Guzm\u00e1n\u00a0L\u00f3pez\u00a0El Rat\u00f3n. En\u00a0La Ma\u00f1anera desde Palacio Nacional, el secretario de Marina, Rafael Ojeda, explic\u00f3 que con las labores de inteligencia naval se logr\u00f3 detectar que esta banda estaba adquiriendo y\u00a0almacenando armamento de alto calibre\u00a0en una casa de seguridad ubicada en Culiac\u00e1n, Sinaloa. &#8220;En lo que se refiere al uso de inteligencia, despu\u00e9s de la captura de Ovidio Guzm\u00e1n se obtuvo informaci\u00f3n de inteligencia que hab\u00eda una casa en donde se estaban agrupando armamento, [&hellip;]<\/p>\n","protected":false},"author":3,"featured_media":69095,"comment_status":"open","ping_status":"open","sticky":false,"template":"","format":"standard","meta":{"_jetpack_newsletter_access":"","_jetpack_dont_email_post_to_subs":false,"_jetpack_newsletter_tier_id":0,"_jetpack_memberships_contains_paywalled_content":false,"_jetpack_feature_clip_id":0,"_jetpack_memberships_contains_paid_content":false,"footnotes":"","jetpack_publicize_message":"","jetpack_publicize_feature_enabled":true,"jetpack_social_post_already_shared":true,"jetpack_social_options":{"image_generator_settings":{"template":"highway","default_image_id":0,"font":"","enabled":false},"version":2},"jetpack_post_was_ever_published":false},"categories":[75,72],"tags":[],"class_list":["post-69091","post","type-post","status-publish","format-standard","has-post-thumbnail","hentry","category-nacional","category-portada","post--single"],"jetpack_publicize_connections":[],"jetpack_featured_media_url":"https:\/\/ovelanalista.com\/wp-content\/uploads\/2023\/02\/Rafael-Ojeda.jpeg","jetpack_sharing_enabled":true,"_links":{"self":[{"href":"https:\/\/ovelanalista.com\/index.php?rest_route=\/wp\/v2\/posts\/69091","targetHints":{"allow":["GET"]}}],"collection":[{"href":"https:\/\/ovelanalista.com\/index.php?rest_route=\/wp\/v2\/posts"}],"about":[{"href":"https:\/\/ovelanalista.com\/index.php?rest_route=\/wp\/v2\/types\/post"}],"author":[{"embeddable":true,"href":"https:\/\/ovelanalista.com\/index.php?rest_route=\/wp\/v2\/users\/3"}],"replies":[{"embeddable":true,"href":"https:\/\/ovelanalista.com\/index.php?rest_route=%2Fwp%2Fv2%2Fcomments&post=69091"}],"version-history":[{"count":1,"href":"https:\/\/ovelanalista.com\/index.php?rest_route=\/wp\/v2\/posts\/69091\/revisions"}],"predecessor-version":[{"id":69096,"href":"https:\/\/ovelanalista.com\/index.php?rest_route=\/wp\/v2\/posts\/69091\/revisions\/69096"}],"wp:featuredmedia":[{"embeddable":true,"href":"https:\/\/ovelanalista.com\/index.php?rest_route=\/wp\/v2\/media\/69095"}],"wp:attachment":[{"href":"https:\/\/ovelanalista.com\/index.php?rest_route=%2Fwp%2Fv2%2Fmedia&parent=69091"}],"wp:term":[{"taxonomy":"category","embeddable":true,"href":"https:\/\/ovelanalista.com\/index.php?rest_route=%2Fwp%2Fv2%2Fcategories&post=69091"},{"taxonomy":"post_tag","embeddable":true,"href":"https:\/\/ovelanalista.com\/index.php?rest_route=%2Fwp%2Fv2%2Ftags&post=69091"}],"curies":[{"name":"wp","href":"https:\/\/api.w.org\/{rel}","templated":true}]}}