{"id":69094,"date":"2023-02-21T10:00:45","date_gmt":"2023-02-21T17:00:45","guid":{"rendered":"https:\/\/ovelanalista.com\/?p=69094"},"modified":"2023-02-21T08:54:03","modified_gmt":"2023-02-21T15:54:03","slug":"sexenio-fallido-y-podrido","status":"publish","type":"post","link":"https:\/\/ovelanalista.com\/?p=69094","title":{"rendered":"Sexenio fallido y podrido"},"content":{"rendered":"<blockquote><p>No hay mayor tiran\u00eda que la que se ejerce bajo el escudo de la ley y en nombre de la justicia. (Montesquieu)<\/p><\/blockquote>\n<p data-t=\"{&quot;n&quot;:&quot;blueLinks&quot;}\">Iniciado el quinto a\u00f1o del gobierno de Andr\u00e9s Manuel L\u00f3pez Obrador contamos con elementos suficientes para evaluar los resultados de la llamada cuarta transformaci\u00f3n, as\u00ed como para identificar las caracter\u00edsticas del nuevo r\u00e9gimen y de quien lo preside.<\/p>\n<p data-t=\"{&quot;n&quot;:&quot;blueLinks&quot;}\">Hurgando en el ba\u00fal de las promesas presidenciales incumplidas, encontramos que los cuatro principales compromisos contra\u00eddos por L\u00f3pez Obrador al inicio de su gesti\u00f3n -recuperar la paz y la seguridad p\u00fablica, lograr un crecimiento econ\u00f3mico del 4% anual, disminuir la pobreza y la desigualdad, as\u00ed como abatir la corrupci\u00f3n-\u00a0<strong>no se han traducido en resultados positivos<\/strong>\u00a0ni en pol\u00edticas p\u00fablicas racionalmente planeadas y operadas en beneficio de la naci\u00f3n.<\/p>\n<p data-t=\"{&quot;n&quot;:&quot;blueLinks&quot;}\">Por el contrario, en dichas \u00e1reas al igual que en otros sectores prioritarios como salud educaci\u00f3n, procuraci\u00f3n de justicia, Estado de derecho y fortalecimiento de la democracia, se han registrado graves retrocesos.\u00a0<strong>Los fracasos administrativos son tan evidentes como el deterioro pol\u00edtico.<\/strong><\/p>\n<p data-t=\"{&quot;n&quot;:&quot;blueLinks&quot;}\">A la regresi\u00f3n autoritaria que amenaza la supervivencia del INE y la democracia mexicana se agrega un elemento perturbador: el irrefrenable empoderamiento de las Fuerzas Armadas. A lo largo de los primeros dos tercios del sexenio se ha confirmado la gestaci\u00f3n de una autocracia militarizada.<\/p>\n<p class=\"continue-read-break\" data-t=\"{&quot;n&quot;:&quot;blueLinks&quot;}\">Este texto es un breve recuento de da\u00f1os, s\u00edntesis de una investigaci\u00f3n en proceso.<\/p>\n<h3 class=\"article-sub-heading\">Lo fallido<\/h3>\n<p class=\"\" data-t=\"{&quot;n&quot;:&quot;blueLinks&quot;}\">La paz nunca lleg\u00f3. M\u00e9xico es el cuarto pa\u00eds con mayor tasa de criminalidad del mundo y el segundo del continente americano. (Informe de la Iniciativa Global Contra el Crimen Organizado Transnacional, 2022). El a\u00f1o pasado se registraron 30 mil 968 homicidios dolosos en el pa\u00eds, 85 diarios; suman 140 mil en lo que va del sexenio.<\/p>\n<div role=\"main\">\n<section class=\"articlePage_section-DS-EntryPoint1-1 articlePageBodySection articlePage_section_continueReading-DS-EntryPoint1-1 articlePage_enableNewRR-DS-EntryPoint1-1\" data-col=\"c4\">\n<article>\n<div class=\"views-article-body articlePage_body-DS-EntryPoint1-1 articlePage_body_segoeui-DS-EntryPoint1-1\" data-test-id=\"test-article\">\n<p class=\"\" data-t=\"{&quot;n&quot;:&quot;blueLinks&quot;}\">Durante este gobierno se han contabilizado cerca de 32 mil personas desaparecidas.\u00a0<strong>64.2 % de la poblacio\u0301n de 18 an\u0303os y ma\u0301s considera que es inseguro vivir en su ciudad<\/strong>\u00a0(INEGI, enero 2023). Lo de \u201ccero impunidad y cero corrupci\u00f3n\u201d tiene cero veracidad.<\/p>\n<p class=\"\" data-t=\"{&quot;n&quot;:&quot;blueLinks&quot;}\">El crimen organizado est\u00e1 infiltrado en los tres niveles de gobierno y tiene injerencia en los procesos electorales. La militarizaci\u00f3n de la seguridad p\u00fablica a trav\u00e9s de la Guardia Nacional no ha resuelto el problema. A la sombra de un narcoestado encubierto, los abrazos conviven fraternalmente con los balazos.<\/p>\n<p class=\"\" data-t=\"{&quot;n&quot;:&quot;blueLinks&quot;}\">La promesa presidencial de tener un crecimiento econ\u00f3mico de 4% anual se tradujo en estancamiento, no s\u00f3lo a causa de la pandemia. El PIB recuper\u00f3 el nivel previo al covid a fines de 2022, pero lo hizo al ritmo m\u00e1s lento de Am\u00e9rica Latina y su perspectiva de crecimiento es la peor de la regi\u00f3n. (Banco Mundial, Perspectivas Econ\u00f3micas Globales, enero 2023).<\/p>\n<p class=\"\" data-t=\"{&quot;n&quot;:&quot;blueLinks&quot;}\">El crecimiento promedio del sexenio ser\u00e1 entre cero y 1%, el peor desde los a\u00f1os 80. El PIB per capita est\u00e1 a niveles de 2014, \u00a18 a\u00f1os de retroceso! (M\u00e9xico, \u00bfc\u00f3mo vamos?, 25\/11\/22).<\/p>\n<p class=\"\" data-t=\"{&quot;n&quot;:&quot;blueLinks&quot;}\">El patrimonialismo de L\u00f3pez Obrador le ha permitido imponer con inmune arbitrariedad sus tres megaproyectos -AIFA, Tren Maya, Dos Bocas- asign\u00e1ndole la responsabilidad de la construcci\u00f3n y administraci\u00f3n de los dos primeros al Ej\u00e9rcito, \u00fanico beneficiario de las (improbables) utilidades que pudieren generar.<\/p>\n<p class=\"\" data-t=\"{&quot;n&quot;:&quot;blueLinks&quot;}\"><strong>Te puede interesar &gt;<\/strong>\u00a0<a tabindex=\"0\" href=\"https:\/\/aristeguinoticias.com\/2002\/dinero-y-economia\/detecta-asf-irregularidades-por-376-millones-en-dos-bocas\/\" target=\"_blank\" rel=\"noopener\" data-t=\"{&quot;n&quot;:&quot;destination&quot;,&quot;t&quot;:13,&quot;b&quot;:1,&quot;c.t&quot;:7}\">Detecta ASF irregularidades por 376 millones en Dos Bocas<\/a><\/p>\n<p class=\"\" data-t=\"{&quot;n&quot;:&quot;blueLinks&quot;}\">Ello garantiza la opacidad exigida por el presidente militarizado, cuyo decretazo para declarar asunto de seguridad nacional a sus obras de infraestructura preferidas no prosper\u00f3. El potencial de corrupci\u00f3n es tan evidente como la inutilidad del (CH)AIFA, cuyos ingresos son subsidiados por el gobierno en un 90%.<\/p>\n<p class=\"\" data-t=\"{&quot;n&quot;:&quot;blueLinks&quot;}\">El\u00a0<strong>Tren Maya costar\u00e1 el triple de lo calculado inicialmente<\/strong>\u00a0y provocar\u00e1 un ecocido que hasta ahora el Poder Judicial ha sido incapaz de detener. Fonatur ha desacatado la sentencia de un juez federal para frenar la construcci\u00f3n del Tramo 5.<\/p>\n<p class=\"\" data-t=\"{&quot;n&quot;:&quot;blueLinks&quot;}\">La refiner\u00eda de Dos Bocas tambi\u00e9n costar\u00e1 el triple de lo presupuestado y despu\u00e9s de seis meses de haber sido inaugurada sigue sin producir un solo litro de gasolina.<\/p>\n<p class=\"\" data-t=\"{&quot;n&quot;:&quot;blueLinks&quot;}\">\u201cPrimero los pobres\u201d qued\u00f3 en lema de campa\u00f1a. Entre 2018 y 2020, 3.8 millones de mexicanos m\u00e1s cayeron en situaci\u00f3n de pobreza. Pasaron de 51.9 millones a 55.7 millones. En ese lapso, la poblaci\u00f3n con ingreso inferior a la l\u00ednea de pobreza por ingresos, a la que no le alcanza para adquirir la canasta b\u00e1sica, pas\u00f3 del 49.9% al 52.8%. Los mexicanos con ingreso inferior a la linea de pobreza extrema, es decir, miseria, se increment\u00f3 de 14% a 17.2%; aumentaron de 8.7 millones a 10.8 millones (CONEVAL).<\/p>\n<p class=\"\" data-t=\"{&quot;n&quot;:&quot;blueLinks&quot;}\">Es falso que se haya aminorado la desigualdad y la pobreza, como lo afirm\u00f3 AMLO en su cuarto informe de gobierno. M\u00e9xico sigue siendo uno de los pa\u00edses m\u00e1s desiguales del mundo. El 10% de mayores ingresos gana 30 veces m\u00e1s que el 50% de los mexicanos. Ese 10% acapara el 80% de la riqueza del pa\u00eds (World Inequality Report, 2022).<\/p>\n<p class=\"\" data-t=\"{&quot;n&quot;:&quot;blueLinks&quot;}\">En su af\u00e1n destructivo, el mandatario tabasque\u00f1o decidi\u00f3 desaparecer el Seguro Popular para sustituirlo por el inoperante Instituto de Salud para el Bienestar. La irreflexiva imposici\u00f3n ha afectado gravemente a los pobres, especialmente a quienes no tienen acceso a servicios m\u00e9dicos p\u00fablicos. La carencia de servicios de salud se increment\u00f3 de 16.2% en 2018 a 28.2% en 2020, mientras el gasto privado de los mexicanos en salud aument\u00f3 40%. Los servicios m\u00e9dicos que brinda el INSABI son mediocres e insuficientes.<\/p>\n<p class=\"\" data-t=\"{&quot;n&quot;:&quot;blueLinks&quot;}\">El desastre educativo de la 4T no tiene precedente en la historia nacional. Como parte de su \u201crevoluci\u00f3n de las conciencias\u201d el macuspano se ha propuesto borrar de un plumazo la tradici\u00f3n humanista de Occidente, as\u00ed como el legado de Justo Sierra, Jos\u00e9 Vasconcelos y Jaime Torres Bodet para imponer \u201cun cambio radical de paradigma\u201d e implantar un modelo educativo \u201cdecolonial\u201d (sic). Su efecto ser\u00e1 devastador. Condena a 33.6 millones de estudiantes a la mediocridad acad\u00e9mica y profesional, profundiza la desigualdad social y frena el desarrollo del pa\u00eds. La barbarie educativa de L\u00f3pez Obrador es operada por un intoxicado ide\u00f3logo apoyado por la ineptitud servil de dos secretarias del ramo.<\/p>\n<p class=\"\" data-t=\"{&quot;n&quot;:&quot;blueLinks&quot;}\">\n<div class=\"article-clear-div\"><\/div>\n<div class=\"article-image-slot\" data-image-href=\"https:\/\/www.msn.com\/es-mx\/noticias\/mexico\/sexenio-fallido-y-podrido\/ar-AA17JdX2?ocid=hpmsn&amp;cvid=2d5b2e93216a41da94270c7f8cd5f420&amp;fullscreen=true#image=2\" data-doc-id=\"cms\/api\/amp\/image\/AA151xN9\" data-rendered=\"true\">\n<div class=\"article-image-container   \" data-t=\"{&quot;n&quot;:&quot;OpenModal&quot;,&quot;t&quot;:13}\"><a class=\"article-image-height-wrapper\" href=\"https:\/\/www.msn.com\/es-mx\/noticias\/mexico\/sexenio-fallido-y-podrido\/ar-AA17JdX2?ocid=hpmsn&amp;cvid=2d5b2e93216a41da94270c7f8cd5f420&amp;fullscreen=true&amp;crc=true#image=2\" target=\"_self\" data-t=\"{&quot;n&quot;:&quot;destination&quot;,&quot;t&quot;:14,&quot;b&quot;:1,&quot;c.t&quot;:14}\" rel=\"noopener\"><img decoding=\"async\" class=\"article-image \" tabindex=\"0\" title=\"tren-maya-expertos-relatores-onu-naciones-unidas-derechos-humanos-medio-ambiente-2-07122022\" src=\"https:\/\/img-s-msn-com.akamaized.net\/tenant\/amp\/entityid\/AA151xN9.img?w=768&amp;h=480&amp;m=6\" alt=\"tren-maya-expertos-relatores-onu-naciones-unidas-derechos-humanos-medio-ambiente-2-07122022\" \/><\/a><\/p>\n<div class=\"image-caption-container   content-small-text \"><span class=\"image-caption\">tren-maya-expertos-relatores-onu-naciones-unidas-derechos-humanos-medio-ambiente-2-07122022<\/span><span class=\"image-attribution \">\u00a9\u00a0Foto: Cuartoscuro<\/span><\/div>\n<\/div>\n<\/div>\n<h3 class=\"article-sub-heading\">Lo podrido<\/h3>\n<p class=\"\" data-t=\"{&quot;n&quot;:&quot;blueLinks&quot;}\">A partir de su triunfo electoral, L\u00f3pez Obrador ha puesto en marcha una estratagema que tiene dos aspectos fundamentales e indisolubles, operados de manera simult\u00e1nea y coordinada:\u00a0<strong>Consolidar su poder unipersonal, y suprimir, controlar o neutralizar a todos los factores que pudieran limitar la supremac\u00eda de su dominio.<\/strong><\/p>\n<div class=\"article-clear-div\"><\/div>\n<p class=\"\" data-t=\"{&quot;n&quot;:&quot;blueLinks&quot;}\">El fortalecimiento de su poder personal est\u00e1 fundado en dos ideas falsas que se han logrado imponer como verdades axiom\u00e1ticas e irrebatibles, o como hechos ya realizados. Primero, la idea de que \u00e9l es un l\u00edder impoluto, moralmente superior a sus antecesores que lograr\u00e1 reformar a fondo la vida p\u00fablica el pa\u00eds. Segundo, que ello lo conseguir\u00e1 mediante la llamada cuarta transformaci\u00f3n, con \u00e9xito garantizado, como si se tratase de un hecho consumado.<\/p>\n<p class=\"\" data-t=\"{&quot;n&quot;:&quot;blueLinks&quot;}\">Esta fantas\u00eda convertida en narrativa o ret\u00f3rica demag\u00f3gica se ha logrado imponer en la mente de sus seguidores mediante la repetici\u00f3n de una serie de esl\u00f3ganes durante la predicaci\u00f3n matutina diaria, aderezada con verdades a medias, mentiras totales, calumnias e insultos.<\/p>\n<p class=\"\" data-t=\"{&quot;n&quot;:&quot;blueLinks&quot;}\">Se ha impuesto una dictadura de la propaganda disfrazada de conferencia de prensa con el prop\u00f3sito de manipular a sus huestes e intimidar a los cr\u00edticos.<\/p>\n<p class=\"\" data-t=\"{&quot;n&quot;:&quot;blueLinks&quot;}\">El segundo aspecto de la estratagema presidencial consiste en\u00a0<strong>cancelar o dominar a toda fuente potencial capaz de limitar su poder omn\u00edmodo<\/strong>, tr\u00e1tese de los poderes legislativo y judicial, instituciones constitucionalmente aut\u00f3nomas, organizaciones sociales, asociaciones empresariales, as\u00ed como opositores y periodistas.<\/p>\n<p class=\"\" data-t=\"{&quot;n&quot;:&quot;blueLinks&quot;}\">La tiran\u00eda de la mayor\u00eda impuesta por el aut\u00f3crata es inflexible. A las dos c\u00e1maras del Congreso las controla a trav\u00e9s de los legisladores de Morena y sus aliados, echando mano de todo tipo de trampas sumadas a la infalible capacidad de amedrentar a quien se atreva a disentir de su implacable voluntad autoritaria.<\/p>\n<p class=\"\" data-t=\"{&quot;n&quot;:&quot;blueLinks&quot;}\"><strong>Te puede interesar &gt;<\/strong>\u00a0<a tabindex=\"0\" href=\"https:\/\/aristeguinoticias.com\/2002\/mexico\/cuidado-con-no-despertar-al-mexico-bronco-y-violento-cordova-ante-cambios-electorales\/\" target=\"_blank\" rel=\"noopener\" data-t=\"{&quot;n&quot;:&quot;destination&quot;,&quot;t&quot;:13,&quot;b&quot;:1,&quot;c.t&quot;:7}\">Cuidado con no despertar al M\u00e9xico bronco y violento: C\u00f3rdova<\/a><\/p>\n<p class=\"\" data-t=\"{&quot;n&quot;:&quot;blueLinks&quot;}\">L\u00f3pez Obrador ostenta un poder mayor al de los protagonistas de la dictadura perfecta. La principal herramienta de su dominio es controlar la procuraci\u00f3n de justicia a trav\u00e9s de una Fiscal\u00eda General de la Rep\u00fablica, legalmente aut\u00f3noma pero en realidad sometida a los dictados del Supremo Poder Ejecutivo.<\/p>\n<p class=\"\" data-t=\"{&quot;n&quot;:&quot;blueLinks&quot;}\"><strong>La justicia est\u00e1 al servicio de los intereses pol\u00edticos<\/strong>\u00a0y electorales del se\u00f1or presidente. Ello representa una amenaza impl\u00edcita contra quien ose obstaculizar sus caprichos. El autoritario solapado tiene en sus manos la posibilidad de encarcelar a sus enemigos o de otorgar la indulgencia plenaria sus allegados.<\/p>\n<p class=\"\" data-t=\"{&quot;n&quot;:&quot;blueLinks&quot;}\">La lista de beneficiarios de dicha impunidad selectiva es conocida. Incluye a militares de alto rango, colaboradores cercanos, empresarios afines, familiares, amigos, l\u00edderes sindicales; as\u00ed como a capos del crimen organizado y, hasta ahora, a su antecesor en el cargo.<\/p>\n<p class=\"\" data-t=\"{&quot;n&quot;:&quot;blueLinks&quot;}\">El uso faccioso de la justicia est\u00e1 tan arraigando en la conciencia presidencial como la m\u00e1xima \u201cno me vengan con que la ley es la ley\u201d.<\/p>\n<p class=\"\" data-t=\"{&quot;n&quot;:&quot;blueLinks&quot;}\">La 4T ha atentado contra el sistema de equilibrios y contrapesos derivado de la separaci\u00f3n de poderes, fundamento de la democracia y el Estado de derecho. Durante los cuatro primeros a\u00f1os de este gobierno se logr\u00f3 cooptar al Poder Judicial de la Federaci\u00f3n mediante la penosa sumisi\u00f3n del ministro presidente de Suprema Corte de Justicia (SCJN), Arturo Zald\u00edvar.<\/p>\n<p class=\"\" data-t=\"{&quot;n&quot;:&quot;blueLinks&quot;}\">La cima de la abyecci\u00f3n del m\u00e1ximo representante del Poder Judicial de la Federaci\u00f3n frente al Ejecutivo tuvo lugar el 1 de octubre de 2020 cuando el Tribunal Supremo declar\u00f3 constitucional la petici\u00f3n de consulta popular presentada por L\u00f3pez Obrador para juzgar a los expresidentes. La ominosa farsa fue despreciada por la ciudadan\u00eda, s\u00f3lo particip\u00f3 un 7% del electorado.<\/p>\n<p class=\"\" data-t=\"{&quot;n&quot;:&quot;blueLinks&quot;}\">Esa misma Corte fue omisa frente a graves amenazas a la Carta Magna, como las relacionadas con la militarizaci\u00f3n, el embate contra instituciones aut\u00f3nomas en materia de transparencia, competencia, telecomunicaciones y, de modo execrable, contra el INE (NEXOS, febrero 2023).<\/p>\n<p class=\"\" data-t=\"{&quot;n&quot;:&quot;blueLinks&quot;}\">La ministra Norma Pi\u00f1a, elegida por sus pares como presidenta de la Suprema Corte de Justicia de la Naci\u00f3n, as\u00ed como del Consejo de la Judicatura Federal, enfrenta ahora la responsabilidad hist\u00f3rica de recuperar la dignidad e independencia del Poder Judicial de la Federaci\u00f3n amenazado por la vesania de un poder presidencial desenfrenado.<\/p>\n<p class=\"\" data-t=\"{&quot;n&quot;:&quot;blueLinks&quot;}\">Enfurecido por no haber podido imponer a su incondicional y protegida Jazm\u00edn Esquivel para dicho cargo,<strong>\u00a0L\u00f3pez Obrador ha dirigido su odio para intimidar a la ministra presidenta Pi\u00f1a<\/strong>. \u201cEst\u00e1 ah\u00ed por m\u00ed\u201d espet\u00f3 el mandatario haciendo gala de insensatez, al tiempo de manifestar su peregrina intenci\u00f3n de que la presidenta de la Corte deje de presidir el Consejo de la Judicatura, como lo establece el art\u00edculo 100 de la Constituci\u00f3n.<\/p>\n<p class=\"\" data-t=\"{&quot;n&quot;:&quot;blueLinks&quot;}\">No en vano, el I\u0301ndice de Estado de Derecho del World Justice Project (WJP) edici\u00f3n 2022 ubica a M\u00e9xico en el vergonzoso top ten entre 140 pa\u00edses con peor puntaje del mundo por la \u00ednfima calidad de su sistema de justicia civil y penal. El WJP es la instituci\u00f3n con mayor prestigio y rigor en la materia a escala internacional.<\/p>\n<p class=\"\" data-t=\"{&quot;n&quot;:&quot;blueLinks&quot;}\">El estudio del WJP muestra una relaci\u00f3n directamente proporcional entre la calidad del Estado de derecho de las naciones y un mejor nivel del crecimiento econ\u00f3mico, la educaci\u00f3n, los servicios de salud, la paz social y la disminuci\u00f3n de la desigualdad. La mala calidad del sistema de justicia explica el bajo rendimiento de M\u00e9xico en dichas \u00e1reas, as\u00ed como el alto grado de corrupci\u00f3n pol\u00edtica que prevalece en el pa\u00eds.<\/p>\n<p class=\"\" data-t=\"{&quot;n&quot;:&quot;blueLinks&quot;}\">\n<div class=\"article-clear-div\"><\/div>\n<div class=\"article-image-slot\" data-image-href=\"https:\/\/www.msn.com\/es-mx\/noticias\/mexico\/sexenio-fallido-y-podrido\/ar-AA17JdX2?ocid=hpmsn&amp;cvid=2d5b2e93216a41da94270c7f8cd5f420&amp;fullscreen=true#image=3\" data-doc-id=\"cms\/api\/amp\/image\/AA17JdWO\" data-rendered=\"true\">\n<div class=\"article-image-container   \" data-t=\"{&quot;n&quot;:&quot;OpenModal&quot;,&quot;t&quot;:13}\"><a class=\"article-image-height-wrapper\" href=\"https:\/\/www.msn.com\/es-mx\/noticias\/mexico\/sexenio-fallido-y-podrido\/ar-AA17JdX2?ocid=hpmsn&amp;cvid=2d5b2e93216a41da94270c7f8cd5f420&amp;fullscreen=true&amp;crc=true#image=3\" target=\"_self\" data-t=\"{&quot;n&quot;:&quot;destination&quot;,&quot;t&quot;:14,&quot;b&quot;:1,&quot;c.t&quot;:14}\" rel=\"noopener\"><img decoding=\"async\" class=\"article-image \" tabindex=\"0\" title=\"Sexenio fallido y podrido\" src=\"https:\/\/img-s-msn-com.akamaized.net\/tenant\/amp\/entityid\/AA17JdWO.img?w=768&amp;h=480&amp;m=6&amp;x=125&amp;y=106&amp;s=607&amp;d=123\" alt=\"Sexenio fallido y podrido\" \/><\/a><\/p>\n<div class=\"image-caption-container   content-small-text \"><span class=\"image-caption\">Sexenio fallido y podrido<\/span><span class=\"image-attribution \">\u00a9\u00a0Proporcionado por Aristegui Noticias<\/span><\/div>\n<\/div>\n<\/div>\n<p class=\"\" data-t=\"{&quot;n&quot;:&quot;blueLinks&quot;}\">La investigaci\u00f3n del WJP ubica a M\u00e9xico como el s\u00e9ptimo pa\u00eds con mayor corrupci\u00f3n gubernamental, incluye a funcionarios pertenecientes a los poderes ejecutivo, legislativo y judicial, as\u00ed como a las fuerzas militares y policiacas. Ocupamos el ominoso lugar 134 entre 140 naciones (<a tabindex=\"0\" href=\"https:\/\/worldjusticeproject.org\/about-us\/overview\/what-rule-law\" target=\"_blank\" rel=\"noopener\" data-t=\"{&quot;n&quot;:&quot;destination&quot;,&quot;t&quot;:13,&quot;b&quot;:1,&quot;c.t&quot;:7}\">https:\/\/worldjusticeproject.org\/about-us\/overview\/what-rule-law<\/a>).<\/p>\n<p class=\"\" data-t=\"{&quot;n&quot;:&quot;blueLinks&quot;}\">En la edici\u00f3n 2022 del \u00cdndice de Percepci\u00f3n de la Corrupci\u00f3n de Transparencia Internacional, M\u00e9xico sigue siendo el peor evaluado entre los pa\u00edses miembros de la OCDE y el segundo m\u00e1s corrupto s\u00f3lo despu\u00e9s de Rusia entre los integrantes del G20. Por tercer a\u00f1o consecutivo se ha estancado en el lugar 126 de 180 pa\u00edses evaluados, con 31 puntos en una escala de cero a 100.<\/p>\n<p class=\"\" data-t=\"{&quot;n&quot;:&quot;blueLinks&quot;}\"><strong>El mayor fracaso pol\u00edtico y moral del gobierno de L\u00f3pez Obrador es haber incumplido su promesa de abatir la corrupci\u00f3n<\/strong>. A pesar de que la corrupci\u00f3n ya est\u00e1 considerada como delito grave, sigue impregnada en el aparato de gobierno de la supuesta cuarta transformaci\u00f3n. Est\u00e1 incrustada en el coraz\u00f3n de Palacio Nacional.<\/p>\n<p class=\"\" data-t=\"{&quot;n&quot;:&quot;blueLinks&quot;}\">El combate a la corrupci\u00f3n carece de una estrategia coherente y eficaz. Al igual que la procuraci\u00f3n de justicia, depende de la voluntad de AMLO. La Auditor\u00eda Superior de la Federaci\u00f3n y el Sistema Nacional Anticorrupci\u00f3n, instituciones creadas para enfrentar el c\u00e1ncer de la corrupci\u00f3n pol\u00edtica han sido ignoradas y vejadas por un hiperpresidencialismo ofuscado.<\/p>\n<p class=\"\" data-t=\"{&quot;n&quot;:&quot;blueLinks&quot;}\">Las decisiones y declaraciones acerca del combate a la corrupci\u00f3n, origen de los m\u00e1s graves problemas del pa\u00eds, forman una mara\u00f1a de absurdos y contradicciones, ignorancia y demagogia. Todo parte de la disparatada ocurrencia de que si el presidente es honesto lo dem\u00e1s se resolver\u00eda por a\u00f1adidura. Ni lo uno ni lo otro.<\/p>\n<p class=\"\" data-t=\"{&quot;n&quot;:&quot;blueLinks&quot;}\">Corrupci\u00f3n e impunidad son siamesas, sobre todo para los beneficiarios del afecto presidencial (P\u00edo, la Casa Gris, Felipa, Bartlett e hijo, Delfina, etc.) M\u00e1s grave y menos famoso es el caso de Seguridad Alimentaria Mexicana (SEGALMEX), la Conasupo de la 4T. En sus primeros dos a\u00f1os de operaci\u00f3n, fueron detectadas irregularidades por 11 mil millones de pesos, un monto mayor al de la Estafa maestra (7 mil millones de pesos).<\/p>\n<p class=\"\" data-t=\"{&quot;n&quot;:&quot;blueLinks&quot;}\">Ignacio Ovalle, ex director de SEGALMEX, goza de cabal inmunidad; su amigo Andr\u00e9s lo cubri\u00f3 con su manto protector y ahora despacha en el Instituto Nacional para el Federalismo y el Desarrollo Municipal (Inafed).<\/p>\n<p class=\"\" data-t=\"{&quot;n&quot;:&quot;blueLinks&quot;}\"><strong>Te puede interesar &gt;<\/strong>\u00a0<a tabindex=\"0\" href=\"https:\/\/aristeguinoticias.com\/1802\/opinion\/el-duro-informe-sobre-la-politica-social-2022-articulo\/\" target=\"_blank\" rel=\"noopener\" data-t=\"{&quot;n&quot;:&quot;destination&quot;,&quot;t&quot;:13,&quot;b&quot;:1,&quot;c.t&quot;:7}\">El duro informe sobre la pol\u00edtica social 2022 | Art\u00edculo<\/a><\/p>\n<p class=\"\" data-t=\"{&quot;n&quot;:&quot;blueLinks&quot;}\">Como lo sabe bien el mandatario impoluto, la adjudicaci\u00f3n directa en las contrataciones del gobierno es una fuente infalible de corrupci\u00f3n, por eso ofreci\u00f3 prohibirlas. No obstante, de 2018 a 2022, ocho de cada diez contratos fueron asignados mediante ese mecanismo, igual que en los sexenios anteriores. S\u00f3lo en 2022 se gastaron 452,496 millones de pesos en contratos de compras p\u00fablicas realizadas por instituciones de la Administraci\u00f3n P\u00fablica Federal. El monto equivale al triple del presupuesto anual para la Pensi\u00f3n de Adultos para el Bienestar (MCCI, febrero 2023).<\/p>\n<p class=\"\" data-t=\"{&quot;n&quot;:&quot;blueLinks&quot;}\">Las acusaciones mutuas de tr\u00e1fico de influencias, cl\u00e1sico artilugio de la corrupci\u00f3n pol\u00edtica, entre el Fiscal Alejandro Gertz Manero y el ex Consejero Jur\u00eddico de la Presidencia, Julio Scherer Ibarra, revel\u00f3 una crisis judicial y \u00e9tica en las entra\u00f1as del palacio presidencial. Los dos funcionarios retiraron su demandas y el asunto fue relegado al olvido, aunque ahora se ha renovado la acusaci\u00f3n contra Scherer Ibarra. Sea cual fuere el desenlace, la mancha de presunta podredumbre al m\u00e1s alto nivel del gobierno es imborrable.<\/p>\n<p class=\"\" data-t=\"{&quot;n&quot;:&quot;blueLinks&quot;}\">Una de las dimensiones m\u00e1s complejas y opacas de la corrupci\u00f3n es la relacionada con el crimen organizado. Nunca se han tocado las finanzas del narco. La omisi\u00f3n es un claro indicio de la complicidad entre los delincuentes con las m\u00e1s altas esferas del gobierno y el Ej\u00e9rcito (El tri\u00e1ngulo de la narcorrupci\u00f3n, Aristegui Noticias, 8\/6\/2022).<\/p>\n<p class=\"\" data-t=\"{&quot;n&quot;:&quot;blueLinks&quot;}\">El creciente e imparable proceso de militarizaci\u00f3n es el aspecto m\u00e1s regresivo y preocupante de la cuarta transformaci\u00f3n. En violaci\u00f3n a la Constituci\u00f3n, L\u00f3pez Obrador ha entregado a las Fuerzas Armadas la seguridad p\u00fablica, la infraestructura, las aduanas, los puertos y ahora el espacio a\u00e9reo.<\/p>\n<p class=\"\" data-t=\"{&quot;n&quot;:&quot;blueLinks&quot;}\">\n<div class=\"article-clear-div\"><\/div>\n<div class=\"article-image-slot\" data-image-href=\"https:\/\/www.msn.com\/es-mx\/noticias\/mexico\/sexenio-fallido-y-podrido\/ar-AA17JdX2?ocid=hpmsn&amp;cvid=2d5b2e93216a41da94270c7f8cd5f420&amp;fullscreen=true#image=4\" data-doc-id=\"cms\/api\/amp\/image\/AA17JAqv\" data-rendered=\"true\">\n<div class=\"article-image-container   \" data-t=\"{&quot;n&quot;:&quot;OpenModal&quot;,&quot;t&quot;:13}\"><a class=\"article-image-height-wrapper\" href=\"https:\/\/www.msn.com\/es-mx\/noticias\/mexico\/sexenio-fallido-y-podrido\/ar-AA17JdX2?ocid=hpmsn&amp;cvid=2d5b2e93216a41da94270c7f8cd5f420&amp;fullscreen=true&amp;crc=true#image=4\" target=\"_self\" data-t=\"{&quot;n&quot;:&quot;destination&quot;,&quot;t&quot;:14,&quot;b&quot;:1,&quot;c.t&quot;:14}\" rel=\"noopener\"><img decoding=\"async\" class=\"article-image \" tabindex=\"0\" title=\"Sexenio fallido y podrido\" src=\"https:\/\/img-s-msn-com.akamaized.net\/tenant\/amp\/entityid\/AA17JAqv.img?w=768&amp;h=480&amp;m=6&amp;x=466&amp;y=95&amp;s=165&amp;d=165\" alt=\"Sexenio fallido y podrido\" \/><\/a><\/p>\n<div class=\"image-caption-container   content-small-text \"><span class=\"image-caption\">Sexenio fallido y podrido<\/span><span class=\"image-attribution \">\u00a9\u00a0Proporcionado por Aristegui Noticias<\/span><\/div>\n<\/div>\n<\/div>\n<p class=\"\" data-t=\"{&quot;n&quot;:&quot;blueLinks&quot;}\">\u00bfPor qu\u00e9 lo ha hecho? Para asegurar su lealtad ante cualquier circunstancia, lo cual es aterrador, dada la estrategia presidencial hacia el 2024; y para garantizar la opacidad en sus obras de infraestructura, entre otros asuntos.<\/p>\n<p class=\"\" data-t=\"{&quot;n&quot;:&quot;blueLinks&quot;}\">\u00bfQu\u00e9 exige la \u00e9lite militar de ese pacto ajeno al mandato constitucional? Ante todo, impunidad total, adem\u00e1s, claro, de los beneficios financieros y pol\u00edticos derivados del acuerdo.<\/p>\n<p class=\"\" data-t=\"{&quot;n&quot;:&quot;blueLinks&quot;}\">La repatriaci\u00f3n y exoneraci\u00f3n del general Salvador Cienfuegos -sin investigaci\u00f3n ni juicio alguno, d\u00edas despu\u00e9s de haber sido detenido en Los \u00c1ngeles, en octubre de 2020, acusado de los delitos de conspiraci\u00f3n internacional para la distribuci\u00f3n de coca\u00edna, metanfetaminas y mariguana, as\u00ed como lavado de recursos procedentes del narcotr\u00e1fico-, fue la primera se\u00f1al del aciago contubernio.<\/p>\n<p class=\"\" data-t=\"{&quot;n&quot;:&quot;blueLinks&quot;}\"><strong>Calladito, el presidente L\u00f3pez Obrador se someti\u00f3 ante la presi\u00f3n de los altos mandos castrenses<\/strong>, acaso convirti\u00e9ndose en presunto c\u00f3mplice por omisi\u00f3n de los delitos imputados al general Cienfuegos en el juzgado del Distrito Este de Nueva York, donde han comparecido el Chapo Guzm\u00e1n y Genaro Garc\u00eda Luna.<\/p>\n<p class=\"\" data-t=\"{&quot;n&quot;:&quot;blueLinks&quot;}\">Los casos enunciados dan cuenta de la deficiente gesti\u00f3n p\u00fablica del sexenio fallido gobernado por un presidente embaucador. La regresi\u00f3n autoritaria disfrazada de cuarta transformaci\u00f3n ha dado lugar a un sexenio podrido, es decir, a una tiran\u00eda militarizada y corrupta.<\/p>\n<p class=\"\" data-t=\"{&quot;n&quot;:&quot;blueLinks&quot;}\">De manera soterrada y continua, el d\u00e9spota en funciones ha erosionado la institucionalidad democr\u00e1tica del pa\u00eds desde el inicio de su mandato y est\u00e1 resuelto asfixiar al INE para matar a la democracia mexicana en lo que resta de su funesto sexenio. La Suprema Corte y la ciudadan\u00eda tenemos la responsabilidad de impedirlo.<\/p>\n<\/div>\n<div class=\"subscriptionPaywall\"><\/div>\n<\/article>\n<div id=\"civsci-id-76398579-AA17JdX2\" data-civicscience-widget=\"dc47b0af-1755-c124-4d1b-758f0eee9014\"><\/div>\n<\/section>\n<\/div>\n<div class=\"articlePage_eoabNativeAd-DS-EntryPoint1-1\"><\/div>\n<div>Con informaci\u00f3n de Aristegui Noticias<\/div>\n","protected":false},"excerpt":{"rendered":"<p>No hay mayor tiran\u00eda que la que se ejerce bajo el escudo de la ley y en nombre de la justicia. (Montesquieu) Iniciado el quinto a\u00f1o del gobierno de Andr\u00e9s Manuel L\u00f3pez Obrador contamos con elementos suficientes para evaluar los resultados de la llamada cuarta transformaci\u00f3n, as\u00ed como para identificar las caracter\u00edsticas del nuevo r\u00e9gimen y de quien lo preside. Hurgando en el ba\u00fal de las promesas presidenciales incumplidas, encontramos que los cuatro principales compromisos contra\u00eddos por L\u00f3pez Obrador al inicio de su gesti\u00f3n -recuperar la paz y la seguridad p\u00fablica, lograr un crecimiento econ\u00f3mico del 4% anual, disminuir la [&hellip;]<\/p>\n","protected":false},"author":3,"featured_media":68633,"comment_status":"open","ping_status":"open","sticky":false,"template":"","format":"standard","meta":{"_jetpack_newsletter_access":"","_jetpack_dont_email_post_to_subs":false,"_jetpack_newsletter_tier_id":0,"_jetpack_memberships_contains_paywalled_content":false,"_jetpack_feature_clip_id":0,"_jetpack_memberships_contains_paid_content":false,"footnotes":"","jetpack_publicize_message":"","jetpack_publicize_feature_enabled":true,"jetpack_social_post_already_shared":true,"jetpack_social_options":{"image_generator_settings":{"template":"highway","default_image_id":0,"font":"","enabled":false},"version":2},"jetpack_post_was_ever_published":false},"categories":[75,72],"tags":[],"class_list":["post-69094","post","type-post","status-publish","format-standard","has-post-thumbnail","hentry","category-nacional","category-portada","post--single"],"jetpack_publicize_connections":[],"jetpack_featured_media_url":"https:\/\/ovelanalista.com\/wp-content\/uploads\/2023\/02\/AMLO-11.jpeg","jetpack_sharing_enabled":true,"_links":{"self":[{"href":"https:\/\/ovelanalista.com\/index.php?rest_route=\/wp\/v2\/posts\/69094","targetHints":{"allow":["GET"]}}],"collection":[{"href":"https:\/\/ovelanalista.com\/index.php?rest_route=\/wp\/v2\/posts"}],"about":[{"href":"https:\/\/ovelanalista.com\/index.php?rest_route=\/wp\/v2\/types\/post"}],"author":[{"embeddable":true,"href":"https:\/\/ovelanalista.com\/index.php?rest_route=\/wp\/v2\/users\/3"}],"replies":[{"embeddable":true,"href":"https:\/\/ovelanalista.com\/index.php?rest_route=%2Fwp%2Fv2%2Fcomments&post=69094"}],"version-history":[{"count":1,"href":"https:\/\/ovelanalista.com\/index.php?rest_route=\/wp\/v2\/posts\/69094\/revisions"}],"predecessor-version":[{"id":69098,"href":"https:\/\/ovelanalista.com\/index.php?rest_route=\/wp\/v2\/posts\/69094\/revisions\/69098"}],"wp:featuredmedia":[{"embeddable":true,"href":"https:\/\/ovelanalista.com\/index.php?rest_route=\/wp\/v2\/media\/68633"}],"wp:attachment":[{"href":"https:\/\/ovelanalista.com\/index.php?rest_route=%2Fwp%2Fv2%2Fmedia&parent=69094"}],"wp:term":[{"taxonomy":"category","embeddable":true,"href":"https:\/\/ovelanalista.com\/index.php?rest_route=%2Fwp%2Fv2%2Fcategories&post=69094"},{"taxonomy":"post_tag","embeddable":true,"href":"https:\/\/ovelanalista.com\/index.php?rest_route=%2Fwp%2Fv2%2Ftags&post=69094"}],"curies":[{"name":"wp","href":"https:\/\/api.w.org\/{rel}","templated":true}]}}