{"id":69130,"date":"2023-02-21T13:00:00","date_gmt":"2023-02-21T20:00:00","guid":{"rendered":"https:\/\/ovelanalista.com\/?p=69130"},"modified":"2023-02-21T12:12:29","modified_gmt":"2023-02-21T19:12:29","slug":"la-suprema-corte-y-la-dictadura","status":"publish","type":"post","link":"https:\/\/ovelanalista.com\/?p=69130","title":{"rendered":"La Suprema Corte y la dictadura"},"content":{"rendered":"<p>El 18 de febrero de 1913 los generales\u00a0<strong>F\u00e9lix D\u00edaz y Victoriano Huerta<\/strong>\u00a0firmaron el \u201cPacto de la Ciudadela\u201d. Acordaron declarar inexistente el Poder Ejecutivo vigente a fin de que el segundo de ellos asumiera la presidencia provisional del pa\u00eds antes de setenta y dos horas. Por ello el presidente Madero y el vicepresidente Pino Su\u00e1rez fueron arrestados en Palacio Nacional. Una comisi\u00f3n de legisladores federales se present\u00f3 para solicitarles sus renuncias. El\u00a0<strong>Congreso las aprob\u00f3 y Pedro Lascur\u00e1in ocup\u00f3 la Presidencia de la Rep\u00fablica<\/strong>\u00a0por menos de una hora. El 19 de febrero Victoriano Huerta comenz\u00f3 a ocupar ese cargo. El d\u00eda 22 del mismo mes Madero y Pino Su\u00e1rez fueron trasladados a la prisi\u00f3n de Lecumberri y ah\u00ed se les asesin\u00f3.<\/p>\n<p class=\"continue-read-break\" data-t=\"{&quot;n&quot;:&quot;blueLinks&quot;}\">El 18 de febrero por la noche\u00a0<strong>Victoriano Huerta<\/strong>\u00a0le comunic\u00f3 al presidente de la\u00a0<strong>Suprema Corte de Justicia<\/strong>\u00a0(Francisco S. Carvajal) que hab\u00eda asumido el Poder Ejecutivo debido a las circunstancias que atravesaba el pa\u00eds. Le solicit\u00f3 resolver lo que estimara conveniente en cuanto al poder que representaba, \u201cpues as\u00ed lo requiere el bien de la Patria, para la que cualquier sacrificio es corto\u201d. El ministro presidente convoc\u00f3 a sus pares a una reuni\u00f3n al d\u00eda siguiente. Los convocados se encontraron con la propuesta redactada por sus colegas\u00a0<strong>Rodr\u00edguez Miram\u00f3n<\/strong>, Bull\u00e9 Goyri y Chapital. Expresaron que, para procurar la conservaci\u00f3n del orden p\u00fablico y la dignidad de la Patria, la Suprema Corte de Justicia se daba por enterada de la nota que le hab\u00eda dirigido el general Huerta en su calidad de encargado del Poder Ejecutivo.<\/p>\n<p class=\"\" data-t=\"{&quot;n&quot;:&quot;blueLinks&quot;}\">De los catorce ministros (Olivera Toro, Casta\u00f1eda, Chapital, de la Garza, Sodi, Belmar, Rodr\u00edguez Miram\u00f3n, Flores, \u00c1lvarez, Bulle Goyri, Guti\u00e9rrez Allende, Gonz\u00e1lez y D\u00edaz Lombardo), solo nueve asistieron a la cita y ocho votaron a favor de la propuesta de reconocimiento. El ministro Carvajal vot\u00f3 en contra por considerar que la\u00a0<strong>Suprema Corte<\/strong>\u00a0no pod\u00eda aceptar el car\u00e1cter con el que se ostentaba Huerta, y que se deb\u00eda esperar el restablecimiento del orden constitucional para decidir qui\u00e9n asumir\u00eda el cargo.<\/p>\n<div class=\"article-clear-div\"><\/div>\n<p class=\"\" data-t=\"{&quot;n&quot;:&quot;blueLinks&quot;}\">El 21 de febrero el ministro de Justicia \u2013<strong>Rodolfo Reyes<\/strong>\u2014 visit\u00f3 al presidente de la Suprema Corte. Al d\u00eda siguiente, los ministros Rodr\u00edguez Miram\u00f3n, Bulle Goyri y Flores, visitaron a Huerta para ofrecerle su lealtad por la tarea que llevaba a cabo en beneficio de todo el pa\u00eds. El 24 de febrero Huerta agradeci\u00f3 a los miembros de la Corte su apoyo. Les dijo que, si en alg\u00fan momento e impulsado por necesidades ineludibles hab\u00eda monopolizado la funci\u00f3n pol\u00edtica, le ser\u00eda grato sentir \u201cel control de los representantes de la ley reunidos bajo el dosel de esa Suprema Corte de Justicia\u201d. Ese mismo d\u00eda, el Pleno aprob\u00f3 la propuesta del ministro Bull\u00e9 Goyri de rendir homenaje a las v\u00edctimas de la \u201c\u00faltima revoluci\u00f3n\u201d, enlutando por tres d\u00edas el dosel de la Presidencia y de la entrada principal de su edificio sede.<\/p>\n<p class=\"\" data-t=\"{&quot;n&quot;:&quot;blueLinks&quot;}\">El papel de los ministros de aquellos d\u00edas fue vergonzoso. La mayor\u00eda subordin\u00f3 la Constituci\u00f3n a las acciones y deseos de Victoriano Huerta y de quienes lo acompa\u00f1aron en su aventura. Fue esa la contribuci\u00f3n de la justicia nacional a la \u201cdecena tr\u00e1gica\u201d. A ciento diez a\u00f1os de esos hechos, es fundamental recordar lo indispensable que es un poder judicial aut\u00f3nomo e independiente. La necesidad de rechazar la subordinaci\u00f3n de los jueces a la pol\u00edtica, tal como en contubernio lo hicieron Huerta y quienes integraban a la Suprema Corte en febrero de 1913.<\/p>\n<p>&nbsp;<\/p>\n<p>&nbsp;<\/p>\n<p>Con informaci\u00f3n de El Universal<\/p>\n","protected":false},"excerpt":{"rendered":"<p>El 18 de febrero de 1913 los generales\u00a0F\u00e9lix D\u00edaz y Victoriano Huerta\u00a0firmaron el \u201cPacto de la Ciudadela\u201d. Acordaron declarar inexistente el Poder Ejecutivo vigente a fin de que el segundo de ellos asumiera la presidencia provisional del pa\u00eds antes de setenta y dos horas. Por ello el presidente Madero y el vicepresidente Pino Su\u00e1rez fueron arrestados en Palacio Nacional. Una comisi\u00f3n de legisladores federales se present\u00f3 para solicitarles sus renuncias. El\u00a0Congreso las aprob\u00f3 y Pedro Lascur\u00e1in ocup\u00f3 la Presidencia de la Rep\u00fablica\u00a0por menos de una hora. El 19 de febrero Victoriano Huerta comenz\u00f3 a ocupar ese cargo. El d\u00eda 22 [&hellip;]<\/p>\n","protected":false},"author":3,"featured_media":69132,"comment_status":"open","ping_status":"open","sticky":false,"template":"","format":"standard","meta":{"_jetpack_newsletter_access":"","_jetpack_dont_email_post_to_subs":false,"_jetpack_newsletter_tier_id":0,"_jetpack_memberships_contains_paywalled_content":false,"_jetpack_feature_clip_id":0,"_jetpack_memberships_contains_paid_content":false,"footnotes":"","jetpack_publicize_message":"","jetpack_publicize_feature_enabled":true,"jetpack_social_post_already_shared":true,"jetpack_social_options":{"image_generator_settings":{"template":"highway","default_image_id":0,"font":"","enabled":false},"version":2},"jetpack_post_was_ever_published":false},"categories":[75,72],"tags":[],"class_list":["post-69130","post","type-post","status-publish","format-standard","has-post-thumbnail","hentry","category-nacional","category-portada","post--single"],"jetpack_publicize_connections":[],"jetpack_featured_media_url":"https:\/\/ovelanalista.com\/wp-content\/uploads\/2023\/02\/suprema-corte.jpeg","jetpack_sharing_enabled":true,"_links":{"self":[{"href":"https:\/\/ovelanalista.com\/index.php?rest_route=\/wp\/v2\/posts\/69130","targetHints":{"allow":["GET"]}}],"collection":[{"href":"https:\/\/ovelanalista.com\/index.php?rest_route=\/wp\/v2\/posts"}],"about":[{"href":"https:\/\/ovelanalista.com\/index.php?rest_route=\/wp\/v2\/types\/post"}],"author":[{"embeddable":true,"href":"https:\/\/ovelanalista.com\/index.php?rest_route=\/wp\/v2\/users\/3"}],"replies":[{"embeddable":true,"href":"https:\/\/ovelanalista.com\/index.php?rest_route=%2Fwp%2Fv2%2Fcomments&post=69130"}],"version-history":[{"count":1,"href":"https:\/\/ovelanalista.com\/index.php?rest_route=\/wp\/v2\/posts\/69130\/revisions"}],"predecessor-version":[{"id":69133,"href":"https:\/\/ovelanalista.com\/index.php?rest_route=\/wp\/v2\/posts\/69130\/revisions\/69133"}],"wp:featuredmedia":[{"embeddable":true,"href":"https:\/\/ovelanalista.com\/index.php?rest_route=\/wp\/v2\/media\/69132"}],"wp:attachment":[{"href":"https:\/\/ovelanalista.com\/index.php?rest_route=%2Fwp%2Fv2%2Fmedia&parent=69130"}],"wp:term":[{"taxonomy":"category","embeddable":true,"href":"https:\/\/ovelanalista.com\/index.php?rest_route=%2Fwp%2Fv2%2Fcategories&post=69130"},{"taxonomy":"post_tag","embeddable":true,"href":"https:\/\/ovelanalista.com\/index.php?rest_route=%2Fwp%2Fv2%2Ftags&post=69130"}],"curies":[{"name":"wp","href":"https:\/\/api.w.org\/{rel}","templated":true}]}}