{"id":69136,"date":"2023-02-21T13:30:57","date_gmt":"2023-02-21T20:30:57","guid":{"rendered":"https:\/\/ovelanalista.com\/?p=69136"},"modified":"2023-02-21T12:15:16","modified_gmt":"2023-02-21T19:15:16","slug":"cinco-estados-levantan-la-mano-para-la-fabrica-de-la-automotriz-en-el-pais","status":"publish","type":"post","link":"https:\/\/ovelanalista.com\/?p=69136","title":{"rendered":"Cinco estados levantan la mano para la f\u00e1brica de la automotriz en el pa\u00eds"},"content":{"rendered":"<p data-t=\"{&quot;n&quot;:&quot;blueLinks&quot;}\">Cinco estados levantaron la mano para ser elegidos por\u00a0<strong>Tesla<\/strong>\u00a0para establecer su nueva planta en\u00a0M\u00e9xico, esto luego de que el presidente\u00a0<strong>Andr\u00e9s Manuel L\u00f3pez Obrador<\/strong>\u00a0asegurara que\u00a0revisar\u00e1 con los directivos de automotriz el mejor lugar para invertir y donde tengan todos los recursos naturales.<\/p>\n<div class=\"article-image-container   \" data-t=\"{&quot;n&quot;:&quot;OpenModal&quot;,&quot;t&quot;:13}\">\n<p data-t=\"{&quot;n&quot;:&quot;blueLinks&quot;}\"><strong>Alfredo Ram\u00edrez Bedolla<\/strong>, gobernador de Michoac\u00e1n, asegur\u00f3 que su entidad\u00a0tiene las condiciones necesarias para la instalaci\u00f3n de la automotriz, pues\u00a0el Parque Baj\u00edo Uno cuenta con un mill\u00f3n de metros c\u00fabicos de agua al a\u00f1o,\u00a0440 hect\u00e1reas a un costado de la carretera M\u00e9xico-Guadalajara y el ferrocarril que corre\u00a0desde\u00a0del puerto de\u00a0L\u00e1zaro C\u00e1rdenas a Estados Unidos y Canad\u00e1.<\/p>\n<p data-t=\"{&quot;n&quot;:&quot;blueLinks&quot;}\"><strong>Ram\u00edrez Bedolla\u00a0<\/strong>tambi\u00e9n mencion\u00f3 que est\u00e1\u00a0la Isla de la Palma, en el puerto de L\u00e1zaro C\u00e1rdenas, con 640 hect\u00e1reas y una ubicaci\u00f3n estrat\u00e9gica.<\/p>\n<p data-t=\"{&quot;n&quot;:&quot;blueLinks&quot;}\">Por su parte\u00a0el gobernador de Hidalgo,\u00a0<strong>Julio Menchaca Salazar<\/strong>, asegur\u00f3 que su entidad cuenta con todo lo necesario para albergar a\u00a0<strong>Tesla<\/strong>,\u00a0pues no solo tienen cercan\u00eda con el\u00a0<strong>Aeropuerto Internacional Felipe \u00c1ngeles (AIFA)<\/strong>, sino que cuentan con predios del gobierno estatal\u00a0que pueden usarse para esta inversi\u00f3n.<\/p>\n<div class=\"article-clear-div\"><\/div>\n<blockquote class=\"blockquote-text\"><p>\u201cAdem\u00e1s tenemos el capital humano, con mujeres y hombres de alta preparaci\u00f3n, que no tienen en este momento muchos lugares para su realizaci\u00f3n profesional, buscamos inhibir la migraci\u00f3n de talento generando oportunidades\u201d, sentenci\u00f3.<\/p><\/blockquote>\n<p class=\"continue-read-break\" data-t=\"{&quot;n&quot;:&quot;blueLinks&quot;}\">El gobernador de Coahuila,\u00a0<strong>Miguel \u00c1ngel Riquelme<\/strong>, coment\u00f3 que\u00a0<strong>Tesla<\/strong>\u00a0manifest\u00f3\u00a0su inter\u00e9s de quedarse en el norte del pa\u00eds ya que\u00a0tiene todas las cualidades que buscan y el gobierno federal debe apoyar esta intenci\u00f3n en vez de disuadirlos.<\/p>\n<p class=\"\" data-t=\"{&quot;n&quot;:&quot;blueLinks&quot;}\">Asegur\u00f3 que desde hace dos a\u00f1os platicaron\u00a0con directivos la firma propiedad de\u00a0<strong>Elon Musk<\/strong>, que afirmaron tener inter\u00e9s en el norte. Aclar\u00f3 que a\u00a0Coahuila llegar\u00e1 en 2024 la primera RAM el\u00e9ctrica de\u00a0<strong>Stellantis\u00a0<\/strong>y tractocamiones de\u00a0<strong>Freightliner.<\/strong><\/p>\n<p class=\"\" data-t=\"{&quot;n&quot;:&quot;blueLinks&quot;}\">Por su parte,\u00a0<strong>Enrique Nach\u00f3n Garc\u00eda<\/strong>, secretario de Desarrollo Econ\u00f3mico y Portuario de Veracruz, asegur\u00f3 que esa\u00a0entidad cuenta con un gran potencial para la atracci\u00f3n de inversiones, pues es la quinta econom\u00eda del pa\u00eds y tiene\u00a0el mayor puerto para exportaci\u00f3n de veh\u00edculos.<\/p>\n<p class=\"\" data-t=\"{&quot;n&quot;:&quot;blueLinks&quot;}\">Agreg\u00f3 que son\u00a0el segundo estado con m\u00e1s\u00a0disponibilidad de agua y el primero en generaci\u00f3n de energ\u00eda.<\/p>\n<p class=\"\" data-t=\"{&quot;n&quot;:&quot;blueLinks&quot;}\">Destac\u00f3 que, incluso, con el proyecto del Istmo de Tehuantepec ofrecer\u00e1n grandes oportunidades, pues adem\u00e1s de su mercado natural hacia el este de Estados Unidos y Europa, ahora podr\u00e1n ofrecer, de la mano de Oaxaca, acceso al oeste de\u00a0EU y Asia.<\/p>\n<div class=\"article-clear-div\"><\/div>\n<blockquote class=\"blockquote-text\"><p>\u201cS\u00ed creo que hoy somos una entidad muy atractiva para la inversi\u00f3n extranjera directa, porque tambi\u00e9n hay varios incentivos que se ofrecen como los fiscales, acompa\u00f1amiento de tramitolog\u00eda, apoyo en capacitaci\u00f3n y selecci\u00f3n de personal y se est\u00e1n modificando los planes de estudio de las universidades para garantizar empleo a los ciudadanos, entre otros\u201d.<\/p><\/blockquote>\n<p class=\"\" data-t=\"{&quot;n&quot;:&quot;blueLinks&quot;}\">El alcalde de Cadereyta,\u00a0<strong>Cosme Leal Cant\u00fa<\/strong>, sali\u00f3 en defensa de Nuevo Le\u00f3n, que ya hab\u00eda anunciado que recibir\u00eda la inversi\u00f3n de la firma de autos el\u00e9ctricos en Santa Catarina.<\/p>\n<p class=\"\" data-t=\"{&quot;n&quot;:&quot;blueLinks&quot;}\"><strong>Leal Cant\u00fa\u00a0<\/strong>asegur\u00f3\u00a0que en el municipio que gobierna hay\u00a0terrenos, vialidades y \u201cbastante agua\u201d\u00a0para la compa\u00f1\u00eda.<\/p>\n<div class=\"article-clear-div\"><\/div>\n<blockquote class=\"blockquote-text\"><p>\u201cEl agua que llegue a ocupar (Tesla) es m\u00ednima para lo que\u00a0tiene el estado en la presa El Cuchillo, y con las obras del nuevo acueducto se reforzar\u00e1 el suministro de agua. Y si batallan en Santa Catarina para el agua, aqu\u00ed en Cadereyta tenemos bastante\u201d, asegur\u00f3.<\/p><\/blockquote>\n<\/div>\n<p>&nbsp;<\/p>\n<p>Con informaci\u00f3n de Milenio<\/p>\n","protected":false},"excerpt":{"rendered":"<p>Cinco estados levantaron la mano para ser elegidos por\u00a0Tesla\u00a0para establecer su nueva planta en\u00a0M\u00e9xico, esto luego de que el presidente\u00a0Andr\u00e9s Manuel L\u00f3pez Obrador\u00a0asegurara que\u00a0revisar\u00e1 con los directivos de automotriz el mejor lugar para invertir y donde tengan todos los recursos naturales. Alfredo Ram\u00edrez Bedolla, gobernador de Michoac\u00e1n, asegur\u00f3 que su entidad\u00a0tiene las condiciones necesarias para la instalaci\u00f3n de la automotriz, pues\u00a0el Parque Baj\u00edo Uno cuenta con un mill\u00f3n de metros c\u00fabicos de agua al a\u00f1o,\u00a0440 hect\u00e1reas a un costado de la carretera M\u00e9xico-Guadalajara y el ferrocarril que corre\u00a0desde\u00a0del puerto de\u00a0L\u00e1zaro C\u00e1rdenas a Estados Unidos y Canad\u00e1. Ram\u00edrez Bedolla\u00a0tambi\u00e9n mencion\u00f3 que [&hellip;]<\/p>\n","protected":false},"author":3,"featured_media":69137,"comment_status":"open","ping_status":"open","sticky":false,"template":"","format":"standard","meta":{"_jetpack_newsletter_access":"","_jetpack_dont_email_post_to_subs":false,"_jetpack_newsletter_tier_id":0,"_jetpack_memberships_contains_paywalled_content":false,"_jetpack_feature_clip_id":0,"_jetpack_memberships_contains_paid_content":false,"footnotes":"","jetpack_publicize_message":"","jetpack_publicize_feature_enabled":true,"jetpack_social_post_already_shared":true,"jetpack_social_options":{"image_generator_settings":{"template":"highway","default_image_id":0,"font":"","enabled":false},"version":2},"jetpack_post_was_ever_published":false},"categories":[75,72],"tags":[],"class_list":["post-69136","post","type-post","status-publish","format-standard","has-post-thumbnail","hentry","category-nacional","category-portada","post--single"],"jetpack_publicize_connections":[],"jetpack_featured_media_url":"https:\/\/ovelanalista.com\/wp-content\/uploads\/2023\/02\/AMLO-19.jpeg","jetpack_sharing_enabled":true,"_links":{"self":[{"href":"https:\/\/ovelanalista.com\/index.php?rest_route=\/wp\/v2\/posts\/69136","targetHints":{"allow":["GET"]}}],"collection":[{"href":"https:\/\/ovelanalista.com\/index.php?rest_route=\/wp\/v2\/posts"}],"about":[{"href":"https:\/\/ovelanalista.com\/index.php?rest_route=\/wp\/v2\/types\/post"}],"author":[{"embeddable":true,"href":"https:\/\/ovelanalista.com\/index.php?rest_route=\/wp\/v2\/users\/3"}],"replies":[{"embeddable":true,"href":"https:\/\/ovelanalista.com\/index.php?rest_route=%2Fwp%2Fv2%2Fcomments&post=69136"}],"version-history":[{"count":2,"href":"https:\/\/ovelanalista.com\/index.php?rest_route=\/wp\/v2\/posts\/69136\/revisions"}],"predecessor-version":[{"id":69139,"href":"https:\/\/ovelanalista.com\/index.php?rest_route=\/wp\/v2\/posts\/69136\/revisions\/69139"}],"wp:featuredmedia":[{"embeddable":true,"href":"https:\/\/ovelanalista.com\/index.php?rest_route=\/wp\/v2\/media\/69137"}],"wp:attachment":[{"href":"https:\/\/ovelanalista.com\/index.php?rest_route=%2Fwp%2Fv2%2Fmedia&parent=69136"}],"wp:term":[{"taxonomy":"category","embeddable":true,"href":"https:\/\/ovelanalista.com\/index.php?rest_route=%2Fwp%2Fv2%2Fcategories&post=69136"},{"taxonomy":"post_tag","embeddable":true,"href":"https:\/\/ovelanalista.com\/index.php?rest_route=%2Fwp%2Fv2%2Ftags&post=69136"}],"curies":[{"name":"wp","href":"https:\/\/api.w.org\/{rel}","templated":true}]}}