{"id":69140,"date":"2023-02-21T13:45:04","date_gmt":"2023-02-21T20:45:04","guid":{"rendered":"https:\/\/ovelanalista.com\/?p=69140"},"modified":"2023-02-21T12:17:21","modified_gmt":"2023-02-21T19:17:21","slug":"vamos-a-desayunar-ya-amlo-elude-responder-por-violacion-a-derechos-humanos-en-nicaragua","status":"publish","type":"post","link":"https:\/\/ovelanalista.com\/?p=69140","title":{"rendered":"\u201cVamos a desayunar ya\u201d: AMLO elude responder por violaci\u00f3n a derechos humanos en Nicaragua"},"content":{"rendered":"<p>\u201cVamos a desayunar ya\u201d: AMLO elude responder por violaci\u00f3n a derechos humanos en Nicaragua \u201cVamos a desayunar ya\u201d, as\u00ed respondi\u00f3 el presidente<strong>\u00a0Andr\u00e9s Manuel L\u00f3pez Obrador<\/strong>\u00a0en su conferencia\u00a0<a tabindex=\"0\" href=\"https:\/\/www.eluniversal.com.mx\/nacion\/la-mananera-de-amlo-21-de-febrero-minuto-minuto-0\" target=\"_blank\" rel=\"noopener\" data-t=\"{&quot;n&quot;:&quot;destination&quot;,&quot;t&quot;:13,&quot;b&quot;:1,&quot;c.t&quot;:7}\"><strong>ma\u00f1anera de este martes<\/strong><\/a>\u00a0en Palacio Nacional al ser cuestionado por qu\u00e9 no ha condenado el destierro y retirada de nacionalidad a 222 presos pol\u00edticos de\u00a0<strong>Nicaragua\u00a0<\/strong>por parte del gobierno de\u00a0<strong>Daniel Ortega<\/strong>.<\/p>\n<p data-t=\"{&quot;n&quot;:&quot;blueLinks&quot;}\">\u201c\u00bfCondena usted la violaci\u00f3n a los derechos humanos de los 222 nicarag\u00fcenses y le sofrecer\u00eda la nacionalidad mexicana?\u201d, se le cuestion\u00f3 en el Sal\u00f3n Tesorer\u00eda a L\u00f3pez Obrador.<\/p>\n<p data-t=\"{&quot;n&quot;:&quot;blueLinks&quot;}\">\u201cVamos a desayunar ya y ma\u00f1ana contestamos sobre ese tema\u201d, respondi\u00f3 el presidente L\u00f3pez Obrador.<\/p>\n<h2 class=\"article-sub-heading\">Exmandatarios denuncian silencio de AMLO por acciones en Nicaragua<\/h2>\n<p data-t=\"{&quot;n&quot;:&quot;blueLinks&quot;}\">Apenas el lunes, una veintena de exjefes de Estado y de Gobierno integrantes de la Iniciativa Democr\u00e1tica de Espa\u00f1a y las Am\u00e9ricas (IDEA) denunciaron el silencio de L\u00f3pez Obrador ante el destierro y retirada de nacionalidad a 222 presos pol\u00edticos de Nicaragua.<\/p>\n<p class=\"continue-read-break\" data-t=\"{&quot;n&quot;:&quot;blueLinks&quot;}\">El silencio del mandatario mexicano contrasta con el de otros gobiernos de izquierda de Latinoam\u00e9rica, como el del presidente chileno\u00a0<strong>Gabriel Boric<\/strong>, quien ha condenado el hecho y se ha referido a Ortega como &#8220;dictador&#8221;, y el de Argentina, que este martes ofreci\u00f3 la nacionalidad a los desterrados.<\/p>\n<p data-t=\"{&quot;n&quot;:&quot;blueLinks&quot;}\">El pasado 9 de febrero, las autoridades nicarag\u00fcenses expulsaron a Estados Unidos a un grupo de 222 presos pol\u00edticos por &#8220;traidores a la patria&#8221;, incluidas siete personas que intentaron disputar la presidencia del pa\u00eds a Ortega el pasado a\u00f1o y cinco sacerdotes, a quienes inhabilitaron de por vida para ejercer cargos p\u00fablicos o de elecci\u00f3n.<\/p>\n<p data-t=\"{&quot;n&quot;:&quot;blueLinks&quot;}\">Adem\u00e1s, el d\u00eda 15 las autoridades de Nicaragua despojaron de su nacionalidad a otros 94 nicarag\u00fcenses, entre ellos religiosos, diplom\u00e1ticos, exfuncionarios de Estado, defensores de derechos humanos, disidentes sandinistas, opositores, periodistas, acad\u00e9micos, estudiantes, empresarios y comerciantes .<\/p>\n<p class=\"\" data-t=\"{&quot;n&quot;:&quot;blueLinks&quot;}\">La Secretar\u00eda de Relaciones Exteriores (SRE), a solicitud de EFE, respondi\u00f3 el jueves pasado que &#8220;M\u00e9xico ha dado puntual seguimiento a la situaci\u00f3n de las personas nicarag\u00fcenses deportadas de Nicaragua&#8221;.<\/p>\n<p class=\"\" data-t=\"{&quot;n&quot;:&quot;blueLinks&quot;}\">En este sentido, sostuvo que &#8220;se mantendr\u00e1 atento a que se respeten y protejan los derechos humanos de este grupo de personas, incluidos sus derechos a la nacionalidad y a no ser privada de esta de manera arbitraria&#8221;.<\/p>\n<p class=\"\" data-t=\"{&quot;n&quot;:&quot;blueLinks&quot;}\">&#8220;Y al uso y goce de sus bienes y propiedad a menos que esta sea confiscada o restringida por causas justificadas previstas en las leyes y mediante el pago de una indemnizaci\u00f3n justa&#8221;, matiz\u00f3.<\/p>\n<p class=\"\" data-t=\"{&quot;n&quot;:&quot;blueLinks&quot;}\">Aunque L\u00f3pez Obrador ha condenado de forma expl\u00edcita la crisis de Per\u00fa bajo el mando de Dina Boluarte y ha ofrecido asilo a la familia del exmandatario Pedro Castillo, ha guardado una pol\u00e9mica ambig\u00fcedad ante Nicaragua y las denuncias de represi\u00f3n a opositores por parte del Gobierno de Ortega.<\/p>\n<p data-t=\"{&quot;n&quot;:&quot;blueLinks&quot;}\">\n<p data-t=\"{&quot;n&quot;:&quot;blueLinks&quot;}\">Con informaci\u00f3n de El Universal<\/p>\n","protected":false},"excerpt":{"rendered":"<p>\u201cVamos a desayunar ya\u201d: AMLO elude responder por violaci\u00f3n a derechos humanos en Nicaragua \u201cVamos a desayunar ya\u201d, as\u00ed respondi\u00f3 el presidente\u00a0Andr\u00e9s Manuel L\u00f3pez Obrador\u00a0en su conferencia\u00a0ma\u00f1anera de este martes\u00a0en Palacio Nacional al ser cuestionado por qu\u00e9 no ha condenado el destierro y retirada de nacionalidad a 222 presos pol\u00edticos de\u00a0Nicaragua\u00a0por parte del gobierno de\u00a0Daniel Ortega. \u201c\u00bfCondena usted la violaci\u00f3n a los derechos humanos de los 222 nicarag\u00fcenses y le sofrecer\u00eda la nacionalidad mexicana?\u201d, se le cuestion\u00f3 en el Sal\u00f3n Tesorer\u00eda a L\u00f3pez Obrador. \u201cVamos a desayunar ya y ma\u00f1ana contestamos sobre ese tema\u201d, respondi\u00f3 el presidente L\u00f3pez Obrador. Exmandatarios [&hellip;]<\/p>\n","protected":false},"author":3,"featured_media":68763,"comment_status":"open","ping_status":"open","sticky":false,"template":"","format":"standard","meta":{"_jetpack_newsletter_access":"","_jetpack_dont_email_post_to_subs":false,"_jetpack_newsletter_tier_id":0,"_jetpack_memberships_contains_paywalled_content":false,"_jetpack_feature_clip_id":0,"_jetpack_memberships_contains_paid_content":false,"footnotes":"","jetpack_publicize_message":"","jetpack_publicize_feature_enabled":true,"jetpack_social_post_already_shared":true,"jetpack_social_options":{"image_generator_settings":{"template":"highway","default_image_id":0,"font":"","enabled":false},"version":2},"jetpack_post_was_ever_published":false},"categories":[75,72],"tags":[],"class_list":["post-69140","post","type-post","status-publish","format-standard","has-post-thumbnail","hentry","category-nacional","category-portada","post--single"],"jetpack_publicize_connections":[],"jetpack_featured_media_url":"https:\/\/ovelanalista.com\/wp-content\/uploads\/2023\/02\/AMLO-13.jpeg","jetpack_sharing_enabled":true,"_links":{"self":[{"href":"https:\/\/ovelanalista.com\/index.php?rest_route=\/wp\/v2\/posts\/69140","targetHints":{"allow":["GET"]}}],"collection":[{"href":"https:\/\/ovelanalista.com\/index.php?rest_route=\/wp\/v2\/posts"}],"about":[{"href":"https:\/\/ovelanalista.com\/index.php?rest_route=\/wp\/v2\/types\/post"}],"author":[{"embeddable":true,"href":"https:\/\/ovelanalista.com\/index.php?rest_route=\/wp\/v2\/users\/3"}],"replies":[{"embeddable":true,"href":"https:\/\/ovelanalista.com\/index.php?rest_route=%2Fwp%2Fv2%2Fcomments&post=69140"}],"version-history":[{"count":1,"href":"https:\/\/ovelanalista.com\/index.php?rest_route=\/wp\/v2\/posts\/69140\/revisions"}],"predecessor-version":[{"id":69142,"href":"https:\/\/ovelanalista.com\/index.php?rest_route=\/wp\/v2\/posts\/69140\/revisions\/69142"}],"wp:featuredmedia":[{"embeddable":true,"href":"https:\/\/ovelanalista.com\/index.php?rest_route=\/wp\/v2\/media\/68763"}],"wp:attachment":[{"href":"https:\/\/ovelanalista.com\/index.php?rest_route=%2Fwp%2Fv2%2Fmedia&parent=69140"}],"wp:term":[{"taxonomy":"category","embeddable":true,"href":"https:\/\/ovelanalista.com\/index.php?rest_route=%2Fwp%2Fv2%2Fcategories&post=69140"},{"taxonomy":"post_tag","embeddable":true,"href":"https:\/\/ovelanalista.com\/index.php?rest_route=%2Fwp%2Fv2%2Ftags&post=69140"}],"curies":[{"name":"wp","href":"https:\/\/api.w.org\/{rel}","templated":true}]}}