{"id":69141,"date":"2023-02-21T14:00:13","date_gmt":"2023-02-21T21:00:13","guid":{"rendered":"https:\/\/ovelanalista.com\/?p=69141"},"modified":"2023-02-21T12:18:38","modified_gmt":"2023-02-21T19:18:38","slug":"asf-halla-retrasos-en-extension-de-l12-por-predios","status":"publish","type":"post","link":"https:\/\/ovelanalista.com\/?p=69141","title":{"rendered":"ASF halla retrasos en extensi\u00f3n de L12 por predios"},"content":{"rendered":"<p>ASF halla retrasos en extensi\u00f3n de L12 por predios La Auditor\u00eda Superior de la Federaci\u00f3n (ASF) detect\u00f3, en el informe de la Cuenta P\u00fablica 2021, que la ampliaci\u00f3n de la L\u00ednea 12 del Metro, de Mixcoac a Observatorio, presenta atrasos de m\u00e1s de 340% por la falta de liberaci\u00f3n de predios, y tambi\u00e9n se hall\u00f3 un posible da\u00f1o al erario por m\u00e1s de 25 millones de pesos.<\/p>\n<p data-t=\"{&quot;n&quot;:&quot;blueLinks&quot;}\">De acuerdo al informe de la ASF, en el ejercicio de 2021 siguieron sin liberarse los derechos de propiedad de 24 predios, de un total de 56, para la ejecuci\u00f3n del proyecto, lo que, sumado a la problem\u00e1tica de los asentamientos diferenciales en las colonias 1\u00aa Victoria, Cove y Minas de Cristo, en \u00c1lvaro Obreg\u00f3n, as\u00ed como a los desplazamientos de los t\u00faneles del intertramo correspondientes a las colonias mencionadas, \u201cha generado atrasos, calculados al 14 de octubre de 2022 (fecha de la visita de verificaci\u00f3n f\u00edsica) de hasta el 344% en los contratos de obra civil y de servicios de la primera etapa\u201d.<\/p>\n<p data-t=\"{&quot;n&quot;:&quot;blueLinks&quot;}\">Se precisa que, a pesar de estos atrasos, la administraci\u00f3n capitalina continu\u00f3 formalizando contratos de obras p\u00fablicas y de servicios en los que otorg\u00f3 anticipos, pero sin poder iniciar los trabajos y servicios contratados, manteniendo suspendidos los contratos mediante diversas actas.<\/p>\n<p class=\"continue-read-break\" data-t=\"{&quot;n&quot;:&quot;blueLinks&quot;}\">El gobierno capitalino aclar\u00f3 que de los 24 predios sin liberar, al t\u00e9rmino del ejercicio 2021 faltaban de liberar 19, y que la entidad encargada y \u00fanica responsable de llevar a cabo la gesti\u00f3n de la liberaci\u00f3n correspondiente al derecho de v\u00eda es el Sistema de Transporte Colectivo (STC).<\/p>\n<p class=\"\" data-t=\"{&quot;n&quot;:&quot;blueLinks&quot;}\">Asimismo, el informe revela cuatro presumibles da\u00f1os a la hacienda Hacienda P\u00fablica Federal o al patrimonio del Gobierno de la Ciudad de M\u00e9xico por m\u00e1s de 25 millones de pesos.<\/p>\n<p class=\"\" data-t=\"{&quot;n&quot;:&quot;blueLinks&quot;}\">El primero de \u00e9stos es por 14 millones 89 mil 907 pesos por los pagos indebidos realizados por concepto de gastos no recuperables de 2016 a 2021, pagados en el ejercicio de 2021.<\/p>\n<div class=\"article-clear-div\"><\/div>\n<p class=\"\" data-t=\"{&quot;n&quot;:&quot;blueLinks&quot;}\">El segundo probable da\u00f1o es por un mill\u00f3n 279 mil 962 pesos por pagos indebidos por servicios de supervisi\u00f3n correspondientes a las actividades de Coordinador de dise\u00f1o de instalaciones mec\u00e1nicas y v\u00edas, Coordinador de instalaciones mec\u00e1nicas y v\u00edas, Auxiliar t\u00e9cnico de dise\u00f1o de instalaciones mec\u00e1nicas y v\u00edas y Auxiliar t\u00e9cnico de instalaciones mec\u00e1nicas y v\u00edas.<\/p>\n<p class=\"\" data-t=\"{&quot;n&quot;:&quot;blueLinks&quot;}\">Tambi\u00e9n se identific\u00f3 otro presunto da\u00f1o por siete millones 289 mil 878 pesos en el contrato de servicios DGOT-LPN-F-5-026-19, que tiene por objeto la supervisi\u00f3n del proyecto de implantaci\u00f3n de v\u00eda.<\/p>\n<p class=\"\" data-t=\"{&quot;n&quot;:&quot;blueLinks&quot;}\">El cuarto presunto da\u00f1o fue por un monto de tres millones 51 mil 880 pesos por los servicios de supervisi\u00f3n pagados en exceso a la contratista para la supervisi\u00f3n de la fabricaci\u00f3n, suministro, instalaci\u00f3n y pruebas de los sistemas de ventilaci\u00f3n mayor, protecci\u00f3n contra incendios y desplazamiento de usuarios (escaleras mec\u00e1nicas y elevadores) para la Ampliaci\u00f3n de la L\u00ednea 12 del Metro.<\/p>\n<p class=\"\" data-t=\"{&quot;n&quot;:&quot;blueLinks&quot;}\">La administraci\u00f3n capitalina todav\u00eda tiene algunos d\u00edas para aclarar estas irregularidades halladas por la ASF.<\/p>\n<p class=\"\" data-t=\"{&quot;n&quot;:&quot;blueLinks&quot;}\">Cabe recordar, que los trabajos para ampliar la L\u00ednea 12 del Metro comenzaron en abril de 2016 y concluir\u00e1n hasta abril de 2024, como coment\u00f3 hace unos d\u00edas el secretario de Obras, Jesus Esteva.<\/p>\n<p class=\"\" data-t=\"{&quot;n&quot;:&quot;blueLinks&quot;}\">El proyecto de ampliaci\u00f3n de la L\u00ednea 12 del Metro tiene por objeto construir 3.59 km de longitud de t\u00fanel y 1.09 km de construcci\u00f3n de estaciones, el dep\u00f3sito de trenes y zona de transici\u00f3n para un total de 4.68 km de construcci\u00f3n hasta la nueva estaci\u00f3n terminal de la L\u00ednea 1 en Observatorio.<\/p>\n<p data-t=\"{&quot;n&quot;:&quot;blueLinks&quot;}\">\n<p data-t=\"{&quot;n&quot;:&quot;blueLinks&quot;}\">Con informaci\u00f3n de El Universal<\/p>\n","protected":false},"excerpt":{"rendered":"<p>ASF halla retrasos en extensi\u00f3n de L12 por predios La Auditor\u00eda Superior de la Federaci\u00f3n (ASF) detect\u00f3, en el informe de la Cuenta P\u00fablica 2021, que la ampliaci\u00f3n de la L\u00ednea 12 del Metro, de Mixcoac a Observatorio, presenta atrasos de m\u00e1s de 340% por la falta de liberaci\u00f3n de predios, y tambi\u00e9n se hall\u00f3 un posible da\u00f1o al erario por m\u00e1s de 25 millones de pesos. De acuerdo al informe de la ASF, en el ejercicio de 2021 siguieron sin liberarse los derechos de propiedad de 24 predios, de un total de 56, para la ejecuci\u00f3n del proyecto, lo [&hellip;]<\/p>\n","protected":false},"author":3,"featured_media":69144,"comment_status":"open","ping_status":"open","sticky":false,"template":"","format":"standard","meta":{"_jetpack_newsletter_access":"","_jetpack_dont_email_post_to_subs":false,"_jetpack_newsletter_tier_id":0,"_jetpack_memberships_contains_paywalled_content":false,"_jetpack_feature_clip_id":0,"_jetpack_memberships_contains_paid_content":false,"footnotes":"","jetpack_publicize_message":"","jetpack_publicize_feature_enabled":true,"jetpack_social_post_already_shared":true,"jetpack_social_options":{"image_generator_settings":{"template":"highway","default_image_id":0,"font":"","enabled":false},"version":2},"jetpack_post_was_ever_published":false},"categories":[75,72],"tags":[],"class_list":["post-69141","post","type-post","status-publish","format-standard","has-post-thumbnail","hentry","category-nacional","category-portada","post--single"],"jetpack_publicize_connections":[],"jetpack_featured_media_url":"https:\/\/ovelanalista.com\/wp-content\/uploads\/2023\/02\/L12.jpeg","jetpack_sharing_enabled":true,"_links":{"self":[{"href":"https:\/\/ovelanalista.com\/index.php?rest_route=\/wp\/v2\/posts\/69141","targetHints":{"allow":["GET"]}}],"collection":[{"href":"https:\/\/ovelanalista.com\/index.php?rest_route=\/wp\/v2\/posts"}],"about":[{"href":"https:\/\/ovelanalista.com\/index.php?rest_route=\/wp\/v2\/types\/post"}],"author":[{"embeddable":true,"href":"https:\/\/ovelanalista.com\/index.php?rest_route=\/wp\/v2\/users\/3"}],"replies":[{"embeddable":true,"href":"https:\/\/ovelanalista.com\/index.php?rest_route=%2Fwp%2Fv2%2Fcomments&post=69141"}],"version-history":[{"count":1,"href":"https:\/\/ovelanalista.com\/index.php?rest_route=\/wp\/v2\/posts\/69141\/revisions"}],"predecessor-version":[{"id":69145,"href":"https:\/\/ovelanalista.com\/index.php?rest_route=\/wp\/v2\/posts\/69141\/revisions\/69145"}],"wp:featuredmedia":[{"embeddable":true,"href":"https:\/\/ovelanalista.com\/index.php?rest_route=\/wp\/v2\/media\/69144"}],"wp:attachment":[{"href":"https:\/\/ovelanalista.com\/index.php?rest_route=%2Fwp%2Fv2%2Fmedia&parent=69141"}],"wp:term":[{"taxonomy":"category","embeddable":true,"href":"https:\/\/ovelanalista.com\/index.php?rest_route=%2Fwp%2Fv2%2Fcategories&post=69141"},{"taxonomy":"post_tag","embeddable":true,"href":"https:\/\/ovelanalista.com\/index.php?rest_route=%2Fwp%2Fv2%2Ftags&post=69141"}],"curies":[{"name":"wp","href":"https:\/\/api.w.org\/{rel}","templated":true}]}}