{"id":69147,"date":"2023-02-21T14:45:26","date_gmt":"2023-02-21T21:45:26","guid":{"rendered":"https:\/\/ovelanalista.com\/?p=69147"},"modified":"2023-02-21T12:24:04","modified_gmt":"2023-02-21T19:24:04","slug":"2023-arranco-violento-homicidios-dolosos-suben-6-4-en-enero","status":"publish","type":"post","link":"https:\/\/ovelanalista.com\/?p=69147","title":{"rendered":"2023 \u2018arranc\u00f3\u2019 violento: homicidios dolosos suben 6.4% en enero"},"content":{"rendered":"<div class=\"row\">\n<div class=\"col-sm-xl-12 layout-section wrap-bottom\">\n<h2 class=\"primary-font__PrimaryFontStyles-o56yd5-0 heuGTu h4-primary sub-headline\">Durante la ma\u00f1anera se present\u00f3 un informe de seguridad en el que se inform\u00f3 que en enero de 2023 se registraron 2 mil 582 casos.<\/h2>\n<div class=\"default__StyledDiv-cj38t1-0 gCPfDm share-bar\"><\/div>\n<\/div>\n<\/div>\n<div class=\"col-sm-md-12 col-lg-xl-8 left-article-section ie-flex-100-percent-sm layout-section\">\n<p class=\"default__StyledText-xb1qmn-0 cgXrXK body-paragraph\">El presidente\u00a0<a href=\"https:\/\/www.elfinanciero.com.mx\/tags\/andres-manuel-lopez-obrador\/\" target=\"_blank\" rel=\"noopener\"><b>Andr\u00e9s Manuel L\u00f3pez Obrador\u00a0<\/b><\/a>ofrece su tradicional conferencia de prensa matutina este martes 21 de febrero de 2023 acompa\u00f1ado de\u00a0<b>Jorge Mendoza<\/b>, director de\u00a0<a href=\"https:\/\/www.elfinanciero.com.mx\/economia\/2022\/09\/20\/banobras-coloco-de-manera-exitosa-tres-bonos-por-16-mil-mdp-como-parte-de-su-programa-de-refinanciamiento-2022-2023\/\" target=\"_blank\" rel=\"noopener\"><b>Banobras<\/b><\/a>;\u00a0<b>Rosa Icela Rodr\u00edguez<\/b>, secretar\u00eda de Seguridad P\u00fablica;\u00a0<b>Luis Cresencio Sandoval<\/b>, secretario de la Defensa Nacional y el almirante\u00a0<b>Jos\u00e9 Rafael Ojeda<\/b>, secretario de Marina.<\/p>\n<h3 class=\"heading__StyledHeading-sc-5jxglz-0 kSxoe\"><b>AMLO descarta que \u2018Plan B\u2019 de la reforma electoral despierte al M\u00e9xico \u2018bronco y violento\u2019<\/b><\/h3>\n<div>\n<div>\n<div class=\"trv-player-container\">\n<div class=\"trv-wrapper\">\n<div id=\"br_video_player_1615b\" class=\"trvd_video_player\">\n<div class=\"media-player\">\n<div class=\"links-overlay\">\n<div class=\"links-button\">Andr\u00e9s Manuel L\u00f3pez Obrador descart\u00f3 que el\u00a0<a href=\"https:\/\/www.elfinanciero.com.mx\/nacional\/2023\/02\/20\/plan-b-de-reforma-electoral-eliminan-clausula-de-vida-eterna-en-comisiones\/\" target=\"_blank\" rel=\"noopener\">\u2018<b>Plan B<\/b>\u2019\u00a0<b>de la reforma electoral <\/b><\/a>despierte al M\u00e9xico \u2018<b>bronco y violento<\/b>\u2019, como se\u00f1al\u00f3\u00a0<a href=\"https:\/\/www.elfinanciero.com.mx\/nacional\/2023\/02\/21\/cordova-alerta-democracia-en-el-pais-perecera-con-el-plan-b\/\" target=\"_blank\" rel=\"noopener\"><b>Lorenzo C\u00f3rdova<\/b><\/a>, consejero presidente del INE.<\/div>\n<\/div>\n<\/div>\n<\/div>\n<\/div>\n<\/div>\n<\/div>\n<\/div>\n<\/div>\n<div><\/div>\n<div>\n<p class=\"default__StyledText-xb1qmn-0 cgXrXK body-paragraph\">Cuestionado sobre estas declaraciones, el mandatario mexicano afirm\u00f3 que el pueblo mexicano act\u00faa con responsabilidad y record\u00f3 cuando\u00a0<b>Lorenzo C\u00f3rdova fue exhibido burl\u00e1ndose de la manera de hablar de un hombre ind\u00edgena<\/b>.<\/p>\n<p class=\"default__StyledText-xb1qmn-0 cgXrXK body-paragraph\">\u201cNo hay ning\u00fan problema porque el pueblo es muy\u00a0<b>responsable\u00a0<\/b>y ellos ya se divorciaron por completo del pueblo. Nunca estuvieron en correspondencia y comunicaci\u00f3n con el pueblo.<a href=\"https:\/\/www.elfinanciero.com.mx\/nacional\/difunden-audio-de-cordova-mofandose-de-indigenas-ine-presenta-denuncia-ante-pgr\/\" target=\"_blank\" rel=\"noopener\"><b>\u00a0Lorenzo C\u00f3rdova es el que se burlaba de ind\u00edgenas y mostr\u00f3 su racismo<\/b><\/a>, son d\u00e9spotas y prepotentes. Adem\u00e1s, la gente est\u00e1 a favor de que contin\u00fae la transformaci\u00f3n\u201d, asegur\u00f3 AMLO en Palacio Nacional.<\/p>\n<p class=\"default__StyledText-xb1qmn-0 cgXrXK body-paragraph\">En este contexto, L\u00f3pez Obrador reiter\u00f3 que el\u00a0<b>INE\u00a0<\/b>es un organismo muy costoso, mismo que est\u00e1 al servicio de los potentados y avala los fraudes electorales.<\/p>\n<p class=\"default__StyledText-xb1qmn-0 cgXrXK body-paragraph\">El titular del Ejecutivo se refiri\u00f3 a las advertencias de Lorenzo C\u00f3rdova realizadas durante la presentaci\u00f3n del \u00cdndice de Desarrollo Democr\u00e1tico 2022 el lunes 20 de febrero en las que dijo que\u00a0<a href=\"https:\/\/www.elfinanciero.com.mx\/nacional\/2023\/02\/21\/cordova-alerta-democracia-en-el-pais-perecera-con-el-plan-b\/\" target=\"_blank\" rel=\"noopener\"><b>M\u00e9xico \u2018perecer\u00e1\u2019 con \u2018Plan B\u2019 de reforma electoral<\/b><\/a>.<\/p>\n<blockquote class=\"twitter-tweet\" data-width=\"550\" data-dnt=\"true\">\n<p lang=\"es\" dir=\"ltr\"><a href=\"https:\/\/twitter.com\/hashtag\/EnLaMa%C3%B1anera?src=hash&amp;ref_src=twsrc%5Etfw\">#EnLaMa\u00f1anera<\/a> | &#39;No es que les preocupe la democracia; el presidente <a href=\"https:\/\/twitter.com\/lopezobrador_?ref_src=twsrc%5Etfw\">@lopezobrador_<\/a> asegura que el &#39;plan B&#39; de la <a href=\"https:\/\/twitter.com\/hashtag\/ReformaElectoral?src=hash&amp;ref_src=twsrc%5Etfw\">#ReformaElectoral<\/a> no es un agravio electoral, pues \u00e9l busca eliminar privilegios de &#39;todos los que viv\u00edan del presupuesto&#39;. <a href=\"https:\/\/t.co\/ofM4WUAuT3\">pic.twitter.com\/ofM4WUAuT3<\/a><\/p>\n<p>&mdash; El Financiero TV (@ElFinancieroTv) <a href=\"https:\/\/twitter.com\/ElFinancieroTv\/status\/1628055063590477825?ref_src=twsrc%5Etfw\">February 21, 2023<\/a><\/p><\/blockquote>\n<p><script async src=\"https:\/\/platform.twitter.com\/widgets.js\" charset=\"utf-8\"><\/script><\/p>\n<p>&nbsp;<\/p>\n<\/div>\n<div class=\"col-sm-md-12 col-lg-xl-8 left-article-section ie-flex-100-percent-sm layout-section\">\n<div>\n<div>\n<div class=\"trv-player-container\">\n<div class=\"trv-wrapper\">\n<div>\n<h3 class=\"heading__StyledHeading-sc-5jxglz-0 kSxoe\"><b>Las cifras de homicidios y feminicidios en enero 2023<\/b><\/h3>\n<p class=\"default__StyledText-xb1qmn-0 cgXrXK body-paragraph\">Rosa Icela Rodr\u00edguez, secretaria de Seguridad y Protecci\u00f3n Ciudadana (SSPC), dio a conocer las cifras de\u00a0<a href=\"https:\/\/www.elfinanciero.com.mx\/nacional\/2023\/01\/17\/homicidio-doloso-aumenta-77-en-diciembre-casos-suman-30968-en-2022\/\" target=\"_blank\" rel=\"noopener\"><b>homicidios dolosos\u00a0<\/b><\/a>y\u00a0<a href=\"https:\/\/www.elfinanciero.com.mx\/estados\/2023\/02\/16\/violencia-contra-las-mujeres-2022-el-ano-con-mas-feminicidios-en-morelos\/\" target=\"_blank\" rel=\"noopener\"><b>feminicidios\u00a0<\/b><\/a>registrados en enero de 2023.<\/p>\n<p class=\"default__StyledText-xb1qmn-0 cgXrXK body-paragraph\">El n\u00famero de\u00a0<a href=\"https:\/\/www.elfinanciero.com.mx\/nacional\/2022\/12\/28\/en-diciembre-repuntan-los-homicidios-dolosos\/\"><b>homicidios dolosos<\/b><\/a>\u00a0registr\u00f3 un repunte de<b>\u00a06.43 por ciento<\/b>\u00a0en enero de 2023, de acuerdo con las cifras presentadas en la conferencia matutina.<\/p>\n<p class=\"default__StyledText-xb1qmn-0 cgXrXK body-paragraph\">Durante el primer mes del a\u00f1o, se contabilizaron un total de<b>\u00a02 mil 582 homicidios dolosos<\/b>, 156 casos m\u00e1s que en enero de 2022.<\/p>\n<p class=\"default__StyledText-xb1qmn-0 cgXrXK body-paragraph\">De acuerdo a datos de la SSPC,\u00a0<b>M\u00e9xico registr\u00f3 un promedio 85 homicidios dolosos diarios de febrero de 2022 a enero de 2023<\/b>.<\/p>\n<blockquote class=\"twitter-tweet\" data-width=\"550\" data-dnt=\"true\">\n<p lang=\"es\" dir=\"ltr\"><a href=\"https:\/\/twitter.com\/hashtag\/EnLaMa%C3%B1anera?src=hash&amp;ref_src=twsrc%5Etfw\">#EnLaMa\u00f1anera<\/a> | <a href=\"https:\/\/twitter.com\/rosaicela_?ref_src=twsrc%5Etfw\">@rosaicela_<\/a>, secretaria de <a href=\"https:\/\/twitter.com\/SSPCMexico?ref_src=twsrc%5Etfw\">@SSPCMexico<\/a>, dio a conocer que el n\u00famero de homicidios dolosos registr\u00f3 un repunte de 6.43% en enero de 2023; en <a href=\"https:\/\/twitter.com\/hashtag\/feminicidio?src=hash&amp;ref_src=twsrc%5Etfw\">#feminicidio<\/a>, hubo una baja de 28.7% con respecto a la cifra de 2020, fecha en que comenz\u00f3 a tipificarse como delito. <a href=\"https:\/\/t.co\/FBDk1kyy8L\">pic.twitter.com\/FBDk1kyy8L<\/a><\/p>\n<p>&mdash; El Financiero TV (@ElFinancieroTv) <a href=\"https:\/\/twitter.com\/ElFinancieroTv\/status\/1628041304834732034?ref_src=twsrc%5Etfw\">February 21, 2023<\/a><\/p><\/blockquote>\n<p><script async src=\"https:\/\/platform.twitter.com\/widgets.js\" charset=\"utf-8\"><\/script><\/p>\n<p class=\"default__StyledText-xb1qmn-0 cgXrXK body-paragraph\"><b>Seis estados<\/b>\u00a0de la Rep\u00fablica\u00a0<b>concentraron casi la mitad\u00a0<\/b>de los homicidios dolosos registrados en todo 2022.<\/p>\n<p class=\"default__StyledText-xb1qmn-0 cgXrXK body-paragraph\">Estos estados son:<\/p>\n<ul class=\"list__StyledUnorderedList-sc-1wwq737-2 elaPtt\">\n<li class=\"list__StyledListItem-sc-1wwq737-0 dmVxvi\">Estado de M\u00e9xico<\/li>\n<li class=\"list__StyledListItem-sc-1wwq737-0 dmVxvi\">Guanajuato<\/li>\n<li class=\"list__StyledListItem-sc-1wwq737-0 dmVxvi\">Baja California<\/li>\n<li class=\"list__StyledListItem-sc-1wwq737-0 dmVxvi\">Chihuahua<\/li>\n<li class=\"list__StyledListItem-sc-1wwq737-0 dmVxvi\">Jalisco<\/li>\n<li class=\"list__StyledListItem-sc-1wwq737-0 dmVxvi\">Guerrero<\/li>\n<\/ul>\n<figure class=\"article-body-image-container\"><picture class=\"Image__StyledPicture-sc-8yioqf-0 iKCNis\"><source srcset=\"https:\/\/www.elfinanciero.com.mx\/resizer\/1SKGmeyLC8-HR0raQdzxvUgdXt0=\/1440x0\/filters:format(jpg):quality(70)\/cloudfront-us-east-1.images.arcpublishing.com\/elfinanciero\/2VIQ7TKFOJDM5EF6S4N2PMMG3I.jpeg\" media=\"screen and (min-width: 1024px)\" \/><source srcset=\"https:\/\/www.elfinanciero.com.mx\/resizer\/HH8-eNzsppco4aMEGa2l04TA-jg=\/1024x0\/filters:format(jpg):quality(70)\/cloudfront-us-east-1.images.arcpublishing.com\/elfinanciero\/2VIQ7TKFOJDM5EF6S4N2PMMG3I.jpeg\" media=\"screen and (min-width: 768px)\" \/><source srcset=\"https:\/\/www.elfinanciero.com.mx\/resizer\/uKTvJsl9HY08v53jLRt_Kpiimk0=\/768x0\/filters:format(jpg):quality(70)\/cloudfront-us-east-1.images.arcpublishing.com\/elfinanciero\/2VIQ7TKFOJDM5EF6S4N2PMMG3I.jpeg\" media=\"screen and (min-width: 0px)\" \/><img loading=\"lazy\" decoding=\"async\" src=\"https:\/\/www.elfinanciero.com.mx\/resizer\/1SKGmeyLC8-HR0raQdzxvUgdXt0=\/1440x0\/filters:format(jpg):quality(70)\/cloudfront-us-east-1.images.arcpublishing.com\/elfinanciero\/2VIQ7TKFOJDM5EF6S4N2PMMG3I.jpeg\" width=\"1440\" height=\"0\" \/><\/picture><figcaption>\n<p class=\"ImageMetadata__MetadataParagraph-sc-1gn0vty-0 hFKYPp image-metadata\"><span class=\"title\">Gr\u00e1fica de homicidios dolosos<\/span><\/p>\n<\/figcaption><\/figure>\n<p class=\"default__StyledText-xb1qmn-0 cgXrXK body-paragraph\">Sobre los casos de\u00a0<b>feminicidio<\/b>, la secretaria de Seguridad report\u00f3<b>\u00a072 casos en enero de 2023<\/b>, nueve menos que los contabilizados en enero de 2022, lo que representa una disminuci\u00f3n de 12.5 por ciento.<\/p>\n<figure class=\"article-body-image-container\"><picture class=\"Image__StyledPicture-sc-8yioqf-0 iKCNis\"><source srcset=\"https:\/\/www.elfinanciero.com.mx\/resizer\/7e2lo6AtYkTspS-3xgQFTuRsRJQ=\/1440x0\/filters:format(jpg):quality(70)\/cloudfront-us-east-1.images.arcpublishing.com\/elfinanciero\/KDSPP5H2KJGNVPBRE7LDPWUVAE.jpeg\" media=\"screen and (min-width: 1024px)\" \/><source srcset=\"https:\/\/www.elfinanciero.com.mx\/resizer\/y_xDEe-wwzGelYS6E5yqOSSg57Q=\/1024x0\/filters:format(jpg):quality(70)\/cloudfront-us-east-1.images.arcpublishing.com\/elfinanciero\/KDSPP5H2KJGNVPBRE7LDPWUVAE.jpeg\" media=\"screen and (min-width: 768px)\" \/><source srcset=\"https:\/\/www.elfinanciero.com.mx\/resizer\/qvdA_qPke8_yjr992eAUD6Rs5ys=\/768x0\/filters:format(jpg):quality(70)\/cloudfront-us-east-1.images.arcpublishing.com\/elfinanciero\/KDSPP5H2KJGNVPBRE7LDPWUVAE.jpeg\" media=\"screen and (min-width: 0px)\" \/><img loading=\"lazy\" decoding=\"async\" src=\"https:\/\/www.elfinanciero.com.mx\/resizer\/7e2lo6AtYkTspS-3xgQFTuRsRJQ=\/1440x0\/filters:format(jpg):quality(70)\/cloudfront-us-east-1.images.arcpublishing.com\/elfinanciero\/KDSPP5H2KJGNVPBRE7LDPWUVAE.jpeg\" width=\"1440\" height=\"0\" \/><\/picture><figcaption>\n<p class=\"ImageMetadata__MetadataParagraph-sc-1gn0vty-0 hFKYPp image-metadata\"><span class=\"title\">Cifra de feminicidios en M\u00e9xico durante los \u00faltimos 8 a\u00f1os.<\/span><\/p>\n<\/figcaption><\/figure>\n<h3 class=\"heading__StyledHeading-sc-5jxglz-0 kSxoe\"><b>Equipo de rescate de M\u00e9xico en Turqu\u00eda logr\u00f3 el rescate de 4 personas con vida y de 37 cuerpos<\/b><\/h3>\n<p class=\"default__StyledText-xb1qmn-0 cgXrXK body-paragraph\">Luis Cresencio Sandoval, titular de la\u00a0<b>Sedena<\/b>, inform\u00f3 que todo el\u00a0<b>equipo de rescate mexicano enviado<\/b>\u00a0a\u00a0<a href=\"https:\/\/www.elfinanciero.com.mx\/mundo\/2023\/02\/20\/nuevo-terremoto-en-turquia-sismo-de-64-golpea-la-provincia-de-hatay\/\" target=\"_blank\" rel=\"noopener\"><b>Turqu\u00eda\u00a0<\/b><\/a>tras los devastadores sismos de 7.8 y 7.5 grados ya se encuentra en M\u00e9xico.<\/p>\n<p class=\"default__StyledText-xb1qmn-0 cgXrXK body-paragraph\">La delegaci\u00f3n -conformada por 93 elementos del Ej\u00e9rcito, 37 de la Marina, 15 de la Cruz Roja y 5 de la Secretar\u00eda de Relaciones Exteriores- lleg\u00f3\u00a0<b>sana y salva<\/b>, con excepci\u00f3n del fallecimiento del perrito rescatista\u00a0<a href=\"https:\/\/www.elfinanciero.com.mx\/nacional\/2023\/02\/12\/muere-proteo-perro-rescatistas-de-sedena-algun-dia-nos-volveremos-a-ver-dice-companero\/\" target=\"_blank\" rel=\"noopener\"><b>Proteo<\/b><\/a>, quien<a href=\"https:\/\/www.elfinanciero.com.mx\/nacional\/2023\/02\/16\/mision-cumplida-proteo-regresa-a-mexico-y-fue-recibido-como-un-heroe\/\" target=\"_blank\" rel=\"noopener\">\u00a0muri\u00f3 el viernes 10 de febrero<\/a>\u00a0tras realizar actividades de b\u00fasqueda a personas atrapadas.<\/p>\n<p class=\"default__StyledText-xb1qmn-0 cgXrXK body-paragraph\">El equipo mexicano logro:<\/p>\n<ul class=\"list__StyledUnorderedList-sc-1wwq737-2 elaPtt\">\n<li class=\"list__StyledListItem-sc-1wwq737-0 dmVxvi\">Rescatar a 4 personas con vida<\/li>\n<li class=\"list__StyledListItem-sc-1wwq737-0 dmVxvi\">Recuperar 37 cuerpos de entre los escombros<\/li>\n<li class=\"list__StyledListItem-sc-1wwq737-0 dmVxvi\">Remover 65 metros cuadrados de escombros<\/li>\n<li class=\"list__StyledListItem-sc-1wwq737-0 dmVxvi\">Realizar 116 consultas m\u00e9dicas<\/li>\n<\/ul>\n<blockquote class=\"twitter-tweet\" data-width=\"550\" data-dnt=\"true\">\n<p lang=\"es\" dir=\"ltr\"><a href=\"https:\/\/twitter.com\/hashtag\/EnLaMa%C3%B1anera?src=hash&amp;ref_src=twsrc%5Etfw\">#EnLaMa\u00f1anera<\/a> | De acuerdo con Luis Cresencio Sandoval, titular de la <a href=\"https:\/\/twitter.com\/SEDENAmx?ref_src=twsrc%5Etfw\">@SedenaMX<\/a>, la ayuda humanitaria de <a href=\"https:\/\/twitter.com\/hashtag\/M%C3%A9xico?src=hash&amp;ref_src=twsrc%5Etfw\">#M\u00e9xico<\/a> en <a href=\"https:\/\/twitter.com\/hashtag\/Chile?src=hash&amp;ref_src=twsrc%5Etfw\">#Chile<\/a> ya est\u00e1 concentrada en las dos \u00e1reas m\u00e1s afectadas por los incendios; en Turqu\u00eda, el equipo de rescate logr\u00f3 salvar 4 personas vivas y recuperar 37 cuerpos. <a href=\"https:\/\/t.co\/NkgTszxSMD\">pic.twitter.com\/NkgTszxSMD<\/a><\/p>\n<p>&mdash; El Financiero TV (@ElFinancieroTv) <a href=\"https:\/\/twitter.com\/ElFinancieroTv\/status\/1628035907721854976?ref_src=twsrc%5Etfw\">February 21, 2023<\/a><\/p><\/blockquote>\n<p><script async src=\"https:\/\/platform.twitter.com\/widgets.js\" charset=\"utf-8\"><\/script><\/p>\n<h3 class=\"heading__StyledHeading-sc-5jxglz-0 kSxoe\"><b>Estas fueron las acciones de la Marina tras la detenci\u00f3n de Ovidio Guzm\u00e1n<\/b><\/h3>\n<p class=\"default__StyledText-xb1qmn-0 cgXrXK body-paragraph\">El almirante Rafael Ojeda dio un informe sobre las acciones que ha realizado la Marina tras la\u00a0<a href=\"https:\/\/www.elfinanciero.com.mx\/mundo\/2023\/01\/06\/detencion-de-ovidio-guzman-no-es-un-logro-insignificante-estamos-agradecidos-dice-eu\/\" target=\"_blank\" rel=\"noopener\"><b>detenci\u00f3n de Ovidio Guzm\u00e1n\u00a0<\/b><\/a>el pasado jueves 5 de enero de 2023.<\/p>\n<p class=\"default__StyledText-xb1qmn-0 cgXrXK body-paragraph\">Entre las operaciones destaca el aseguramiento -tras trabajos de inteligencia- de una<b>\u00a0casa de seguridad\u00a0<\/b>del grupo delincuencial \u2018Los Menores\u2019 en Culiac\u00e1n,\u00a0<a href=\"https:\/\/www.elfinanciero.com.mx\/estados\/2023\/02\/16\/muere-elemento-de-la-guardia-nacional-en-culiacan-durante-enfrentamiento\/\" target=\"_blank\" rel=\"noopener\"><b>Sinaloa<\/b><\/a>,<b>\u00a0<\/b>que fung\u00eda lugar de resguardo de armas de alto calibre y de uso exclusivo del Ej\u00e9rcito.<\/p>\n<p class=\"default__StyledText-xb1qmn-0 cgXrXK body-paragraph\">En el lugar se decomisaron 35 armas largas, 33 cargadores y 3 mil 999 cartuchos.<\/p>\n<figure class=\"article-body-image-container\"><picture class=\"Image__StyledPicture-sc-8yioqf-0 iKCNis\"><source srcset=\"https:\/\/www.elfinanciero.com.mx\/resizer\/YcpKZ8MeWk_Ilh_c3IIFT8Na2Co=\/1440x0\/filters:format(jpg):quality(70)\/cloudfront-us-east-1.images.arcpublishing.com\/elfinanciero\/WTQ57POSUJBIPMP4CZGZIW3XJQ.jpeg\" media=\"screen and (min-width: 1024px)\" \/><source srcset=\"https:\/\/www.elfinanciero.com.mx\/resizer\/9NEAuQmyvdPcErGwz2GowEUf-nw=\/1024x0\/filters:format(jpg):quality(70)\/cloudfront-us-east-1.images.arcpublishing.com\/elfinanciero\/WTQ57POSUJBIPMP4CZGZIW3XJQ.jpeg\" media=\"screen and (min-width: 768px)\" \/><source srcset=\"https:\/\/www.elfinanciero.com.mx\/resizer\/fMVdyEObdh6-NnnFuKp4Sc4ExYM=\/768x0\/filters:format(jpg):quality(70)\/cloudfront-us-east-1.images.arcpublishing.com\/elfinanciero\/WTQ57POSUJBIPMP4CZGZIW3XJQ.jpeg\" media=\"screen and (min-width: 0px)\" \/><img loading=\"lazy\" decoding=\"async\" src=\"https:\/\/www.elfinanciero.com.mx\/resizer\/YcpKZ8MeWk_Ilh_c3IIFT8Na2Co=\/1440x0\/filters:format(jpg):quality(70)\/cloudfront-us-east-1.images.arcpublishing.com\/elfinanciero\/WTQ57POSUJBIPMP4CZGZIW3XJQ.jpeg\" width=\"1440\" height=\"0\" \/><\/picture><figcaption>\n<p class=\"ImageMetadata__MetadataParagraph-sc-1gn0vty-0 hFKYPp image-metadata\">Tras captura de Ovidio Guzm\u00e1n, Marina encontr\u00f3 casa de seguridad en Culiac\u00e1n.<\/p>\n<\/figcaption><\/figure>\n<p class=\"default__StyledText-xb1qmn-0 cgXrXK body-paragraph\">Este aseguramiento se suma al realizado el pasado 3 de enero, cuando el Ej\u00e9rcito y de la Guardia Nacional decomiso\u00a0<b>276 mil pastillas de fentanilo<\/b>,<b>\u00a02 kilogramos de goma de opio<\/b>,\u00a0<b>armamento\u00a0<\/b>y<b>\u00a0veh\u00edculos<\/b>.<\/p>\n<blockquote class=\"twitter-tweet\" data-width=\"550\" data-dnt=\"true\">\n<p lang=\"es\" dir=\"ltr\"><a href=\"https:\/\/twitter.com\/hashtag\/EnLaMa%C3%B1anera?src=hash&amp;ref_src=twsrc%5Etfw\">#EnLaMa\u00f1anera<\/a> | El almirante Rafael Ojeda (<a href=\"https:\/\/twitter.com\/AlmiranteSrio?ref_src=twsrc%5Etfw\">@AlmiranteSrio<\/a>) dio un informe sobre las acciones que ha realizado la Secretar\u00eda de Marina (<a href=\"https:\/\/twitter.com\/SEMAR_mx?ref_src=twsrc%5Etfw\">@SEMAR_mx<\/a>) tras la detenci\u00f3n de Ovidio Guzm\u00e1n el pasado jueves 5 de enero de 2023. <a href=\"https:\/\/t.co\/piBM6Fkx0P\">pic.twitter.com\/piBM6Fkx0P<\/a><\/p>\n<p>&mdash; El Financiero TV (@ElFinancieroTv) <a href=\"https:\/\/twitter.com\/ElFinancieroTv\/status\/1628030462990995456?ref_src=twsrc%5Etfw\">February 21, 2023<\/a><\/p><\/blockquote>\n<p><script async src=\"https:\/\/platform.twitter.com\/widgets.js\" charset=\"utf-8\"><\/script><\/p>\n<p>Con informaci\u00f3n de El Financiero<\/p>\n<\/div>\n<\/div>\n<\/div>\n<\/div>\n<\/div>\n<\/div>\n","protected":false},"excerpt":{"rendered":"<p>Durante la ma\u00f1anera se present\u00f3 un informe de seguridad en el que se inform\u00f3 que en enero de 2023 se registraron 2 mil 582 casos. El presidente\u00a0Andr\u00e9s Manuel L\u00f3pez Obrador\u00a0ofrece su tradicional conferencia de prensa matutina este martes 21 de febrero de 2023 acompa\u00f1ado de\u00a0Jorge Mendoza, director de\u00a0Banobras;\u00a0Rosa Icela Rodr\u00edguez, secretar\u00eda de Seguridad P\u00fablica;\u00a0Luis Cresencio Sandoval, secretario de la Defensa Nacional y el almirante\u00a0Jos\u00e9 Rafael Ojeda, secretario de Marina. AMLO descarta que \u2018Plan B\u2019 de la reforma electoral despierte al M\u00e9xico \u2018bronco y violento\u2019 Andr\u00e9s Manuel L\u00f3pez Obrador descart\u00f3 que el\u00a0\u2018Plan B\u2019\u00a0de la reforma electoral despierte al M\u00e9xico \u2018bronco y [&hellip;]<\/p>\n","protected":false},"author":3,"featured_media":68578,"comment_status":"open","ping_status":"open","sticky":false,"template":"","format":"standard","meta":{"_jetpack_newsletter_access":"","_jetpack_dont_email_post_to_subs":false,"_jetpack_newsletter_tier_id":0,"_jetpack_memberships_contains_paywalled_content":false,"_jetpack_feature_clip_id":0,"_jetpack_memberships_contains_paid_content":false,"footnotes":"","jetpack_publicize_message":"","jetpack_publicize_feature_enabled":true,"jetpack_social_post_already_shared":true,"jetpack_social_options":{"image_generator_settings":{"template":"highway","default_image_id":0,"font":"","enabled":false},"version":2},"jetpack_post_was_ever_published":false},"categories":[75,72],"tags":[],"class_list":["post-69147","post","type-post","status-publish","format-standard","has-post-thumbnail","hentry","category-nacional","category-portada","post--single"],"jetpack_publicize_connections":[],"jetpack_featured_media_url":"https:\/\/ovelanalista.com\/wp-content\/uploads\/2023\/02\/AMLO-1.webp","jetpack_sharing_enabled":true,"_links":{"self":[{"href":"https:\/\/ovelanalista.com\/index.php?rest_route=\/wp\/v2\/posts\/69147","targetHints":{"allow":["GET"]}}],"collection":[{"href":"https:\/\/ovelanalista.com\/index.php?rest_route=\/wp\/v2\/posts"}],"about":[{"href":"https:\/\/ovelanalista.com\/index.php?rest_route=\/wp\/v2\/types\/post"}],"author":[{"embeddable":true,"href":"https:\/\/ovelanalista.com\/index.php?rest_route=\/wp\/v2\/users\/3"}],"replies":[{"embeddable":true,"href":"https:\/\/ovelanalista.com\/index.php?rest_route=%2Fwp%2Fv2%2Fcomments&post=69147"}],"version-history":[{"count":1,"href":"https:\/\/ovelanalista.com\/index.php?rest_route=\/wp\/v2\/posts\/69147\/revisions"}],"predecessor-version":[{"id":69149,"href":"https:\/\/ovelanalista.com\/index.php?rest_route=\/wp\/v2\/posts\/69147\/revisions\/69149"}],"wp:featuredmedia":[{"embeddable":true,"href":"https:\/\/ovelanalista.com\/index.php?rest_route=\/wp\/v2\/media\/68578"}],"wp:attachment":[{"href":"https:\/\/ovelanalista.com\/index.php?rest_route=%2Fwp%2Fv2%2Fmedia&parent=69147"}],"wp:term":[{"taxonomy":"category","embeddable":true,"href":"https:\/\/ovelanalista.com\/index.php?rest_route=%2Fwp%2Fv2%2Fcategories&post=69147"},{"taxonomy":"post_tag","embeddable":true,"href":"https:\/\/ovelanalista.com\/index.php?rest_route=%2Fwp%2Fv2%2Ftags&post=69147"}],"curies":[{"name":"wp","href":"https:\/\/api.w.org\/{rel}","templated":true}]}}