{"id":69148,"date":"2023-02-21T15:00:42","date_gmt":"2023-02-21T22:00:42","guid":{"rendered":"https:\/\/ovelanalista.com\/?p=69148"},"modified":"2023-02-21T12:27:17","modified_gmt":"2023-02-21T19:27:17","slug":"joe-biden-putin-penso-que-los-autocratas-como-el-eran-duros-y-se-encontro-con-estados-unidos","status":"publish","type":"post","link":"https:\/\/ovelanalista.com\/?p=69148","title":{"rendered":"Joe Biden: \u201cPutin pens\u00f3 que los aut\u00f3cratas como \u00e9l eran duros. Y se encontr\u00f3 con Estados Unidos\u201d"},"content":{"rendered":"<h2 class=\"article-subheadline\">El presidente de Estados Unidos habl\u00f3 en Varsovia un d\u00eda despu\u00e9s de visitar Kiev y luego del anuncio del jefe del Kremlin de suspender la participaci\u00f3n de Rusia en el tratado de desarme New Start<\/h2>\n<div class=\"byline-text-wrapper\">\n<p class=\"paragraph\">El presidente de Estados Unidos,\u00a0<b>Joe Biden<\/b>, ofreci\u00f3 este martes un discurso en\u00a0<b>Varsovia\u00a0<\/b>el que defendi\u00f3 el principio de soberan\u00eda y expres\u00f3 su compromiso con Ucrania y con la defensa del flanco este de la OTAN.<\/p>\n<p class=\"paragraph\">\u201cHace un a\u00f1o, el mundo se preparaba para la ca\u00edda de Kiev.\u00a0<b>Acabo de volver de Kiev y puedo reportar que Kiev se mantiene firme. Y sobre todo, se mantiene libre<\/b>\u201d, exclam\u00f3 en el inicio de su discurso, a pocos d\u00edas de que se cumpla el aniversario del inicio de la invasi\u00f3n.<\/p>\n<div class=\"inline ad-wrapper\">\n<div class=\"dfpAd display_inline_block ad_margin_wrapper\"><\/div>\n<\/div>\n<p class=\"paragraph\">\u201cUn a\u00f1o despu\u00e9s,\u00a0<b>respondimos, seguimos unidos, el mundo no mir\u00f3 a otra parte<\/b>\u201d, agreg\u00f3, destacando la cooperaci\u00f3n de EEUU con sus aliados. En ese sentido, asegur\u00f3 que Washington mantendr\u00e1 \u201csin flaquear\u201d el apoyo a Kiev: \u201cNo debe haber ninguna duda: nuestro apoyo a Ucrania nunca flaquear\u00e1, la OTAN no se dividir\u00e1 y no nos cansaremos\u201d de mantener esa postura.<\/p>\n<p class=\"paragraph\">Adem\u00e1s, apunt\u00f3 contra Vladimir Putin, se\u00f1alando que sus objetivos no han sido cumplidos. \u201c<b>Pens\u00f3 que los aut\u00f3cratas como \u00e9l eran duros<\/b>. Y que los l\u00edderes de la democracia eran blandos. Y entonces\u00a0<b>se encontr\u00f3 con la f\u00e9rrea voluntad de Estados Unidos y de las naciones de todo el mundo que se negaban a aceptar un mundo gobernado por el miedo y la fuerza<\/b>\u201d.<\/p>\n<div class=\"visual__image\"><img loading=\"lazy\" decoding=\"async\" class=\"\" src=\"https:\/\/cloudfront-us-east-1.images.arcpublishing.com\/infobae\/DKJZX5LCFIEXY3NPF5E4HFA2SM.jpg\" sizes=\"auto, (min-width: 800px) 50vw, 90vw\" srcset=\"https:\/\/www.infobae.com\/new-resizer\/vADioi-cGuVQn9RWVDPIq_4zgL4=\/992x614\/filters:format(webp):quality(85)\/cloudfront-us-east-1.images.arcpublishing.com\/infobae\/DKJZX5LCFIEXY3NPF5E4HFA2SM.jpg 992w\" alt=\"Joe Biden en el acto en Polonia (Reuters)\" width=\"5500\" height=\"3570\" \/>Joe Biden en el acto en Polonia (Reuters)<\/div>\n<p class=\"paragraph\">\u201cLa democracia del mundo se ha fortalecido, los aut\u00f3cratas se han debilitado\u201d, consider\u00f3. \u201c<b>Ucrania nunca ser\u00e1 una victoria para Rusia, nunca<\/b>\u201d, enfatiz\u00f3, resaltando los terrenos recuperados por las tropas ucranianas, en las que las fuerzas rusas se vieron obligadas a retroceder.<\/p>\n<p class=\"paragraph\">\u201cUn dictador empe\u00f1ado en reconstruir un imperio nunca podr\u00e1 aplacar el amor del pueblo por la libertad, la brutalidad nunca triturar\u00e1 la voluntad de los libres. Ucrania nunca ser\u00e1 una victoria para Rusia, nunca\u201d, a\u00f1adi\u00f3 Biden.<\/p>\n<p class=\"paragraph\">El mandatario tambi\u00e9n remarc\u00f3 que no es la intenci\u00f3n de Washington o la OTAN la destrucci\u00f3n de Rusia, como afirm\u00f3 Putin: \u201cOccidente no est\u00e1 conspirando para atacar a Rusia, como ha dicho hoy [martes] Putin. Millones de ciudadanos rusos que solo quieren vivir en paz con sus vecinos no son el enemigo\u201d. En esa l\u00ednea, dijo que\u00a0<b>\u201csi Ucrania deja de defenderse, ser\u00eda su fin\u201d<\/b>. \u201cEEUU ha armado una coalici\u00f3n mundial de m\u00e1s de 50 pa\u00edses para proveer a los valientes ucranianos\u201d, resalt\u00f3.<\/p>\n<p class=\"paragraph\">Putin acus\u00f3 a los pa\u00edses occidentales de \u201catizar\u201d el conflicto en Ucrania y anunci\u00f3 la suspensi\u00f3n de la participaci\u00f3n del pa\u00eds en el tratado de desarme nuclear Nuevo START, que firm\u00f3 con Estados Unidos.<\/p>\n<p class=\"paragraph\">Por su parte, el presidente de Estados Unidos conden\u00f3 la \u201cbrutalidad\u201d de Mosc\u00fa, que ha cometido \u201ccr\u00edmenes contra la humanidad sin verg\u00fcenza ni escr\u00fapulos\u201d: \u201cHan atacado a civiles con muerte y destrucci\u00f3n, han usado la violaci\u00f3n como arma de guerra\u201d.<\/p>\n<div class=\"visual__image\"><img loading=\"lazy\" decoding=\"async\" class=\"\" src=\"https:\/\/cloudfront-us-east-1.images.arcpublishing.com\/infobae\/NQSEI3LWQ5TYWMGH3XUNI5B3YA.jpg\" sizes=\"auto, (min-width: 800px) 50vw, 90vw\" srcset=\"https:\/\/www.infobae.com\/new-resizer\/MM3TXGih7Q1RzMkFz4EPSeoVikY=\/420x280\/filters:format(webp):quality(85)\/cloudfront-us-east-1.images.arcpublishing.com\/infobae\/NQSEI3LWQ5TYWMGH3XUNI5B3YA.jpg 420w,https:\/\/www.infobae.com\/new-resizer\/pBlmTbcUrW87i4crQhzkvKaAPcM=\/768x512\/filters:format(webp):quality(85)\/cloudfront-us-east-1.images.arcpublishing.com\/infobae\/NQSEI3LWQ5TYWMGH3XUNI5B3YA.jpg 768w,https:\/\/www.infobae.com\/new-resizer\/b3utgQgRG59h_-Fv8hgL307IRzc=\/992x661\/filters:format(webp):quality(85)\/cloudfront-us-east-1.images.arcpublishing.com\/infobae\/NQSEI3LWQ5TYWMGH3XUNI5B3YA.jpg 992w,https:\/\/www.infobae.com\/new-resizer\/9rztQwpfownCQ95R3BM3muSv2YE=\/1200x800\/filters:format(webp):quality(85)\/cloudfront-us-east-1.images.arcpublishing.com\/infobae\/NQSEI3LWQ5TYWMGH3XUNI5B3YA.jpg 1200w,https:\/\/www.infobae.com\/new-resizer\/_0Psb36EGElMH04TEiQpu7cvlR4=\/1440x960\/filters:format(webp):quality(85)\/cloudfront-us-east-1.images.arcpublishing.com\/infobae\/NQSEI3LWQ5TYWMGH3XUNI5B3YA.jpg 1440w\" alt=\"Biden asegur\u00f3 que Ucrania no ser\u00e1 vencida por Rusia (REUTERS\/Evelyn Hockstein)\" width=\"5151\" height=\"3434\" \/>Biden asegur\u00f3 que Ucrania no ser\u00e1 vencida por Rusia (REUTERS\/Evelyn Hockstein)<\/div>\n<p class=\"paragraph\">Biden inici\u00f3 su agenda de este martes en Varsovia solo unas horas despu\u00e9s del discurso sobre el estado de la naci\u00f3n que Putin pronunci\u00f3 ante ambas c\u00e1maras del Parlamento, acus\u00f3 a Occidente de querer acabar \u201cpara siempre\u201d con Rusia, y anunci\u00f3 que\u00a0<a href=\"https:\/\/www.infobae.com\/america\/mundo\/2023\/02\/21\/rusia-suspendio-su-participacion-en-tratado-de-desarme-nuclear-new-start-y-putin-alista-nuevas-pruebas-atomicas\/\" target=\"_blank\" rel=\"noopener\">suspend\u00eda la participaci\u00f3n de Mosc\u00fa en el tratado nuclear New Start<\/a>.<\/p>\n<p class=\"paragraph\">Putin declar\u00f3 que Rusia a\u00fan no se retiraba totalmente del tratado, sino que suspende su participaci\u00f3n, pero invoc\u00f3 a los mandos militares a\u00a0<b>estar preparados para reanudar las pruebas de armas nucleares si Estados Unidos lo hace primero<\/b>.<\/p>\n<p class=\"paragraph\">El jefe del Kremlin ha lanzado repetidas\u00a0<b>amenazas veladas de utilizar armas nucleares en Ucrania<\/b>, reavivando los temores de la \u00e9poca de la Guerra Fr\u00eda. El martes tambi\u00e9n acus\u00f3 a Estados Unidos de \u201cdesarrollar nuevos tipos de armas nucleares\u201d.<\/p>\n<p class=\"paragraph\">En su llegada a Varsovia, en breves declaraciones durante una reuni\u00f3n de las delegaciones polaca y estadounidense,\u00a0<b>Biden expres\u00f3 que la OTAN es \u201cm\u00e1s fuerte que nunca\u201d.<\/b><\/p>\n<p class=\"paragraph\">\u201cPuedo a\u00f1adir con orgullo que nuestro apoyo a Ucrania es inquebrantable\u201d, subray\u00f3 en una reuni\u00f3n de las delegaciones polaca y estadounidense, parcialmente retransmitida por las televisiones locales.<\/p>\n<div class=\"visual__image\"><img loading=\"lazy\" decoding=\"async\" class=\"\" src=\"https:\/\/cloudfront-us-east-1.images.arcpublishing.com\/infobae\/SLJL7BESSARNZGTTKGPFLV6YU4.jpg\" sizes=\"auto, (min-width: 800px) 50vw, 90vw\" srcset=\"https:\/\/www.infobae.com\/new-resizer\/1l0lVKNIx-J7wFwE582uefiYVPY=\/420x280\/filters:format(webp):quality(85)\/cloudfront-us-east-1.images.arcpublishing.com\/infobae\/SLJL7BESSARNZGTTKGPFLV6YU4.jpg 420w,https:\/\/www.infobae.com\/new-resizer\/HXYddfL1rHJEyL-IVriaxr3WnYA=\/768x512\/filters:format(webp):quality(85)\/cloudfront-us-east-1.images.arcpublishing.com\/infobae\/SLJL7BESSARNZGTTKGPFLV6YU4.jpg 768w,https:\/\/www.infobae.com\/new-resizer\/QKsIPMPbRACZQazT7a70tqFEygw=\/992x661\/filters:format(webp):quality(85)\/cloudfront-us-east-1.images.arcpublishing.com\/infobae\/SLJL7BESSARNZGTTKGPFLV6YU4.jpg 992w,https:\/\/www.infobae.com\/new-resizer\/1mGQrpMTtTk-UgBrwKDVRa3SVWc=\/1200x800\/filters:format(webp):quality(85)\/cloudfront-us-east-1.images.arcpublishing.com\/infobae\/SLJL7BESSARNZGTTKGPFLV6YU4.jpg 1200w,https:\/\/www.infobae.com\/new-resizer\/p9hxsKggJVj4PWA9wVS2fno_OnQ=\/1440x960\/filters:format(webp):quality(85)\/cloudfront-us-east-1.images.arcpublishing.com\/infobae\/SLJL7BESSARNZGTTKGPFLV6YU4.jpg 1440w\" alt=\"Joe Biden es recibido por el presidente polaco Andrzej Duda (via Reuters)\" width=\"5161\" height=\"3441\" \/>Joe Biden es recibido por el presidente polaco Andrzej Duda (via Reuters)<\/div>\n<p class=\"paragraph\">El presidente de Estados Unidos consider\u00f3 \u201crealmente extraordinario\u201d el apoyo de Polonia a Ucrania y a los ucranianos. Por su parte, el jefe de Estado polaco,\u00a0<b>Andrzej Duda<\/b>, destac\u00f3 que gracias a Joe Biden \u201cse ve que Estados Unidos es capaz de velar por el orden mundial\u201d.<\/p>\n<p class=\"paragraph\">Polonia comparte una frontera de unos 530 kil\u00f3metros con Ucrania, ha sido uno de los pa\u00edses que m\u00e1s ha presionado a Occidente para que apoye a Kiev y ha acogido a 1,5 millones de refugiados ucranianos desde el inicio de la guerra.<\/p>\n<p class=\"paragraph\">El mandatario estadounidense ya visit\u00f3 Polonia el a\u00f1o pasado, cuando se cumpl\u00eda un mes de la invasi\u00f3n rusa.<\/p>\n<p class=\"paragraph\">El ministro de Exteriores de Rusia,\u00a0<b>Sergei Lavrov<\/b>, acus\u00f3 a Estados Unidos de montar un \u201cespect\u00e1culo\u201d con la reciente visita de Biden a la capital de Ucrania.<\/p>\n<p>&nbsp;<\/p>\n<p class=\"paragraph\"><i>Con informaci\u00f3n de AFP y EFE<\/i><\/p>\n<\/div>\n","protected":false},"excerpt":{"rendered":"<p>El presidente de Estados Unidos habl\u00f3 en Varsovia un d\u00eda despu\u00e9s de visitar Kiev y luego del anuncio del jefe del Kremlin de suspender la participaci\u00f3n de Rusia en el tratado de desarme New Start El presidente de Estados Unidos,\u00a0Joe Biden, ofreci\u00f3 este martes un discurso en\u00a0Varsovia\u00a0el que defendi\u00f3 el principio de soberan\u00eda y expres\u00f3 su compromiso con Ucrania y con la defensa del flanco este de la OTAN. \u201cHace un a\u00f1o, el mundo se preparaba para la ca\u00edda de Kiev.\u00a0Acabo de volver de Kiev y puedo reportar que Kiev se mantiene firme. Y sobre todo, se mantiene libre\u201d, exclam\u00f3 [&hellip;]<\/p>\n","protected":false},"author":3,"featured_media":69150,"comment_status":"open","ping_status":"open","sticky":false,"template":"","format":"standard","meta":{"_jetpack_newsletter_access":"","_jetpack_dont_email_post_to_subs":false,"_jetpack_newsletter_tier_id":0,"_jetpack_memberships_contains_paywalled_content":false,"_jetpack_feature_clip_id":0,"_jetpack_memberships_contains_paid_content":false,"footnotes":"","jetpack_publicize_message":"","jetpack_publicize_feature_enabled":true,"jetpack_social_post_already_shared":true,"jetpack_social_options":{"image_generator_settings":{"template":"highway","default_image_id":0,"font":"","enabled":false},"version":2},"jetpack_post_was_ever_published":false},"categories":[75,72],"tags":[],"class_list":["post-69148","post","type-post","status-publish","format-standard","has-post-thumbnail","hentry","category-nacional","category-portada","post--single"],"jetpack_publicize_connections":[],"jetpack_featured_media_url":"https:\/\/ovelanalista.com\/wp-content\/uploads\/2023\/02\/Captura-de-Pantalla-2023-02-21-a-las-12.25.43.png","jetpack_sharing_enabled":true,"_links":{"self":[{"href":"https:\/\/ovelanalista.com\/index.php?rest_route=\/wp\/v2\/posts\/69148","targetHints":{"allow":["GET"]}}],"collection":[{"href":"https:\/\/ovelanalista.com\/index.php?rest_route=\/wp\/v2\/posts"}],"about":[{"href":"https:\/\/ovelanalista.com\/index.php?rest_route=\/wp\/v2\/types\/post"}],"author":[{"embeddable":true,"href":"https:\/\/ovelanalista.com\/index.php?rest_route=\/wp\/v2\/users\/3"}],"replies":[{"embeddable":true,"href":"https:\/\/ovelanalista.com\/index.php?rest_route=%2Fwp%2Fv2%2Fcomments&post=69148"}],"version-history":[{"count":1,"href":"https:\/\/ovelanalista.com\/index.php?rest_route=\/wp\/v2\/posts\/69148\/revisions"}],"predecessor-version":[{"id":69151,"href":"https:\/\/ovelanalista.com\/index.php?rest_route=\/wp\/v2\/posts\/69148\/revisions\/69151"}],"wp:featuredmedia":[{"embeddable":true,"href":"https:\/\/ovelanalista.com\/index.php?rest_route=\/wp\/v2\/media\/69150"}],"wp:attachment":[{"href":"https:\/\/ovelanalista.com\/index.php?rest_route=%2Fwp%2Fv2%2Fmedia&parent=69148"}],"wp:term":[{"taxonomy":"category","embeddable":true,"href":"https:\/\/ovelanalista.com\/index.php?rest_route=%2Fwp%2Fv2%2Fcategories&post=69148"},{"taxonomy":"post_tag","embeddable":true,"href":"https:\/\/ovelanalista.com\/index.php?rest_route=%2Fwp%2Fv2%2Ftags&post=69148"}],"curies":[{"name":"wp","href":"https:\/\/api.w.org\/{rel}","templated":true}]}}