{"id":7253,"date":"2021-10-30T10:15:21","date_gmt":"2021-10-30T16:15:21","guid":{"rendered":"https:\/\/ovelanalista.com\/?p=7253"},"modified":"2021-10-30T10:15:21","modified_gmt":"2021-10-30T16:15:21","slug":"llegan-62-mil-770-vacunas-a-sinaloa","status":"publish","type":"post","link":"https:\/\/ovelanalista.com\/?p=7253","title":{"rendered":"Llegan 62 mil 770 vacunas a Sinaloa"},"content":{"rendered":"<p>De las farmac\u00e9uticas Pfizer y AstraZeneca fueron enviadas para completar esquemas de ni\u00f1os de 12 a 17 a\u00f1os con alguna enfermedad cr\u00f3nicas as\u00ed como para mayores de 18 a\u00f1os rezagados.<\/p>\n<p><img loading=\"lazy\" decoding=\"async\" class=\"wp-image-7258 aligncenter\" src=\"https:\/\/ovelanalista.com\/wp-content\/uploads\/2021\/10\/vacunas-covid-300x200.jpeg\" alt=\"\" width=\"641\" height=\"427\" srcset=\"https:\/\/ovelanalista.com\/wp-content\/uploads\/2021\/10\/vacunas-covid-300x200.jpeg 300w, https:\/\/ovelanalista.com\/wp-content\/uploads\/2021\/10\/vacunas-covid-1024x683.jpeg 1024w, https:\/\/ovelanalista.com\/wp-content\/uploads\/2021\/10\/vacunas-covid-768x512.jpeg 768w, https:\/\/ovelanalista.com\/wp-content\/uploads\/2021\/10\/vacunas-covid-1536x1024.jpeg 1536w, https:\/\/ovelanalista.com\/wp-content\/uploads\/2021\/10\/vacunas-covid-400x267.jpeg 400w, https:\/\/ovelanalista.com\/wp-content\/uploads\/2021\/10\/vacunas-covid-750x500.jpeg 750w, https:\/\/ovelanalista.com\/wp-content\/uploads\/2021\/10\/vacunas-covid-1140x760.jpeg 1140w, https:\/\/ovelanalista.com\/wp-content\/uploads\/2021\/10\/vacunas-covid.jpeg 1599w\" sizes=\"auto, (max-width: 641px) 100vw, 641px\" \/><\/p>\n<p>La noche de este viernes el Comando Estatal de Vacunaci\u00f3n recibi\u00f3 62 mil 770 vacunas contra Covid 19 que permitir\u00e1 continuar con la lucha contra la enfermedad.<\/p>\n<p>El Dr. Efr\u00e9n Encinas Torres, Secretario de Salud y vocero del comando explic\u00f3 que 49 mil 900 dosis son de la farmac\u00e9utica AstraZeneca mientras que 12 mil 870 son de Pfizer, mismas que ser\u00e1n destinadas para mayores de 18 a\u00f1os y menores de 12 a 17 con comorbilidades respectivamente.<\/p>\n<p><img loading=\"lazy\" decoding=\"async\" class=\"wp-image-7255 aligncenter\" src=\"https:\/\/ovelanalista.com\/wp-content\/uploads\/2021\/10\/lote-de-vacunas-300x200.jpeg\" alt=\"\" width=\"648\" height=\"432\" srcset=\"https:\/\/ovelanalista.com\/wp-content\/uploads\/2021\/10\/lote-de-vacunas-300x200.jpeg 300w, https:\/\/ovelanalista.com\/wp-content\/uploads\/2021\/10\/lote-de-vacunas-1024x683.jpeg 1024w, https:\/\/ovelanalista.com\/wp-content\/uploads\/2021\/10\/lote-de-vacunas-768x512.jpeg 768w, https:\/\/ovelanalista.com\/wp-content\/uploads\/2021\/10\/lote-de-vacunas-1536x1024.jpeg 1536w, https:\/\/ovelanalista.com\/wp-content\/uploads\/2021\/10\/lote-de-vacunas-400x267.jpeg 400w, https:\/\/ovelanalista.com\/wp-content\/uploads\/2021\/10\/lote-de-vacunas-750x500.jpeg 750w, https:\/\/ovelanalista.com\/wp-content\/uploads\/2021\/10\/lote-de-vacunas-1140x760.jpeg 1140w, https:\/\/ovelanalista.com\/wp-content\/uploads\/2021\/10\/lote-de-vacunas.jpeg 1599w\" sizes=\"auto, (max-width: 648px) 100vw, 648px\" \/><br \/>\nEl galeno explic\u00f3 que este ser\u00eda el \u00faltimo embarque de vacuna anti Covid-19 que \u00e9l informa, sin embargo es un hecho que el programa seguir\u00e1 en Sinaloa, buscando siempre el bienestar de la salud de todos los ciudadanos.<\/p>\n<p>Agradeci\u00f3 el apoyo de todos los integrantes del Comando Estatal de Vacunaci\u00f3n quienes como un engrane lograron trabajar en conjunto para enfrentar esta pandemia y presentar grandes avances siempre en busca del beneficio com\u00fan.<\/p>\n<p>La vacuna fue recibida por la titular de la Brigada Correcaminos, Dra. Tania Medina L\u00f3pez, el Secretario General de la UAS, Dr. Gerardo Alapizco Castro, el enlace de la Delegaci\u00f3n de Bienestar en Sinaloa, Omar Montes, as\u00ed como el General de Grupo Piloto Aviador Diplomado de Estado Mayor A\u00e9reo Enrique Gaona Mendoza, Comandante de la B. A. M. No. 10.<\/p>\n<p>&nbsp;<\/p>\n<p><iframe loading=\"lazy\" title=\"Llegan 62 mil 770 vacunas a Sinaloa\" width=\"1200\" height=\"675\" src=\"https:\/\/www.youtube.com\/embed\/pPkIO-3SJzU?feature=oembed\" frameborder=\"0\" allow=\"accelerometer; autoplay; clipboard-write; encrypted-media; gyroscope; picture-in-picture\" allowfullscreen><\/iframe><\/p>\n","protected":false},"excerpt":{"rendered":"<p>De las farmac\u00e9uticas Pfizer y AstraZeneca fueron enviadas para completar esquemas de ni\u00f1os de 12 a 17 a\u00f1os con alguna enfermedad cr\u00f3nicas as\u00ed como para mayores de 18 a\u00f1os rezagados. La noche de este viernes el Comando Estatal de Vacunaci\u00f3n recibi\u00f3 62 mil 770 vacunas contra Covid 19 que permitir\u00e1 continuar con la lucha contra la enfermedad. El Dr. Efr\u00e9n Encinas Torres, Secretario de Salud y vocero del comando explic\u00f3 que 49 mil 900 dosis son de la farmac\u00e9utica AstraZeneca mientras que 12 mil 870 son de Pfizer, mismas que ser\u00e1n destinadas para mayores de 18 a\u00f1os y menores de [&hellip;]<\/p>\n","protected":false},"author":3,"featured_media":7254,"comment_status":"open","ping_status":"open","sticky":false,"template":"","format":"standard","meta":{"_jetpack_newsletter_access":"","_jetpack_dont_email_post_to_subs":false,"_jetpack_newsletter_tier_id":0,"_jetpack_memberships_contains_paywalled_content":false,"_jetpack_feature_clip_id":0,"_jetpack_memberships_contains_paid_content":false,"footnotes":"","jetpack_publicize_message":"","jetpack_publicize_feature_enabled":true,"jetpack_social_post_already_shared":true,"jetpack_social_options":{"image_generator_settings":{"template":"highway","default_image_id":0,"font":"","enabled":false},"version":2},"jetpack_post_was_ever_published":false},"categories":[90,72],"tags":[],"class_list":["post-7253","post","type-post","status-publish","format-standard","has-post-thumbnail","hentry","category-estatal","category-portada","post--single"],"jetpack_publicize_connections":[],"jetpack_featured_media_url":"https:\/\/ovelanalista.com\/wp-content\/uploads\/2021\/10\/avion-vacunas-covid.jpeg","jetpack_sharing_enabled":true,"_links":{"self":[{"href":"https:\/\/ovelanalista.com\/index.php?rest_route=\/wp\/v2\/posts\/7253","targetHints":{"allow":["GET"]}}],"collection":[{"href":"https:\/\/ovelanalista.com\/index.php?rest_route=\/wp\/v2\/posts"}],"about":[{"href":"https:\/\/ovelanalista.com\/index.php?rest_route=\/wp\/v2\/types\/post"}],"author":[{"embeddable":true,"href":"https:\/\/ovelanalista.com\/index.php?rest_route=\/wp\/v2\/users\/3"}],"replies":[{"embeddable":true,"href":"https:\/\/ovelanalista.com\/index.php?rest_route=%2Fwp%2Fv2%2Fcomments&post=7253"}],"version-history":[{"count":1,"href":"https:\/\/ovelanalista.com\/index.php?rest_route=\/wp\/v2\/posts\/7253\/revisions"}],"predecessor-version":[{"id":7259,"href":"https:\/\/ovelanalista.com\/index.php?rest_route=\/wp\/v2\/posts\/7253\/revisions\/7259"}],"wp:featuredmedia":[{"embeddable":true,"href":"https:\/\/ovelanalista.com\/index.php?rest_route=\/wp\/v2\/media\/7254"}],"wp:attachment":[{"href":"https:\/\/ovelanalista.com\/index.php?rest_route=%2Fwp%2Fv2%2Fmedia&parent=7253"}],"wp:term":[{"taxonomy":"category","embeddable":true,"href":"https:\/\/ovelanalista.com\/index.php?rest_route=%2Fwp%2Fv2%2Fcategories&post=7253"},{"taxonomy":"post_tag","embeddable":true,"href":"https:\/\/ovelanalista.com\/index.php?rest_route=%2Fwp%2Fv2%2Ftags&post=7253"}],"curies":[{"name":"wp","href":"https:\/\/api.w.org\/{rel}","templated":true}]}}